{"id":1067,"date":"2020-01-27T19:50:13","date_gmt":"2020-01-27T19:50:13","guid":{"rendered":"http:\/\/www.movimientocaamanista.com\/?p=1067"},"modified":"2020-01-27T19:50:14","modified_gmt":"2020-01-27T19:50:14","slug":"asamblea-conmemorativa-3-anos-marcha-verde","status":"publish","type":"post","link":"http:\/\/www.movimientocaamanista.com\/?p=1067","title":{"rendered":"Asamblea Conmemorativa 3 a\u00f1os Marcha Verde"},"content":{"rendered":"\n<p>Marcha Verde<\/p>\n\n\n\n<p>Solo el pueblo en la calle pondr\u00e1 fin a la impunidad <\/p>\n\n\n\n<p>Marcha Verde presento en la Asamblea Conmemorativa en ocasi\u00f3n del 3er. A\u00f1o de lucha contra la corrupci\u00f3n y la impunidad el documento Archivo  Abierto con los casos m\u00e1s relevantes de corrupci\u00f3n vinculados a figuras pol\u00edticas y candidatos en las pr\u00f3ximas elecciones, el cual ser\u00e1 depositado la pr\u00f3xima semana en la Junta Central Electoral exigi\u00e9ndole qu\u00e9 proceda como manda la ley. <\/p>\n\n\n\n<p>Este Archivo Abierto Marcha Verde lo pone a disposici\u00f3n del pueblo a trav\u00e9s de la p\u00e1gina web de Marcha Verde y en sus redes sociales.<\/p>\n\n\n\n<p>Expresan que nada ni nadie los har\u00e1 callar. Que defender\u00e1n la libertad de expresi\u00f3n que est\u00e1n violando las autoridades del Ministerio P\u00fablico<br> y el gobierno al acosar a comunicadores como Marino Zapete. <\/p>\n\n\n\n<p>Marcha Verde denuncia y rechaza que los s\u00edmbolos de las luchas m\u00e1s emblem\u00e1ticas contra la tiran\u00eda, por la libertad, la justicia, hayan sido tomados por partidos pol\u00edticos y candidatos corruptos que no tienen autoridad para hablar de democracia, libertad. Ni a utilizar al Patricio Juan Pablo Duarte.<\/p>\n\n\n\n<p>Marcha Verde expres\u00f2 que las instituciones establecidas para el Control y Fiscalizaci\u00f3n de fondos p\u00fablicos: el Congreso Nacional, la Presidencia de la Rep\u00fablica, la C\u00e1mara de Cuentas, la Contralor\u00eda General de la Rep\u00fablica y<br> el Ministerio P\u00fablico, est\u00e1n secuestradas por los funcionarios corruptos y no adoptan las acciones y medidas que les obligan la Constituci\u00f3n y las leyes para garantizar el uso adecuado y transparente de los fondos p\u00fablicos. <\/p>\n\n\n\n<p>Marcha Verde reclama que los miles de millones de pesos que se han robado los funcionarios p\u00fablicos, legisladores y alcaldes corruptos para<br> enriquecerse, viajar, tener joyas, villas, yates\u2026 \u00a0darse una vida de lujo a costa del dinero p\u00fablico sean recuperados e invertidos en servicios de calidad para la gente.<\/p>\n\n\n\n<p>Marcha Verde como movimiento sociopol\u00edtico no partidario, reafirma su decisi\u00f3n de trascender la actual coyuntura pol\u00edtica y continuar en el presente proceso electoral denunciando las pr\u00e1cticas corruptas de candidatos\/as sin importar el partido a  que pertenezcan, para que la ciudadan\u00eda adopte las decisiones pol\u00edtico-electorales  que considere. <\/p>\n\n\n\n<p>Al conmemorar tres a\u00f1os de la m\u00e1s importante movilizaci\u00f3n c\u00edvico-ciudadana de las  \u00faltimas d\u00e9cadas en la Rep\u00fablica Dominicana, Marcha Verde reafirm\u00f2 su lucha contra  la corrupci\u00f3n y por el fin de la impunidad, que protege delitos como la destrucci\u00f3n  del medio ambiente y los feminicidios, entre otros. <\/p>\n\n\n\n<p>Santo Domingo, D.N.<br> 26 de enero, 2020<\/p>\n","protected":false},"excerpt":{"rendered":"<p>Marcha Verde Solo el pueblo en la calle pondr\u00e1 fin a la impunidad Marcha Verde presento en la Asamblea Conmemorativa en ocasi\u00f3n del 3er. A\u00f1o de lucha contra la corrupci\u00f3n y la impunidad el documento Archivo Abierto con los casos m\u00e1s relevantes de corrupci\u00f3n vinculados a figuras pol\u00edticas y candidatos en las pr\u00f3ximas elecciones, el [&hellip;]<\/p>\n","protected":false},"author":1,"featured_media":1068,"comment_status":"open","ping_status":"open","sticky":false,"template":"","format":"standard","meta":{"footnotes":""},"categories":[5,2],"tags":[],"_links":{"self":[{"href":"http:\/\/www.movimientocaamanista.com\/index.php?rest_route=\/wp\/v2\/posts\/1067"}],"collection":[{"href":"http:\/\/www.movimientocaamanista.com\/index.php?rest_route=\/wp\/v2\/posts"}],"about":[{"href":"http:\/\/www.movimientocaamanista.com\/index.php?rest_route=\/wp\/v2\/types\/post"}],"author":[{"embeddable":true,"href":"http:\/\/www.movimientocaamanista.com\/index.php?rest_route=\/wp\/v2\/users\/1"}],"replies":[{"embeddable":true,"href":"http:\/\/www.movimientocaamanista.com\/index.php?rest_route=%2Fwp%2Fv2%2Fcomments&post=1067"}],"version-history":[{"count":1,"href":"http:\/\/www.movimientocaamanista.com\/index.php?rest_route=\/wp\/v2\/posts\/1067\/revisions"}],"predecessor-version":[{"id":1069,"href":"http:\/\/www.movimientocaamanista.com\/index.php?rest_route=\/wp\/v2\/posts\/1067\/revisions\/1069"}],"wp:featuredmedia":[{"embeddable":true,"href":"http:\/\/www.movimientocaamanista.com\/index.php?rest_route=\/wp\/v2\/media\/1068"}],"wp:attachment":[{"href":"http:\/\/www.movimientocaamanista.com\/index.php?rest_route=%2Fwp%2Fv2%2Fmedia&parent=1067"}],"wp:term":[{"taxonomy":"category","embeddable":true,"href":"http:\/\/www.movimientocaamanista.com\/index.php?rest_route=%2Fwp%2Fv2%2Fcategories&post=1067"},{"taxonomy":"post_tag","embeddable":true,"href":"http:\/\/www.movimientocaamanista.com\/index.php?rest_route=%2Fwp%2Fv2%2Ftags&post=1067"}],"curies":[{"name":"wp","href":"https:\/\/api.w.org\/{rel}","templated":true}]}}