{"id":1076,"date":"2020-01-27T20:22:10","date_gmt":"2020-01-27T20:22:10","guid":{"rendered":"http:\/\/www.movimientocaamanista.com\/?p=1076"},"modified":"2020-02-19T03:01:00","modified_gmt":"2020-02-19T03:01:00","slug":"proclama-marcha-verde","status":"publish","type":"post","link":"http:\/\/www.movimientocaamanista.com\/?p=1076","title":{"rendered":"Proclama Marcha Verde"},"content":{"rendered":"\n<p>Asamblea Conmemorativa 3 a\u00f1os Marcha Verde<\/p>\n\n\n\n<p>Solo el pueblo en la calle pondr\u00e1 fin a la impunidad<\/p>\n\n\n\n<p>El 22 de enero conmemoramos 3 a\u00f1os de un pueblo en la calle, movilizado contra la corrupci\u00f3n y Por el fin de la impunidad. <\/p>\n\n\n\n<p>Mujeres y hombres de cada rinc\u00f3n del pa\u00eds y de la Di\u00e1spora hemos asumido responsablemente el mandato c\u00edvico, ciudadano de exigir que los recursos p\u00fablicos se administren con pulcritud, con honestidad. Que se inviertan<br> en pol\u00edticas p\u00fablicas para garantizar servicios de calidad a la poblaci\u00f3n. <\/p>\n\n\n\n<p>Nada ni nadie nos har\u00e1 callar, defendemos la libertad de expresi\u00f3n que se est\u00e1 violando. No nos impedir\u00e1n denunciar a los corruptos y exigir que sean sometidos a la justicia, que todo el que haya robado dinero p\u00fablico vaya<br> a la c\u00e1rcel. <\/p>\n\n\n\n<p>No nos cansaremos de reclamar que se recuperen los dineros robados.\u00a0 Miles de millones de los impuestos que pagamos han sido utilizados por funcionarios p\u00fablicos para enriquecerse, viajar, tener joyas, villas, yates\u2026 \u00a0darse una vida de lujo a costa del dinero del pueblo; mientras que a millones de dominicanos y dominicanas se les niega el derecho a recibir educaci\u00f3n de calidad, hospitales donde reciban salud, viviendas dignas, trabajo y salarios justos, alimentos sanos\u2026 los corruptos nos han robado nuestro dinero. <\/p>\n\n\n\n<p>Denunciamos que los s\u00edmbolos de las luchas m\u00e1s emblem\u00e1ticas contra la tiran\u00eda, por la libertad, la justicia, han sido tomados por partidos pol\u00edticos<br> y candidatos corruptos. Los corruptos no tienen autoridad para hablar de Duarte. Juan Pablo Duarte es un ejemplo de honestidad; de servidor p\u00fablico que rindi\u00f3 cuentas hasta del \u00faltimo centavo que le entregaron.\u00a0 Pol\u00edticos corruptos: No mancillen el honor de nuestros pr\u00f3ceres.<\/p>\n\n\n\n<p>Las instituciones establecidas para el Control y Fiscalizaci\u00f3n de fondos p\u00fablicos: el Congreso Nacional, la Presidencia de la Rep\u00fablica, la C\u00e1mara<br> de Cuentas, la Contralor\u00eda General de la Rep\u00fablica y el Ministerio P\u00fablico, est\u00e1n secuestradas por los funcionarios corruptos y no adoptan las acciones y medidas que les obligan la Constituci\u00f3n y las leyes para garantizar el uso adecuado y transparente de los fondos p\u00fablicos. <\/p>\n\n\n\n<p>Hoy hemos puesto en circulaci\u00f3n un archivo abierto con los casos m\u00e1s relevantes que vinculan candidaturas y a destacadas figuras pol\u00edticas<br> e informamos que este archivo ser\u00e1 depositado en la Junta Central Electoral para qu\u00e9 proceda como manda la ley y quedar\u00e0 a disposici\u00f3n del pueblo a trav\u00e9s de la p\u00e1gina web y las redes sociales.<\/p>\n\n\n\n<p>Proclamamos que, como movimiento sociopol\u00edtico no partidario, con vocaci\u00f3n de trascender la actual coyuntura pol\u00edtica vamos a continuar en el presente proceso electoral denunciando las pr\u00e1cticas corruptas de candidatos\/as sin importar el partido a que pertenezcan, para que la ciudadan\u00eda disponga de informaciones que le permitan adoptar las decisiones que considere. <\/p>\n\n\n\n<p>Proclamamos que los corruptos no nos robar\u00e1n nuestra dignidad. No nos robaran la esperanza ni las energ\u00edas para luchar, para transformar esta realidad y exigir que haya una justicia independiente que someta a los ladrones a la c\u00e1rcel.<\/p>\n\n\n\n<p>Al conmemorar tres a\u00f1os de la m\u00e1s importante movilizaci\u00f3n c\u00edvico-ciudadana de las \u00faltimas d\u00e9cadas en la Rep\u00fablica Dominicana, reafirmamos nuestras demandas contra la corrupci\u00f3n y por el fin de la impunidad, que protege delitos como la destrucci\u00f3n del medio ambiente y los feminicidios, entre otros.<\/p>\n\n\n\n<p>Proclamamos que es el pueblo unido, movilizado, luchando con firmeza el que pondr\u00e1 fin a la impunidad.<\/p>\n\n\n\n<p>\u00a1El pueblo en la calle contra la impunidad! \u00a1Hoy y siempre Marcha Verde!<\/p>\n\n\n\n<p>Santo Domingo, D.N.<br> 26 de enero, 2020<\/p>\n","protected":false},"excerpt":{"rendered":"<p>Asamblea Conmemorativa 3 a\u00f1os Marcha Verde Solo el pueblo en la calle pondr\u00e1 fin a la impunidad El 22 de enero conmemoramos 3 a\u00f1os de un pueblo en la calle, movilizado contra la corrupci\u00f3n y Por el fin de la impunidad. Mujeres y hombres de cada rinc\u00f3n del pa\u00eds y de la Di\u00e1spora hemos asumido [&hellip;]<\/p>\n","protected":false},"author":1,"featured_media":1068,"comment_status":"open","ping_status":"open","sticky":false,"template":"","format":"standard","meta":{"footnotes":""},"categories":[5,2],"tags":[],"_links":{"self":[{"href":"http:\/\/www.movimientocaamanista.com\/index.php?rest_route=\/wp\/v2\/posts\/1076"}],"collection":[{"href":"http:\/\/www.movimientocaamanista.com\/index.php?rest_route=\/wp\/v2\/posts"}],"about":[{"href":"http:\/\/www.movimientocaamanista.com\/index.php?rest_route=\/wp\/v2\/types\/post"}],"author":[{"embeddable":true,"href":"http:\/\/www.movimientocaamanista.com\/index.php?rest_route=\/wp\/v2\/users\/1"}],"replies":[{"embeddable":true,"href":"http:\/\/www.movimientocaamanista.com\/index.php?rest_route=%2Fwp%2Fv2%2Fcomments&post=1076"}],"version-history":[{"count":1,"href":"http:\/\/www.movimientocaamanista.com\/index.php?rest_route=\/wp\/v2\/posts\/1076\/revisions"}],"predecessor-version":[{"id":1077,"href":"http:\/\/www.movimientocaamanista.com\/index.php?rest_route=\/wp\/v2\/posts\/1076\/revisions\/1077"}],"wp:featuredmedia":[{"embeddable":true,"href":"http:\/\/www.movimientocaamanista.com\/index.php?rest_route=\/wp\/v2\/media\/1068"}],"wp:attachment":[{"href":"http:\/\/www.movimientocaamanista.com\/index.php?rest_route=%2Fwp%2Fv2%2Fmedia&parent=1076"}],"wp:term":[{"taxonomy":"category","embeddable":true,"href":"http:\/\/www.movimientocaamanista.com\/index.php?rest_route=%2Fwp%2Fv2%2Fcategories&post=1076"},{"taxonomy":"post_tag","embeddable":true,"href":"http:\/\/www.movimientocaamanista.com\/index.php?rest_route=%2Fwp%2Fv2%2Ftags&post=1076"}],"curies":[{"name":"wp","href":"https:\/\/api.w.org\/{rel}","templated":true}]}}