{"id":1096,"date":"2020-02-01T23:42:23","date_gmt":"2020-02-01T23:42:23","guid":{"rendered":"http:\/\/www.movimientocaamanista.com\/?p=1096"},"modified":"2020-02-01T23:42:23","modified_gmt":"2020-02-01T23:42:23","slug":"faride-y-los-negocios-de-l-pastor","status":"publish","type":"post","link":"http:\/\/www.movimientocaamanista.com\/?p=1096","title":{"rendered":"FARIDE Y LOS NEGOCIOS DE L PASTOR"},"content":{"rendered":"\n<p>Narciso Isa Conde<\/p>\n\n\n\n<p>El Pastor se hizo due\u00f1o de una Iglesia, luego de militar con \u201cfervor\u201d en la \u201cAsamblea de Dios\u201d una de las sectas evang\u00e9licas tradicionales m\u00e1s fundamentalistas y reaccionar\u00edas dentro del mundo de los dogmas y los negocios supuestamente cristianos; un mundo totalmente ajeno al Jes\u00fas que ech\u00f3 violentamente a los fariseos del templo.<\/p>\n\n\n\n<p>Ezequiel Molina es due\u00f1o del \u201cCentro de Restauraci\u00f3n Mahanaim\u201d, con herencia de propiedad y pastoreo pre-determinada en uno de sus hijos. Los diezmos de sus fanatizados feligreses van directamente a sus bolsillos que hacen las veces de cuentas personales para gastos corrientes e inversiones de capital.<\/p>\n\n\n\n<p>La iglesia de Ezequiel Molina pari\u00f3 una ONG de su propiedad, generosamente financiada por el Estado y enriquecida con numerosos negocios derivados de la comunicaci\u00f3n radial. Esa fundaci\u00f3n lleva el nombre de \u201cAsociaci\u00f3n Radial y Misionera Batalla de la Fe\u201d.<\/p>\n\n\n\n<p>La ONG le ha generado una poderosa red de emisoras y repetidoras denominada \u201cVoz Evang\u00e9lica\u201d.<\/p>\n\n\n\n<p>Ezequiel tiene \u201cmagn\u00edficos amigos\u201d, y es posible que hasta socios, en el Palacio Nacional, contando siempre con la correspondiente benevolencia cristiana de INDOTEL para crecer y expandirse, incluida tambi\u00e9n publicidad gubernamental abundante para acumular capital.<\/p>\n\n\n\n<p>El pastor Molina ha tenido fuertes conexiones pol\u00edtico-comerciales con la partidocracia de diversos colores y la c\u00fapula empresarial y, recientemente, para \u201cno meterse en rojo\u201d con las facciones que controlan el Estado, y as\u00ed multiplicar el flujo de los acariciados y jugosos \u201cfavores\u201d oficiales, se declar\u00f3 a favor de la reelecci\u00f3n de del Presidente Medina.<\/p>\n\n\n\n<p>El tipo y su heredero se las traen como miembros destacados de la ya abundante \u201cclase pastoril\u201d que practica el pastoreo como negocio, en esta sociedad donde el capitalismo gansterizado convierte la alienaci\u00f3n en productora de mercanc\u00edas, las iglesias en empresas y la pr\u00e9dica religiosa en negocio, emulando con la degradaci\u00f3n comercial de la pol\u00edtica.<\/p>\n\n\n\n<p>\u00b7 FARIDE: BLANCO DE ATAQUE DEL NEGOCIO.<\/p>\n\n\n\n<p>Estos melandros, haciendo un uso h\u00edper-perverso de la fe religiosa, son los que han llamado a NO VOTAR por Faride Raful, la diputada que se atrevi\u00f3 a oponerse a lectura de la Biblia en las escuelas en defensa del Estado Laico, que no asume la satanizaci\u00f3n del aborto terap\u00e9utico cuando peligra la vida de la madre o en casos de violaci\u00f3n e incestos, y que adem\u00e1s se ha mostrado a favor de la libertad de opci\u00f3n sexual.<\/p>\n\n\n\n<p>Es conocido que yo y la organizaci\u00f3n y coaliciones de izquierda en que particip\u00f3, rechazamos este proceso electoral y las opciones partidistas que lo controlan y usan para reproducir y prolongar este sistema de corrupci\u00f3n, impunidad, dependencia de EEUU, abuso de poder, explotaci\u00f3n y sobre-explotaci\u00f3n: PRM-Abinader, PLD- Gonzalo, FP-Leonel y sus p\u00e9rfidas y aberrantes coaliciones o alianzas.<\/p>\n\n\n\n<p>No voy a votar por ning\u00fan partido ni por ning\u00fan candidato, obedeciendo a principios y consideraciones pol\u00edticas de fondo que trascienden lo estrictamente personal o circunstancial. Milito con raz\u00f3n y pasi\u00f3n en el CAMBIO RADICAL PRO-CONSTITUYENTE, en el desmonte de esta institucionalidad, este sistema y este r\u00e9gimen de partido que conforman un verdadero pantano putrefacto.<\/p>\n\n\n\n<p>Coincido con y respecto las posiciones de Faride que mueven el odio enfermizo de los Ezequiel y tambi\u00e9n otras posturas de ella relacionadas con la lucha contra la corrupci\u00f3n; no as\u00ed su opci\u00f3n por PRM y aliados de ocasi\u00f3n (FP, PRSC, PQDC, BI, PUN,FP\u2026) hist\u00f3rica y actualmente comprometidos con la pol\u00edtica como negocio y el sistema imperante como basurero.<\/p>\n\n\n\n<p>Reconozco su talento y honestidad personal, aunque para m\u00ed eso no basta para llamar a votar por ella dentro de la opci\u00f3n PRM y su comparsa, inseparable de su candidatura. Frecuentemente los sistemas decadentes (por degradados e ilegitimados) no pueden prescindir de ciertos adornos.<\/p>\n\n\n\n<p>Adem\u00e1s, esas plataformas conservadoras y corrompidas del partidismo tradicional tipo PRM y aliados, atrapan y condicionan hasta a sus raros valores positivos-individuales;y eso para m\u00ed explica que Faride no haya dicho nada de la entusiasta recepci\u00f3n por Abinader del respaldo que le brindara Leonardo Mato Berridos y todo lo que eso representa, ni de su apoyo en la<\/p>\n\n\n\n<p>Basilica de Higuey al pronunciamiento de la alta jerarqu\u00eda de la Iglesia Cat\u00f3lica sobre el aborto y los candidatos, ni haya hablado de la intervenci\u00f3n descarada de la USAID Y EEUU en la JCE y en todo el proceso electoral.<\/p>\n","protected":false},"excerpt":{"rendered":"<p>Narciso Isa Conde El Pastor se hizo due\u00f1o de una Iglesia, luego de militar con \u201cfervor\u201d en la \u201cAsamblea de Dios\u201d una de las sectas evang\u00e9licas tradicionales m\u00e1s fundamentalistas y reaccionar\u00edas dentro del mundo de los dogmas y los negocios supuestamente cristianos; un mundo totalmente ajeno al Jes\u00fas que ech\u00f3 violentamente a los fariseos del [&hellip;]<\/p>\n","protected":false},"author":1,"featured_media":1097,"comment_status":"open","ping_status":"open","sticky":false,"template":"","format":"standard","meta":{"footnotes":""},"categories":[5,2],"tags":[],"_links":{"self":[{"href":"http:\/\/www.movimientocaamanista.com\/index.php?rest_route=\/wp\/v2\/posts\/1096"}],"collection":[{"href":"http:\/\/www.movimientocaamanista.com\/index.php?rest_route=\/wp\/v2\/posts"}],"about":[{"href":"http:\/\/www.movimientocaamanista.com\/index.php?rest_route=\/wp\/v2\/types\/post"}],"author":[{"embeddable":true,"href":"http:\/\/www.movimientocaamanista.com\/index.php?rest_route=\/wp\/v2\/users\/1"}],"replies":[{"embeddable":true,"href":"http:\/\/www.movimientocaamanista.com\/index.php?rest_route=%2Fwp%2Fv2%2Fcomments&post=1096"}],"version-history":[{"count":1,"href":"http:\/\/www.movimientocaamanista.com\/index.php?rest_route=\/wp\/v2\/posts\/1096\/revisions"}],"predecessor-version":[{"id":1098,"href":"http:\/\/www.movimientocaamanista.com\/index.php?rest_route=\/wp\/v2\/posts\/1096\/revisions\/1098"}],"wp:featuredmedia":[{"embeddable":true,"href":"http:\/\/www.movimientocaamanista.com\/index.php?rest_route=\/wp\/v2\/media\/1097"}],"wp:attachment":[{"href":"http:\/\/www.movimientocaamanista.com\/index.php?rest_route=%2Fwp%2Fv2%2Fmedia&parent=1096"}],"wp:term":[{"taxonomy":"category","embeddable":true,"href":"http:\/\/www.movimientocaamanista.com\/index.php?rest_route=%2Fwp%2Fv2%2Fcategories&post=1096"},{"taxonomy":"post_tag","embeddable":true,"href":"http:\/\/www.movimientocaamanista.com\/index.php?rest_route=%2Fwp%2Fv2%2Ftags&post=1096"}],"curies":[{"name":"wp","href":"https:\/\/api.w.org\/{rel}","templated":true}]}}