{"id":1106,"date":"2020-02-07T00:55:22","date_gmt":"2020-02-07T00:55:22","guid":{"rendered":"http:\/\/www.movimientocaamanista.com\/?p=1106"},"modified":"2020-02-07T00:55:23","modified_gmt":"2020-02-07T00:55:23","slug":"capitalismo-crisis-ambiental-y-alternativa","status":"publish","type":"post","link":"http:\/\/www.movimientocaamanista.com\/?p=1106","title":{"rendered":"CAPITALISMO, CRISIS AMBIENTAL Y ALTERNATIVA"},"content":{"rendered":"\n<p>Narciso Isa Conde<\/p>\n\n\n\n<p>El Planeta Tierra se ha tornado cada vez m\u00e1s \u00e1rido, caliente, envenenado, contaminado\u2026 Con menos bosques, menos vegetaci\u00f3n, menos manglares, menos fuentes de agua (lluvias, r\u00edos, lagos, manantiales\u2026). Menos habitable.<\/p>\n\n\n\n<p>M\u00e1s agredido y depredado.<\/p>\n\n\n\n<p>M\u00e1s vulnerable.<\/p>\n\n\n\n<p>Con m\u00e1s poblaci\u00f3n empobrecida, con mayores riegos catastr\u00f3fico.<\/p>\n\n\n\n<p>El Planeta Tierra y la Humanidad que lo habita padecen una crisis ambiental con tendencia a una crisis de existencia.<\/p>\n\n\n\n<p>Esa realidad pesa con mayor fuerza sobre los territorios hist\u00f3ricamente sometidos al coloniaje imperial.<\/p>\n\n\n\n<p>Tal crisis compromete el presente y futuro de la presente civilizaci\u00f3n y conspira contra su existencia. Y tiene una carga mortal superior a otras, en tanto no solo atenta contra la vida de las generaciones presentes sino adem\u00e1s de los seres humanos por nacer.<\/p>\n\n\n\n<p>\u00b7 EVOLUCI\u00d3N PARA PEOR.<\/p>\n\n\n\n<p>En estos tiempos resultan alarmantes las degradaciones y adulteraciones que tiene lugar en la naturaleza a consecuencia de los cambios f\u00edsicos, biol\u00f3gicos, qu\u00edmicos y tecnol\u00f3gicos operados a la luz de la evoluci\u00f3n del capitalismo desde su origen hasta la actualidad.<\/p>\n\n\n\n<p>Esos cambios se han mezclado con la esencia perversa de este sistema de dominaci\u00f3n, en la que el af\u00e1n de lucro de los capitalistas tiene supremac\u00eda sobre las necesidades humanas.<\/p>\n\n\n\n<p>La b\u00fasqueda de ganancias al m\u00e1ximo nivel posible interviene no importa los da\u00f1os que ese prop\u00f3sito ocasione a la Madre Tierra y a la vida misma en el sentido m\u00e1s amplio del t\u00e9rmino.<\/p>\n\n\n\n<p>Como se afirma en la Tesis Ambiental del Movimiento Caama\u00f1ista Dominicano: \u201cCon el surgimiento de la propiedad privada y las clases sociales, se inici\u00f3 un proceso de apropiaci\u00f3n del producto del trabajo social que separa la transformaci\u00f3n de la naturaleza de su raz\u00f3n primaria: la creaci\u00f3n de valor de uso o satisfactores de necesidades, para ponerlos al servicio de la expansi\u00f3n del capital y de la acumulaci\u00f3n particular\u201d.<\/p>\n\n\n\n<p>Ese proceso asume ya modalidades de tragedia social.<\/p>\n\n\n\n<p>Porque el impacto de los m\u00e9todos productivos y extractivos, el derroche consumista, la imposici\u00f3n de necesidades ficticias, las t\u00e9cnicas degradantes para aumentar la productividad del trabajo e intervenir sobre el suelo, el subsuelo y el sobresuelo, sin tener como centro el ser humano y su Casa Com\u00fan planetaria, potencian la propensi\u00f3n al desastre.<\/p>\n\n\n\n<p>Porque las repercusiones negativas de las dominantes din\u00e1micas explotadora, depredadoras y contaminadoras del transporte, turismo, industria militar y farmac\u00e9utica y agropecuaria, se han tornado altamente empobrecedoras y destructivas de la naturaleza y la humanidad; aumentando la vulnerabilidad de la poblaciones, de las estructuras creadas y su funcionamiento, as\u00ed como la frecuencia de los fen\u00f3menos naturales.<\/p>\n\n\n\n<p>Los desequilibrios ecol\u00f3gicos se tornan de especial gravedad al impactar negativamente esos fen\u00f3menos la capa de ozono, las temperaturas ambientales, los glaciales, la conducta del agua en la atm\u00f3sfera, las propias fuentes de agua en suelo y subsuelo, la recirculaci\u00f3n e intensidad de los vientos, los mares, las costas, la biodiversidad, el aire que se respira y los organismos vivientes.<\/p>\n\n\n\n<p>La calidad de la vida humana est\u00e1 cada vez m\u00e1s afectada, en tanto los enormes avances cient\u00edficos y t\u00e9cnicos no son fundamentalmente aplicados para aumentar la felicidad colectiva de los seres humanos, sino para elevar las ganancias capitalistas y acumular riquezas y capitales en una parte reducida de los integrantes de la sociedad en cada pa\u00eds, regi\u00f3n y a escala global; provocando a la vez un empobrecimiento del planeta que se vuelca principalmente contra de grande segmentos de la humanidad empobrecida en todos los continentes y contra los\/as trabajadores\/as del mundo.<\/p>\n\n\n\n<p>Cada vez m\u00e1s los procesos productivos -necesarios para crear valores de uso- se separan de su real finalidad (que es satisfacer necesidades colectivas e individuales), al imponerse la ganancia y la acumulaci\u00f3n de riquezas en pocas manos como m\u00f3vil esencial de las grandes obras, empresas productivas y de servicios en manos privadas.<\/p>\n\n\n\n<p>\u00b7 LOS GRANDES DA\u00d1OS AMBIENTALES QUE PROVOCAN LOS DE ARRIBA, LOS SUFREN LOS DE ABAJO.<\/p>\n\n\n\n<p>La mayor parte de los da\u00f1os ambientales provocados por un capitalismo irremediablemente voraz y destructivo \u2013agravados tales atributos del capitalismo en el curso de la denominada era neo-liberal- los pagan y sufren los de abajo en progresi\u00f3n continua. A mayor discriminaci\u00f3n y exclusi\u00f3n por razones de clase, g\u00e9nero, edad, color de piel y coloniaje, mayor carga de precariedades y sufrimientos.<\/p>\n\n\n\n<p>En nuestro Caribe, los casos Puerto Rico y Hait\u00ed son ejemplos extremos de una tr\u00e1gica actualidad; espejos, por dem\u00e1s, de lo que les espera a Rep\u00fablica Dominicana y otras islas caribe\u00f1as cuya naturaleza ha sido tambi\u00e9n sensiblemente diezmada \u2013y aun m\u00e1s amenazadas en el presente y futuro pr\u00f3ximo- por granceros, depredadores de bosques, compa\u00f1\u00edas mineras, cadenas hoteleras, estructuras vulnerables frente a huracanes y terremotos, industrias contaminadoras de r\u00edos, mares y corrientes subterr\u00e1neas.<\/p>\n\n\n\n<p>El capitalismo y el imperialismo de estos tiempos, sus modelos de expansi\u00f3n y acumulaci\u00f3n basados en las nuevas guerras de conquista y re-conquista de territorios y recursos naturales, la intensificaci\u00f3n de la depredaci\u00f3n y el saqueo, el consumismo superfluo y la sobre-explotaci\u00f3n en boga, conducen a un agotamiento m\u00e1s r\u00e1pido de recursos y medios de vida; reduciendo su oferta, precarizando sus reservas, aumentando el poder de la demanda e incrementando brutalmente los beneficios donde quiera que impere el control del capital privado sobre ellos.<\/p>\n\n\n\n<p>La escasez de recursos naturales opera as\u00ed como mecanismo de enriquecimiento de minor\u00edas con poder, incluyendo en el caso de bienes tan vitales como el agua.<\/p>\n\n\n\n<p>El valor de cambio se impone sobre el valor de uso en elevad\u00edsima escala y con altos grados de insensibilidad social y criminalidad. La naturaleza va perdiendo valor de uso mientras se deteriora en gran escala y se privatiza lo que va quedando de ella.<\/p>\n\n\n\n<p>\u00b7 OPONERLE A LA PRIVATIZACION, LA SOCIALIZACI\u00d3N.<\/p>\n\n\n\n<p>As\u00ed, la privatizaci\u00f3n del agua y de toda la naturaleza, es concomitante con los da\u00f1os que se le infringen a todas las fuentes de vida, a consecuencia de las posibilidades del s\u00faper-lucro privado que genera el creciente dominio del capital sobre el trabajo y el predominio de lo privado sobre lo social y lo p\u00fablico; a lo que se le agrega la corrupci\u00f3n impune de partidocracias asociadas a \u00e9l, motivadas por sus intensos afanes de enriquecimiento r\u00e1pido, a cualquier precio.<\/p>\n\n\n\n<p>El imperialismo, por dem\u00e1s pentagonizado y gansterizado, ha devenido en ecocida.<\/p>\n\n\n\n<p>Al paso de los a\u00f1os ha evidenciado ser un sistema ambientalmente insostenible. No hay manera de superar la crisis ambiental sin abolirlo y sin crear una opci\u00f3n en la que predomine el<\/p>\n\n\n\n<p>inter\u00e9s de la colectividad humana, construida al calor de las peleas cotidianas en defensa de un ambiente sano.<\/p>\n\n\n\n<p>La transformaci\u00f3n ecol\u00f3gica es inseparable de una transformaci\u00f3n revolucionaria que socialice la propiedad, el poder, el acceso a los valores de uso y garantice una relaci\u00f3n arm\u00f3nica de los seres humanos con su entorno natural.<\/p>\n\n\n\n<p>Que desde las multitudes sacrificadas, imponga lo colectivo sobre lo privado, el respeto a la Madre Tierra y la felicidad humana como objetivo del desarrollo.<\/p>\n","protected":false},"excerpt":{"rendered":"<p>Narciso Isa Conde El Planeta Tierra se ha tornado cada vez m\u00e1s \u00e1rido, caliente, envenenado, contaminado\u2026 Con menos bosques, menos vegetaci\u00f3n, menos manglares, menos fuentes de agua (lluvias, r\u00edos, lagos, manantiales\u2026). Menos habitable. M\u00e1s agredido y depredado. M\u00e1s vulnerable. Con m\u00e1s poblaci\u00f3n empobrecida, con mayores riegos catastr\u00f3fico. El Planeta Tierra y la Humanidad que lo [&hellip;]<\/p>\n","protected":false},"author":1,"featured_media":1113,"comment_status":"open","ping_status":"open","sticky":false,"template":"","format":"standard","meta":{"footnotes":""},"categories":[4],"tags":[],"_links":{"self":[{"href":"http:\/\/www.movimientocaamanista.com\/index.php?rest_route=\/wp\/v2\/posts\/1106"}],"collection":[{"href":"http:\/\/www.movimientocaamanista.com\/index.php?rest_route=\/wp\/v2\/posts"}],"about":[{"href":"http:\/\/www.movimientocaamanista.com\/index.php?rest_route=\/wp\/v2\/types\/post"}],"author":[{"embeddable":true,"href":"http:\/\/www.movimientocaamanista.com\/index.php?rest_route=\/wp\/v2\/users\/1"}],"replies":[{"embeddable":true,"href":"http:\/\/www.movimientocaamanista.com\/index.php?rest_route=%2Fwp%2Fv2%2Fcomments&post=1106"}],"version-history":[{"count":1,"href":"http:\/\/www.movimientocaamanista.com\/index.php?rest_route=\/wp\/v2\/posts\/1106\/revisions"}],"predecessor-version":[{"id":1107,"href":"http:\/\/www.movimientocaamanista.com\/index.php?rest_route=\/wp\/v2\/posts\/1106\/revisions\/1107"}],"wp:featuredmedia":[{"embeddable":true,"href":"http:\/\/www.movimientocaamanista.com\/index.php?rest_route=\/wp\/v2\/media\/1113"}],"wp:attachment":[{"href":"http:\/\/www.movimientocaamanista.com\/index.php?rest_route=%2Fwp%2Fv2%2Fmedia&parent=1106"}],"wp:term":[{"taxonomy":"category","embeddable":true,"href":"http:\/\/www.movimientocaamanista.com\/index.php?rest_route=%2Fwp%2Fv2%2Fcategories&post=1106"},{"taxonomy":"post_tag","embeddable":true,"href":"http:\/\/www.movimientocaamanista.com\/index.php?rest_route=%2Fwp%2Fv2%2Ftags&post=1106"}],"curies":[{"name":"wp","href":"https:\/\/api.w.org\/{rel}","templated":true}]}}