{"id":1138,"date":"2020-02-11T20:43:12","date_gmt":"2020-02-11T20:43:12","guid":{"rendered":"http:\/\/www.movimientocaamanista.com\/?p=1138"},"modified":"2020-02-11T20:43:13","modified_gmt":"2020-02-11T20:43:13","slug":"militarizacion-de-las-fronteras-mesoamericanos","status":"publish","type":"post","link":"http:\/\/www.movimientocaamanista.com\/?p=1138","title":{"rendered":"Militarizaci\u00f3n de las Fronteras Mesoamericanos"},"content":{"rendered":"\n<p>ALBA<\/p>\n\n\n\n<p>Las organizaciones que somos parte de la Articulaci\u00f3n de Movimientos Sociales hacia el ALBA de Mesoam\u00e9rica, denunciamos que las recientes acciones del Sr. Bukele de El Salvador, disfrazadas con el combate a la delincuencia, buscan frenar la migraci\u00f3n colocando el foco en el ataque a las pandillas, el narcotr\u00e1fico y la pobreza, como parte de los acuerdos asumidos con el Secretario interino de Seguridad Nacional de Estados unidos, para  que el Comando Sur y el FBI ampl\u00eden sus operaciones en El Salvador, autoriz\u00e1ndolos a llevar a cabo operaciones de seguridad interna lo que implica la militarizaci\u00f3n de hecho a manos de un pa\u00eds extranjero, subordinando el control territorial de El Salvador a los \u00f3rganos de Estados Unidos.<\/p>\n\n\n\n<p>De esa forma, El Salvador se uni\u00f3 a Guatemala, Honduras y M\u00e9xico como los pa\u00edses mesoamericanos que han acordado con Estados Unidos medidas de restricci\u00f3n migratoria. Para Estados Unidos, detener la migraci\u00f3n desde Mesoam\u00e9rica implica la deportaci\u00f3n masiva, la militarizaci\u00f3n encubierta de las fronteras, justificada con el ataque a las denominadas pandillas y el reforzamiento del aparato de seguridad para intimidar a los compatriotas que buscan cruzar la frontera.<\/p>\n\n\n\n<p>Como no ha sucedido en Mesoam\u00e9rica, en por lo menos medio siglo, el Sr. Bukele ocup\u00f3 militarmente la Asamblea Nacional, con el fin de presionar para la aprobaci\u00f3n de un pr\u00e9stamo que busca adquirir equipo estadounidense e infraestructura de videovigilancia, drones, helic\u00f3pteros, patrullas, equipos de laboratorios e incluso un buque que sin embargo ser\u00e1n manejados por polic\u00edas y militares vinculados con el crimen organizado, lo que hace dudar de sus verdaderas intenciones para supuestamente controlar a las maras y el crimen organizado.<\/p>\n\n\n\n<p>Condenamos y rechazamos que el Sr. Bukele haya recurrido al uso de la fuerza militar, las amenazas y el retorcimiento de las leyes para imponer su voluntad en una situaci\u00f3n sumamente peligrosa que pone en riesgo las garant\u00edas y derechos de las salvadore\u00f1as y salvadore\u00f1os.<\/p>\n\n\n\n<p>Albamovimientos Costa Rica     Albamovimientos El Salvador    <\/p>\n\n\n\n<p>Albamovimientos Guatemala        Albamovimientos Honduras<\/p>\n\n\n\n<p>Albamovimientos M\u00e9xico        Albamovimientos Nicaragua<\/p>\n\n\n\n<p>Albamovientos Panam\u00e1<\/p>\n\n\n\n<p><\/p>\n","protected":false},"excerpt":{"rendered":"<p>ALBA Las organizaciones que somos parte de la Articulaci\u00f3n de Movimientos Sociales hacia el ALBA de Mesoam\u00e9rica, denunciamos que las recientes acciones del Sr. Bukele de El Salvador, disfrazadas con el combate a la delincuencia, buscan frenar la migraci\u00f3n colocando el foco en el ataque a las pandillas, el narcotr\u00e1fico y la pobreza, como parte [&hellip;]<\/p>\n","protected":false},"author":1,"featured_media":1139,"comment_status":"open","ping_status":"open","sticky":false,"template":"","format":"standard","meta":{"footnotes":""},"categories":[5,3],"tags":[],"_links":{"self":[{"href":"http:\/\/www.movimientocaamanista.com\/index.php?rest_route=\/wp\/v2\/posts\/1138"}],"collection":[{"href":"http:\/\/www.movimientocaamanista.com\/index.php?rest_route=\/wp\/v2\/posts"}],"about":[{"href":"http:\/\/www.movimientocaamanista.com\/index.php?rest_route=\/wp\/v2\/types\/post"}],"author":[{"embeddable":true,"href":"http:\/\/www.movimientocaamanista.com\/index.php?rest_route=\/wp\/v2\/users\/1"}],"replies":[{"embeddable":true,"href":"http:\/\/www.movimientocaamanista.com\/index.php?rest_route=%2Fwp%2Fv2%2Fcomments&post=1138"}],"version-history":[{"count":1,"href":"http:\/\/www.movimientocaamanista.com\/index.php?rest_route=\/wp\/v2\/posts\/1138\/revisions"}],"predecessor-version":[{"id":1140,"href":"http:\/\/www.movimientocaamanista.com\/index.php?rest_route=\/wp\/v2\/posts\/1138\/revisions\/1140"}],"wp:featuredmedia":[{"embeddable":true,"href":"http:\/\/www.movimientocaamanista.com\/index.php?rest_route=\/wp\/v2\/media\/1139"}],"wp:attachment":[{"href":"http:\/\/www.movimientocaamanista.com\/index.php?rest_route=%2Fwp%2Fv2%2Fmedia&parent=1138"}],"wp:term":[{"taxonomy":"category","embeddable":true,"href":"http:\/\/www.movimientocaamanista.com\/index.php?rest_route=%2Fwp%2Fv2%2Fcategories&post=1138"},{"taxonomy":"post_tag","embeddable":true,"href":"http:\/\/www.movimientocaamanista.com\/index.php?rest_route=%2Fwp%2Fv2%2Ftags&post=1138"}],"curies":[{"name":"wp","href":"https:\/\/api.w.org\/{rel}","templated":true}]}}