{"id":1150,"date":"2020-02-17T10:40:21","date_gmt":"2020-02-17T10:40:21","guid":{"rendered":"http:\/\/www.movimientocaamanista.com\/?p=1150"},"modified":"2020-02-20T15:35:56","modified_gmt":"2020-02-20T15:35:56","slug":"con-un-descarado-golpe-de-estado-electronico-anulan-elecciones-municipales","status":"publish","type":"post","link":"http:\/\/www.movimientocaamanista.com\/?p=1150","title":{"rendered":"CON UN DESCARADO GOLPE DE ESTADO ELECTR\u00d3NICO ANULAN ELECCIONES MUNICIPALES"},"content":{"rendered":"\n<p>MANDO E IZQUIERDA REVOLUCIONARIA-IR<\/p>\n\n\n\n<p>La asociaci\u00f3n delictiva\u00a0 entre el impopular r\u00e9gimen del PLD que preside Danilo Medina, la Junta Central Electoral y los operadores del voto electr\u00f3nico, provoc\u00f3 en el d\u00eda de hoy el bloqueo y la posterior anulaci\u00f3n de las votaciones en curso y de todo proceso electoral \u00a0municipal \u00a0a escala nacional, generando\u00a0 una aguda crisis institucional\u00a0 y una gran indignaci\u00f3n popular.<\/p>\n\n\n\n<p>Tan ominoso crimen pol\u00edtico se produjo \u00a0aun en medio de la repudiable intervenci\u00f3n de EEUU y su\u00a0 USAID al interior de la JCE y de reiteradas promesas oficiales de que ser\u00edan superadas las graves fallas anteriores. \u00a0<\/p>\n\n\n\n<p>Esto, despu\u00e9s del desastre ocurrido en las primarias de octubre pasado, confirma el criterio de nuestra coalici\u00f3n por el CAMBIO RADICAL de que la v\u00eda institucional-electoral est\u00e1 viciada y corrompida y ha sido cerrada por las fuerzas que controlan este Estado delincuente y dependiente.<\/p>\n\n\n\n<p>En tales circunstancias solo el pueblo movilizado en las calles y paralizando el pa\u00eds puede derrotar esta ruta de trampas, saqueos, estafas y abusos de poder.<\/p>\n\n\n\n<p>El gobierno, la JCE, el Ministerio P\u00fablico y<br>\notras instituciones han quedado totalmente descalificados para realizar<br>\nelecciones m\u00ednimamente democr\u00e1ticas. Es inaceptable darle nuevas oportunidades.<\/p>\n\n\n\n<p>El pueblo, junto a sus movimientos sociales y pol\u00edticos en lucha por la vida, la soberan\u00eda y los derechos democr\u00e1ticos, debe ya lanzarse a la calles a exigir la destituci\u00f3n inmediata de la JCE y sus suplentes, del Procurador Jean Alain Rodr\u00edguez y del Presidente Medina y su gobierno.<\/p>\n\n\n\n<p>La JCE ha sido solo un instrumento dentro de un\u00a0 r\u00e9gimen pol\u00edtico podrido. Es tan inaceptable que ella se auto-investigue y permanezca, como que los \u00a0mecanismos que la constituyeron sean usados para reemplazarla.<\/p>\n\n\n\n<p>Lleg\u00f3 la hora de clamar sin vacilaciones: \u00a1ABAJO EL GOBIERNO!<\/p>\n\n\n\n<p>El pa\u00eds necesita un CAMBIO RADICAL mediante la conversi\u00f3n del pueblo en Poder Constituyente, que a trav\u00e9s de un Gobierno Provisional o Transitorio,<br> convoque una Asamblea Constituyente Soberana y ampliamente participativa que elabore una Nueva Constituci\u00f3n y cree una Nueva<br> Institucionalidad, que incluya un sistema electoral profundamente<br> democr\u00e1tico para realizar elecciones confiables.<\/p>\n\n\n\n<p>\u00a1VOTAR ES M\u00c1S DE LO MISMO!\u00a0 \u00a1CAMBIO RADICAL! \u00a1PODER CONSTITUYENTE! \/\/<\/p>\n","protected":false},"excerpt":{"rendered":"<p>MANDO E IZQUIERDA REVOLUCIONARIA-IR La asociaci\u00f3n delictiva\u00a0 entre el impopular r\u00e9gimen del PLD que preside Danilo Medina, la Junta Central Electoral y los operadores del voto electr\u00f3nico, provoc\u00f3 en el d\u00eda de hoy el bloqueo y la posterior anulaci\u00f3n de las votaciones en curso y de todo proceso electoral \u00a0municipal \u00a0a escala nacional, generando\u00a0 una [&hellip;]<\/p>\n","protected":false},"author":1,"featured_media":658,"comment_status":"open","ping_status":"open","sticky":false,"template":"","format":"standard","meta":{"footnotes":""},"categories":[5,16,2],"tags":[],"_links":{"self":[{"href":"http:\/\/www.movimientocaamanista.com\/index.php?rest_route=\/wp\/v2\/posts\/1150"}],"collection":[{"href":"http:\/\/www.movimientocaamanista.com\/index.php?rest_route=\/wp\/v2\/posts"}],"about":[{"href":"http:\/\/www.movimientocaamanista.com\/index.php?rest_route=\/wp\/v2\/types\/post"}],"author":[{"embeddable":true,"href":"http:\/\/www.movimientocaamanista.com\/index.php?rest_route=\/wp\/v2\/users\/1"}],"replies":[{"embeddable":true,"href":"http:\/\/www.movimientocaamanista.com\/index.php?rest_route=%2Fwp%2Fv2%2Fcomments&post=1150"}],"version-history":[{"count":1,"href":"http:\/\/www.movimientocaamanista.com\/index.php?rest_route=\/wp\/v2\/posts\/1150\/revisions"}],"predecessor-version":[{"id":1151,"href":"http:\/\/www.movimientocaamanista.com\/index.php?rest_route=\/wp\/v2\/posts\/1150\/revisions\/1151"}],"wp:featuredmedia":[{"embeddable":true,"href":"http:\/\/www.movimientocaamanista.com\/index.php?rest_route=\/wp\/v2\/media\/658"}],"wp:attachment":[{"href":"http:\/\/www.movimientocaamanista.com\/index.php?rest_route=%2Fwp%2Fv2%2Fmedia&parent=1150"}],"wp:term":[{"taxonomy":"category","embeddable":true,"href":"http:\/\/www.movimientocaamanista.com\/index.php?rest_route=%2Fwp%2Fv2%2Fcategories&post=1150"},{"taxonomy":"post_tag","embeddable":true,"href":"http:\/\/www.movimientocaamanista.com\/index.php?rest_route=%2Fwp%2Fv2%2Ftags&post=1150"}],"curies":[{"name":"wp","href":"https:\/\/api.w.org\/{rel}","templated":true}]}}