{"id":1171,"date":"2020-02-20T15:27:08","date_gmt":"2020-02-20T15:27:08","guid":{"rendered":"http:\/\/www.movimientocaamanista.com\/?p=1171"},"modified":"2020-03-24T21:39:45","modified_gmt":"2020-03-24T21:39:45","slug":"invitacion-a-participar-en-la-feria-exposicion-por-el-cambio-radical","status":"publish","type":"post","link":"http:\/\/www.movimientocaamanista.com\/?p=1171","title":{"rendered":"INVITACI\u00d3N A PARTICIPAR EN LA FERIA-EXPOSICI\u00d3N POR EL CAMBIO RADICAL"},"content":{"rendered":"\n<p>IZQUIERDA REVOLUCIONARIA (IR)-MOVIMIENTO DE ACCI\u00d3N POR UNA NUEVA DOMINICANA (MANDO)<\/p>\n\n\n\n<p>A los movimientos sociales, organizaciones populares y corrientes pol\u00edticas que han aportado y siguen comprometidas con las causas revolucionarias nacionales e internacionales:<\/p>\n\n\n\n<p>Agreciados\/as camaradas y amigos\/as:<\/p>\n\n\n\n<p>El colectivo de organizaciones Izquierda Revolucionaria IR-MANDO realizar\u00e1 una \u201cFeria Pol\u00edtico-cultural por el Cambio Radical\u201d. Esta actividad consistir\u00e1 en una exposici\u00f3n gr\u00e1fica y oral que recoger\u00e1 im\u00e1genes y expresiones de lo que<\/p>\n\n\n\n<p>ha sido y es la lucha revolucionaria y de solidaridad de nuestras organizaciones, as\u00ed como de las entidades sociales, sindicales, ecologistas, feministas, comunitarias, democr\u00e1ticas y populares comprometidas con las mejores causas..<\/p>\n\n\n\n<p>En ese sentido, tenemos el placer de invitarle (s) para que nos acompa\u00f1e. Su organizaci\u00f3n, o usted en particular, puede colocar un stand o mesa, donde presente una s\u00edntesis de lo que ha sido o es su trabajo.<\/p>\n\n\n\n<p>Se colocar\u00e1n bajantes, afiches, plegables, libros, revistas, folletos, volantes y documentos diversos. Tambi\u00e9n se presentar\u00e1n testimonios orales de participantes en hechos relevantes. Habr\u00e1 mesas de solidaridad con los pueblos. Tambi\u00e9n se impartir\u00e1n conferencias y se realizar\u00e1n conversatorios.<\/p>\n\n\n\n<p>Tenemos elplacer deextenderle (s) una fraternal invitaci\u00f3n para que nos acompa\u00f1e (n) exponiendo su muestra en esa actividad, que sabemos ser\u00e1 bien impactante.<\/p>\n\n\n\n<p>Lugar: Parque Enriquillo. Entre Duarte, Jos\u00e9 Mart\u00ed, Ravelo y Caracas, Santo Domingo.<\/p>\n\n\n\n<p>D\u00eda: Domingo 19 de abril, 2020.<\/p>\n\n\n\n<p>Horario: 9:00 A. M. a 8:00 P. M.<\/p>\n\n\n\n<p>Notas:<\/p>\n\n\n\n<p>1.-Para mayor informaci\u00f3n, puede (n) comunicarse por esta misma v\u00eda o por cualquier otra a su alcance.<\/p>\n\n\n\n<p>2.-Expositoras (es) deben llegar bien temprano para colocar sus exposiciones antes de la apertura.<\/p>\n\n\n\n<p>Fraternalmente,<\/p>\n\n\n\n<p>Narciso Isa Conde, Br\u00edgido Peguero, Joaqu\u00edn Aracena y Carlos Brice\u00f1o<\/p>\n\n\n\n<p>Santo Domingo,<\/p>\n\n\n\n<p>Rep\u00fablica Dominicana,<\/p>\n","protected":false},"excerpt":{"rendered":"<p>IZQUIERDA REVOLUCIONARIA (IR)-MOVIMIENTO DE ACCI\u00d3N POR UNA NUEVA DOMINICANA (MANDO) A los movimientos sociales, organizaciones populares y corrientes pol\u00edticas que han aportado y siguen comprometidas con las causas revolucionarias nacionales e internacionales: Agreciados\/as camaradas y amigos\/as: El colectivo de organizaciones Izquierda Revolucionaria IR-MANDO realizar\u00e1 una \u201cFeria Pol\u00edtico-cultural por el Cambio Radical\u201d. Esta actividad consistir\u00e1 en [&hellip;]<\/p>\n","protected":false},"author":1,"featured_media":1229,"comment_status":"open","ping_status":"open","sticky":false,"template":"","format":"standard","meta":{"footnotes":""},"categories":[5,16],"tags":[],"_links":{"self":[{"href":"http:\/\/www.movimientocaamanista.com\/index.php?rest_route=\/wp\/v2\/posts\/1171"}],"collection":[{"href":"http:\/\/www.movimientocaamanista.com\/index.php?rest_route=\/wp\/v2\/posts"}],"about":[{"href":"http:\/\/www.movimientocaamanista.com\/index.php?rest_route=\/wp\/v2\/types\/post"}],"author":[{"embeddable":true,"href":"http:\/\/www.movimientocaamanista.com\/index.php?rest_route=\/wp\/v2\/users\/1"}],"replies":[{"embeddable":true,"href":"http:\/\/www.movimientocaamanista.com\/index.php?rest_route=%2Fwp%2Fv2%2Fcomments&post=1171"}],"version-history":[{"count":2,"href":"http:\/\/www.movimientocaamanista.com\/index.php?rest_route=\/wp\/v2\/posts\/1171\/revisions"}],"predecessor-version":[{"id":1231,"href":"http:\/\/www.movimientocaamanista.com\/index.php?rest_route=\/wp\/v2\/posts\/1171\/revisions\/1231"}],"wp:featuredmedia":[{"embeddable":true,"href":"http:\/\/www.movimientocaamanista.com\/index.php?rest_route=\/wp\/v2\/media\/1229"}],"wp:attachment":[{"href":"http:\/\/www.movimientocaamanista.com\/index.php?rest_route=%2Fwp%2Fv2%2Fmedia&parent=1171"}],"wp:term":[{"taxonomy":"category","embeddable":true,"href":"http:\/\/www.movimientocaamanista.com\/index.php?rest_route=%2Fwp%2Fv2%2Fcategories&post=1171"},{"taxonomy":"post_tag","embeddable":true,"href":"http:\/\/www.movimientocaamanista.com\/index.php?rest_route=%2Fwp%2Fv2%2Ftags&post=1171"}],"curies":[{"name":"wp","href":"https:\/\/api.w.org\/{rel}","templated":true}]}}