{"id":1191,"date":"2020-02-26T17:52:53","date_gmt":"2020-02-26T17:52:53","guid":{"rendered":"http:\/\/www.movimientocaamanista.com\/?p=1191"},"modified":"2020-02-26T17:55:13","modified_gmt":"2020-02-26T17:55:13","slug":"sobre-la-marcha-del-22-de-febrero-del-2020-en-el-alto-manhattan-nyc","status":"publish","type":"post","link":"http:\/\/www.movimientocaamanista.com\/?p=1191","title":{"rendered":"Sobre la marcha del 22 de febrero del 2020 en el Alto Manhattan, NYC"},"content":{"rendered":"\n<p>(Algunas notas e ideas)<\/p>\n\n\n\n<p> La emigraci\u00f3n dominicana en E. U. (principalmente en la ciudad de Nueva<br> York, ha manifestado su solidaridad a las causas sociales de su pa\u00eds:<\/p>\n\n\n\n<p>-Desde la \u00e9poca del merengue trujillista \u201cRecogiendo limosna no lo tumban\u201d, que intent\u00f3 contrarrestar la\u00a0recolecci\u00f3n de fondo para enfrentar la dictadura\u00a0o las\u00a0protestas en contra de la invasi\u00f3n norteamericana del 1965.<\/p>\n\n\n\n<p>-Un sector importante de las primera emigraciones\u00a0se vincularon a\u00a0partidos y movimientos norteamericanos abiertamente progresistas o de izquierdas, que impulsaron\u00a0causas como las de a favor de los derechos civiles y<br> laborales o en contra de la guerra de Vietnam, sin dejar sus v\u00ednculos con<br> el pa\u00eds.<\/p>\n\n\n\n<p>-Las diversas  expresiones organizativas de Rep\u00fablica Dominica a favor de iniciativas  reivindicativas a tenido su representaci\u00f3n en la ciudad de Nueva York:\u00a0lucha  a favor del medio ambiente y en defensa de los recursos naturales; lucha\u00a0contra la represi\u00f3n\u00a0o en\u00a0contra de las<br> corrupci\u00f3n y la impunidad.<\/p>\n\n\n\n<p>As\u00ed mismo, en las \u00faltimas d\u00e9cadas, a la vez que la \u201cdi\u00e1spora\u201d se involucra en causas locales, esta ha sido\u00a0una alcanc\u00eda importante\u00a0para las campa\u00f1as electorales de los partidos tradicionales. Son comunes las caravanas y marchas, relativamente significativas, a favor de determinados    candidatos de la contienda electoral dominicana; que son casi replicas de las que son comunes en nuestro pa\u00eds, haci\u00e9ndonos incluso sentir como<br>si estuvi\u00e9ramos en alg\u00fan sector de nuestro pa\u00eds; igual que las cenas y<br>actividades de recolecci\u00f3n de fondos, con las mismas promesas     clientelista.<\/p>\n\n\n\n<p>A partir de esta tradici\u00f3n mencionada, se puede afirmar que las marchas y protestas de la di\u00e1spora no son nada nuevas. Lo que s\u00ed es nuevo es:<\/p>\n\n\n\n<p>-La cantidad de manifestante, que llenaron multiples cuadras de arterias importantes del Alto Manhattan y que llevo a las autoridades a tener que parar el tr\u00e1nsito y dejar que los manifestantes tomaran las calles. Se estiman mas 7,000 participantes, seg\u00fan cifras oficiales reveladas por medios de prensa.<\/p>\n\n\n\n<p>-El componente mayoritario de j\u00f3venes y adolescentes; la presencia de familia completas y su car\u00e1cter auto-convocante, a pesar de que algunos partidos quisieron adue\u00f1arse de la convocatoria.<\/p>\n\n\n\n<p>-El componente no era solamente del condado de Manhattan (espec\u00edficamente el Alto Manhattan) como era tradici\u00f3n en las mayor\u00edas de eventos de esta naturaleza. Entre las consignas y pancartas (aunque con una gran fuerza en contra del gobierno, la corrupci\u00f3n y el llamado de \u201ce\u2019 pa\u2019 fuera que van\u201d)\u00a0 se destacaban exigencias y aspiraciones, m\u00e1s all\u00e1 de la misma coyuntura electoral, los reclamos de fraude y la exigencia de la renuncia de la JCE y de Danilo Medina.<\/p>\n\n\n\n<p>En las expresiones de los j\u00f3venes se destaca, a nuestro entender, el deseo de un cambio por un mejor pa\u00eds y defensa de la democracia, m\u00e1s all\u00e1 de los partidos.<\/p>\n\n\n\n<p>-El rescatar su identidad como dominicanos, destac\u00e1ndose los llamados s\u00edmbolos patrios, as\u00ed como la defensa de la soberan\u00eda. Los j\u00f3venes mostraron un conocimiento de lo que pasa en su pa\u00eds de origen, aunque muchos son de emigraciones muy recientes, teniendo muy fresca en la memoria las carencias y desigualdades de donde provienen.<\/p>\n\n\n\n<p>Pero algunas pancartas y consignas, muestran tambi\u00e9n que parte de esa juventud est\u00e1n acondicionada a el tipo de democracia que la naci\u00f3n norteamericana promueve e impone a trav\u00e9s de la educaci\u00f3n y los medios sociales de comunicaci\u00f3n; teniendo una visi\u00f3n de la situaci\u00f3n internacional distorsionada, sin ver en el horizonte el car\u00e1cter imperialista de la sociedad que los ha escogido, y que es responsable, como el que m\u00e1s, de nuestras desigualdades y falta progreso; sin olvidar tampoco su responsabilidad en manipular, destruir y masacrar<\/p>\n","protected":false},"excerpt":{"rendered":"<p>(Algunas notas e ideas) La emigraci\u00f3n dominicana en E. U. (principalmente en la ciudad de Nueva York, ha manifestado su solidaridad a las causas sociales de su pa\u00eds: -Desde la \u00e9poca del merengue trujillista \u201cRecogiendo limosna no lo tumban\u201d, que intent\u00f3 contrarrestar la\u00a0recolecci\u00f3n de fondo para enfrentar la dictadura\u00a0o las\u00a0protestas en contra de la invasi\u00f3n [&hellip;]<\/p>\n","protected":false},"author":1,"featured_media":1192,"comment_status":"open","ping_status":"open","sticky":false,"template":"","format":"standard","meta":{"footnotes":""},"categories":[5,2],"tags":[],"_links":{"self":[{"href":"http:\/\/www.movimientocaamanista.com\/index.php?rest_route=\/wp\/v2\/posts\/1191"}],"collection":[{"href":"http:\/\/www.movimientocaamanista.com\/index.php?rest_route=\/wp\/v2\/posts"}],"about":[{"href":"http:\/\/www.movimientocaamanista.com\/index.php?rest_route=\/wp\/v2\/types\/post"}],"author":[{"embeddable":true,"href":"http:\/\/www.movimientocaamanista.com\/index.php?rest_route=\/wp\/v2\/users\/1"}],"replies":[{"embeddable":true,"href":"http:\/\/www.movimientocaamanista.com\/index.php?rest_route=%2Fwp%2Fv2%2Fcomments&post=1191"}],"version-history":[{"count":1,"href":"http:\/\/www.movimientocaamanista.com\/index.php?rest_route=\/wp\/v2\/posts\/1191\/revisions"}],"predecessor-version":[{"id":1193,"href":"http:\/\/www.movimientocaamanista.com\/index.php?rest_route=\/wp\/v2\/posts\/1191\/revisions\/1193"}],"wp:featuredmedia":[{"embeddable":true,"href":"http:\/\/www.movimientocaamanista.com\/index.php?rest_route=\/wp\/v2\/media\/1192"}],"wp:attachment":[{"href":"http:\/\/www.movimientocaamanista.com\/index.php?rest_route=%2Fwp%2Fv2%2Fmedia&parent=1191"}],"wp:term":[{"taxonomy":"category","embeddable":true,"href":"http:\/\/www.movimientocaamanista.com\/index.php?rest_route=%2Fwp%2Fv2%2Fcategories&post=1191"},{"taxonomy":"post_tag","embeddable":true,"href":"http:\/\/www.movimientocaamanista.com\/index.php?rest_route=%2Fwp%2Fv2%2Ftags&post=1191"}],"curies":[{"name":"wp","href":"https:\/\/api.w.org\/{rel}","templated":true}]}}