{"id":1201,"date":"2020-02-26T19:16:31","date_gmt":"2020-02-26T19:16:31","guid":{"rendered":"http:\/\/www.movimientocaamanista.com\/?p=1201"},"modified":"2020-02-26T19:16:33","modified_gmt":"2020-02-26T19:16:33","slug":"el-silencio-que-nunca-es-casual","status":"publish","type":"post","link":"http:\/\/www.movimientocaamanista.com\/?p=1201","title":{"rendered":"El silencio que nunca es casual"},"content":{"rendered":"\n<p>Miguel Alejandro Hayes<\/p>\n\n\n\n<p>Fuente: <a href=\"https:\/\/rebelion.org\/el-silencio-que-nunca-es-casual\/\">Rebeli\u00f3n<\/a><\/p>\n\n\n\n<p>Cost\u00f3 mucho lacerar el sentido com\u00fan social (sobre todo el de dirigentes cubanos) de forma tal que se pudiera pasar en el texto constitucional de marxismo-leninismo (M-L) a marxismo y leninismo.<\/p>\n\n\n\n<p>Luego, sin mucha trascendencia, circularon par de textos sobre el tema en espacios independientes y alternativos&nbsp;<a rel=\"noreferrer noopener\" href=\"http:\/\/www.desdetutrinchera.com\/politica-en-cuba\/marxismo-en-la-constitucion\/\" target=\"_blank\">(1)<\/a>&nbsp;<a rel=\"noreferrer noopener\" href=\"http:\/\/www.rebelion.org\/noticia.php?id=250793&amp;titular=sobre-el-%93marxismo-gui%F3n-leninismo%94-\" target=\"_blank\">(2)<\/a>. Por su parte, la prensa oficial tampoco le dio gran cobertura, tan solo peque\u00f1as menciones como la del portal&nbsp;<a rel=\"noreferrer noopener\" href=\"https:\/\/www.google.com\/amp\/www.cubadebate.cu\/especiales\/2018\/12\/21\/cuales-son-los-principales-cambios-en-el-proyecto-de-constitucion\/amp\/\" target=\"_blank\">Cubadebate<\/a>, en el que se hizo referencia al dogmatismo que representaba aquel \u201cmarxismo\u201d al que (ling\u00fc\u00edsticamente) se renunciaba en la ley de leyes. El acompa\u00f1amiento medi\u00e1tico necesario, nunca lleg\u00f3 (por ning\u00fan lado).<br>A\u00fan as\u00ed, algunos vimos en ese momento un filo para desmontar el estalinismo \u2013al menos- de la educaci\u00f3n superior. Idea que se deshizo pasados de unos d\u00edas, con la aparici\u00f3n de se\u00f1ales que indicaban que todo parec\u00eda ser solo un cambio declaratorio. Y as\u00ed fue.<br>En el mes de diciembre de 2019, durante el acto por el sesenta aniversario de la creaci\u00f3n del MINREX, la rectora del ISRI, la diplom\u00e1tica Isabel Allende Karam, al hacer referencia en su discurso a los ideales a los que se debe ser fiel, inclu\u00eda al M-L. Pens\u00e9, que se trataba de un error de actualizaci\u00f3n o simplemente la inercia discursiva.<\/p>\n\n\n\n<p>En cambio, en el mes de enero se realiz\u00f3 la&nbsp;<a href=\"http:\/\/www.cubadebate.cu\/noticias\/2020\/01\/11\/apuesta-educacion-superior-por-perfeccionar-la-historia-de-cuba-y-el-marxismo-leninismo-en-las-universidades-cubanas\/#.Xj4Cix6200O\" target=\"_blank\" rel=\"noreferrer noopener\">reuni\u00f3n<\/a>&nbsp;nacional para el perfeccionamiento de las asignaturas de las disciplinas de Historia de Cuba y Marxismo-Leninismo. S\u00ed, marxismo-leninismo de nuevo. Ah\u00ed estaba el nombre. Esta vez no se trataba de un acto pol\u00edtico (donde se le puede perdonar a los cuadros sus torpezas te\u00f3ricas), sino que era un evento de acad\u00e9micos y personal gubernamental entendido del tema, entre ellos, la viceministra Martha del Carmen Mesa y el director de Historia y Marxismo-Leninismo del MES, Rafael Emilio Cervantes Mart\u00ednez. No era un hecho casual: un encuentro nacional para afianzar la presencia del M-L y su penetraci\u00f3n a las ya deformadas ense\u00f1anzas de la econom\u00eda pol\u00edtica y la historia (no solo la de Cuba).<br>Adem\u00e1s, cercano a la fecha anterior, en la revista&nbsp;<em>Buenos<\/em>&nbsp;<em>D\u00edas<\/em>&nbsp;aparec\u00eda Cervantes Mart\u00ednez hablando de la continuidad del M-L (cuando la palabra continuidad se emplea por un funcionario en la tv, no tiene la m\u00e1s reflexiva de las acepciones).<br>Se puede agregar, que en diferentes actos pol\u00edticos y reuniones se han pronunciado discursos donde se repite el uso del legado estalinista como parte del contenido inamovible de la Revoluci\u00f3n.<br>Contrario a esa tendencia, la semana que pas\u00f3 se defendi\u00f3 en la Universidad de la Habana para el plan E de estudio (plan que supuestamente actualiza la educaci\u00f3n superior) cambiar el nombre de la carrera de Filosof\u00eda Marxista-Leninista a Filosof\u00eda. Suceso que representa una nueva etapa en la concreci\u00f3n de un reclamo de estudiantes y profesores durante a\u00f1os, y que todav\u00eda no ha tenido un espacio medi\u00e1tico. Muchos estudiantes, profesores, egresados, compartieron en redes sociales sus mensajes de alegr\u00eda respecto al cambio de nombre, pero los medios oficiales, ni caso.<br>Y con tal panorama, la imagen resultante es que no existe una voluntad pol\u00edtica por posicionar a nivel social un marxismo diferente al M-L, sino de reforzarlo. Por eso (no se orienta, porque ya es parte de la ret\u00f3rica) hablar de M-L en los discursos pol\u00edticos; el departamento rector del MES sigue llam\u00e1ndose de M-L y hacen un encuentro nacional (que s\u00ed tuvo mayor cobertura medi\u00e1tica) para coordinar la difusi\u00f3n del dogma. Y eso no es casual\u2026<\/p>\n","protected":false},"excerpt":{"rendered":"<p>Miguel Alejandro Hayes Fuente: Rebeli\u00f3n Cost\u00f3 mucho lacerar el sentido com\u00fan social (sobre todo el de dirigentes cubanos) de forma tal que se pudiera pasar en el texto constitucional de marxismo-leninismo (M-L) a marxismo y leninismo. Luego, sin mucha trascendencia, circularon par de textos sobre el tema en espacios independientes y alternativos&nbsp;(1)&nbsp;(2). Por su parte, [&hellip;]<\/p>\n","protected":false},"author":1,"featured_media":1202,"comment_status":"open","ping_status":"open","sticky":false,"template":"","format":"standard","meta":{"footnotes":""},"categories":[4],"tags":[],"_links":{"self":[{"href":"http:\/\/www.movimientocaamanista.com\/index.php?rest_route=\/wp\/v2\/posts\/1201"}],"collection":[{"href":"http:\/\/www.movimientocaamanista.com\/index.php?rest_route=\/wp\/v2\/posts"}],"about":[{"href":"http:\/\/www.movimientocaamanista.com\/index.php?rest_route=\/wp\/v2\/types\/post"}],"author":[{"embeddable":true,"href":"http:\/\/www.movimientocaamanista.com\/index.php?rest_route=\/wp\/v2\/users\/1"}],"replies":[{"embeddable":true,"href":"http:\/\/www.movimientocaamanista.com\/index.php?rest_route=%2Fwp%2Fv2%2Fcomments&post=1201"}],"version-history":[{"count":1,"href":"http:\/\/www.movimientocaamanista.com\/index.php?rest_route=\/wp\/v2\/posts\/1201\/revisions"}],"predecessor-version":[{"id":1203,"href":"http:\/\/www.movimientocaamanista.com\/index.php?rest_route=\/wp\/v2\/posts\/1201\/revisions\/1203"}],"wp:featuredmedia":[{"embeddable":true,"href":"http:\/\/www.movimientocaamanista.com\/index.php?rest_route=\/wp\/v2\/media\/1202"}],"wp:attachment":[{"href":"http:\/\/www.movimientocaamanista.com\/index.php?rest_route=%2Fwp%2Fv2%2Fmedia&parent=1201"}],"wp:term":[{"taxonomy":"category","embeddable":true,"href":"http:\/\/www.movimientocaamanista.com\/index.php?rest_route=%2Fwp%2Fv2%2Fcategories&post=1201"},{"taxonomy":"post_tag","embeddable":true,"href":"http:\/\/www.movimientocaamanista.com\/index.php?rest_route=%2Fwp%2Fv2%2Ftags&post=1201"}],"curies":[{"name":"wp","href":"https:\/\/api.w.org\/{rel}","templated":true}]}}