{"id":1204,"date":"2020-02-27T02:07:37","date_gmt":"2020-02-27T02:07:37","guid":{"rendered":"http:\/\/www.movimientocaamanista.com\/?p=1204"},"modified":"2020-02-27T02:07:39","modified_gmt":"2020-02-27T02:07:39","slug":"parasitos-otro-falso-referente-de-la-lucha-de-clases","status":"publish","type":"post","link":"http:\/\/www.movimientocaamanista.com\/?p=1204","title":{"rendered":"Par\u00e1sitos, otro falso referente de la lucha de clases"},"content":{"rendered":"\n<p><a href=\"http:\/\/www.elcaptor.com\/economia\/parasitos-falso-referente-lucha-clases\">El Captor<\/a><\/p>\n\n\n\n<p><strong>Un problema conceptual recorre los tiempos presentes<\/strong>. Se ha perdido el significado original de \u201cfascismo\u201d, \u201ccomunismo\u201d, \u201cdemocracia\u201d, \u201cliberalismo\u201d. Todo lo que hay en el momento actual y en el porvenir es una parodia. Conceptos puros que han envilecido. Asistimos a una involuci\u00f3n, a una degradaci\u00f3n del pensamiento. La vanguardia y la novedad han muerto. Lo que naci\u00f3 en un tiempo anterior no conserva su significado primigenio. Existe una inversi\u00f3n de significados y esencias. Ya nada es lo que era, fuera lo que fuera.<\/p>\n\n\n\n<p>El \u00faltimo ejemplo de toda esta reflexi\u00f3n es Par\u00e1sitos, avalada y premiada a partes iguales tanto en los \u00d3scars como en las redacciones sociales. Que si \u201cdescripci\u00f3n magn\u00edfica de la lucha de clases\u201d, que si \u201creflejo extraordinario de las tensiones y las diferencias sociales\u201d, etc\u2026&nbsp;<strong>Cine, propaganda y confusi\u00f3n<\/strong>. La promiscuidad entre lo verdadero y falso prosigue su marcha.<\/p>\n\n\n\n<p>Todo est\u00e1 impregnado de par\u00e1sitos, es cierto. Pero algunos son la reina madre y otros son, simplemente, cr\u00edas.&nbsp; Cientos de miles de cr\u00edas que no se sienten a s\u00ed mismas como cr\u00edas. En cualquier caso, maticemos:&nbsp;<strong>Par\u00e1sito: organismo vivo que invade otro organismo para vivir de su vitalidad y energ\u00eda<\/strong>. Y&nbsp; he aqu\u00ed una pel\u00edcula que presenta e identifica a los par\u00e1sitos con las clases bajas. \u00bfD\u00f3nde est\u00e1 aqu\u00ed la lucha de clases de Marx?<\/p>\n\n\n\n<p>La lucha de clases bien entendida, y tal como se concibi\u00f3 en su origen, se\u00f1alaba a las clases altas como parasitarias. Eran estas las que se nutr\u00edan de la vida, el esfuerzo y el sacrificio de los organismos hu\u00e9spedes, esto es, las clases bajas. La pel\u00edcula \u201cPar\u00e1sitos\u201d, al contrario, presenta a las clases altas como clases celestiales, sin maldad moral, generosas a la hora de conceder trabajo, compartir su bienestar material y riqueza. Al mismo tiempo,&nbsp;<strong>circunscribe a la<\/strong>&nbsp;<strong>clase obrera&nbsp;a una clase torpe<\/strong>, irresponsable, poseedora de vicios morales despreciables, comportamientos \u00e9ticos reprobables e incluso olor repugnante.<\/p>\n\n\n\n<p>No solo eso. \u201cPar\u00e1sitos\u201d se\u00f1ala que una clase obrera con este tipo de valores no merece oportunidad alguna en el sistema, algo que teniendo en cuenta todo lo advertido anteriormente, parece bastante l\u00f3gico. En todo caso, esta es la \u00fanica \u00f3ptica desde la que hay que entender este film. Lo que ha premiado Hollywood es:&nbsp;<strong>si la clase social inferior fracasa es por obra y causa de sus propios errores<\/strong>, nunca por el bloqueo o la acci\u00f3n ejercida desde arriba. La \u00e9lite no es descrita en \u201cPar\u00e1sitos\u201d como una \u00e9lite discutible, con errores, vicios, maldad. No hay cr\u00edtica hacia la \u00e9lite. Ella simplemente est\u00e1 ah\u00ed, con su opulencia, su felicidad, su burbuja. &nbsp;No hay rastro de los planos que emplearon para construir ese mundo desbordante.<\/p>\n\n\n\n<p>Por lo tanto, atenci\u00f3n: el \u00fanico car\u00e1cter metaf\u00f3rico de Par\u00e1sitos se dirige a la clase dirigente y es el siguiente;&nbsp;<strong>\u201cno ignor\u00e9is la conveniencia de identificar correctamente la clase social diligente, imb\u00e9ciles.&nbsp;Aunque siempre&nbsp;terminen por ser grotescos y miserables<\/strong>\u201d.<\/p>\n","protected":false},"excerpt":{"rendered":"<p>El Captor Un problema conceptual recorre los tiempos presentes. Se ha perdido el significado original de \u201cfascismo\u201d, \u201ccomunismo\u201d, \u201cdemocracia\u201d, \u201cliberalismo\u201d. Todo lo que hay en el momento actual y en el porvenir es una parodia. Conceptos puros que han envilecido. Asistimos a una involuci\u00f3n, a una degradaci\u00f3n del pensamiento. La vanguardia y la novedad han [&hellip;]<\/p>\n","protected":false},"author":1,"featured_media":1206,"comment_status":"open","ping_status":"open","sticky":false,"template":"","format":"standard","meta":{"footnotes":""},"categories":[4],"tags":[],"_links":{"self":[{"href":"http:\/\/www.movimientocaamanista.com\/index.php?rest_route=\/wp\/v2\/posts\/1204"}],"collection":[{"href":"http:\/\/www.movimientocaamanista.com\/index.php?rest_route=\/wp\/v2\/posts"}],"about":[{"href":"http:\/\/www.movimientocaamanista.com\/index.php?rest_route=\/wp\/v2\/types\/post"}],"author":[{"embeddable":true,"href":"http:\/\/www.movimientocaamanista.com\/index.php?rest_route=\/wp\/v2\/users\/1"}],"replies":[{"embeddable":true,"href":"http:\/\/www.movimientocaamanista.com\/index.php?rest_route=%2Fwp%2Fv2%2Fcomments&post=1204"}],"version-history":[{"count":1,"href":"http:\/\/www.movimientocaamanista.com\/index.php?rest_route=\/wp\/v2\/posts\/1204\/revisions"}],"predecessor-version":[{"id":1205,"href":"http:\/\/www.movimientocaamanista.com\/index.php?rest_route=\/wp\/v2\/posts\/1204\/revisions\/1205"}],"wp:featuredmedia":[{"embeddable":true,"href":"http:\/\/www.movimientocaamanista.com\/index.php?rest_route=\/wp\/v2\/media\/1206"}],"wp:attachment":[{"href":"http:\/\/www.movimientocaamanista.com\/index.php?rest_route=%2Fwp%2Fv2%2Fmedia&parent=1204"}],"wp:term":[{"taxonomy":"category","embeddable":true,"href":"http:\/\/www.movimientocaamanista.com\/index.php?rest_route=%2Fwp%2Fv2%2Fcategories&post=1204"},{"taxonomy":"post_tag","embeddable":true,"href":"http:\/\/www.movimientocaamanista.com\/index.php?rest_route=%2Fwp%2Fv2%2Ftags&post=1204"}],"curies":[{"name":"wp","href":"https:\/\/api.w.org\/{rel}","templated":true}]}}