{"id":1227,"date":"2020-03-01T15:23:41","date_gmt":"2020-03-01T15:23:41","guid":{"rendered":"http:\/\/www.movimientocaamanista.com\/?p=1227"},"modified":"2020-03-01T15:23:42","modified_gmt":"2020-03-01T15:23:42","slug":"es-normal-que-la-oligarquia-del-conep-coincida-con-danilo-medina","status":"publish","type":"post","link":"http:\/\/www.movimientocaamanista.com\/?p=1227","title":{"rendered":"Es normal que la oligarqu\u00eda del CONEP coincida con Danilo Medina"},"content":{"rendered":"\n<p>MOVIMIENTO POPULAR DOMINICANO (M.P.D.)<\/p>\n\n\n\n<p>El Consejo Nacional de la Empresa Privada, (CONEP), ha dado el apoyo al pasado discurso del pasado 27 de febrero con el motivo de la rendici\u00f3n de cuentas a la naci\u00f3n del presidente Danilo Medina.<br>\nLo que significa, que estos empresarios como debe ser est\u00e1n al lado del gobierno peledeista-capitalista, porque \u00e9ste le ha garantizado crecimiento econ\u00f3mico, tranquilidad y privilegios en el dominio de los trabajadores y empleados de su \u00e1rea.<br>\nDonde la sindicalizaci\u00f3n est\u00e1 ausente, el alza del salario a los servidores del \u00e1rea privada, brilla por su ausencia.<\/p>\n\n\n\n<p>&#8220;Definitivamente el pa\u00eds ha avanzado&#8221;, dice el vicepresidente de la entidad, C\u00e9sar Dargam&#8221;.<br>\n Sigue expresando, el mismo, &#8220;Si lo comparamos con el resto de la regi\u00f3n, nuestro desarrollo es parpable. El crecimiento y diversificaci\u00f3n de la econom\u00eda durante este periodo ha sido positivo&#8221;.<br>\nLa misma teor\u00eda y estratagema tradicional para confundir a la opini\u00f3n p\u00fablica en cuanto a la t\u00e9trica realidad nacional.<\/p>\n\n\n\n<p>No es casual que estos hayan realizado reuniones y consensos con todos los candidatos a los cargos municipales de las frustradas elecciones elecciones del pasado 16 de febrero.<\/p>\n\n\n\n<p>Est\u00e1n jugando su papel pol\u00edtico, su papel de clase o sector de las clases dominantes en la Rep\u00fablica Dominicana.<br>\nSabemos que a ciertos politicos, soci\u00f3logos e intelectuales no les gusta, que hablen de clases sociales, si no de sectores sociales y econ\u00f3micos o de la clase pol\u00edtica, t\u00e9rminos estos embaucadores, para que las masas del pueblo permanezcan en la ignorancia.<\/p>\n\n\n\n<p>Toda la CONEP, la AIRD, ANJE y todo el sector financiero dominicano, componen las clase burguesas y olig\u00e1rquicas del pa\u00eds, coinciden  en dominar e influenciar la opini\u00f3n p\u00fablica y al Estado y a todas sus instancias pol\u00edticas, por lo que siempre habr\u00e1 un maridaje oligarqu\u00eda y burguesia con el poder pol\u00edtico, que en \u00e9ste caso ejerce el PLD y el danilismo de un lado y la partidocracia fragmentada en el congreso y sectores  econ\u00f3micos del otro lado.<\/p>\n\n\n\n<p>Nuestra organizaci\u00f3n Movimiento Popular Dominicano, MPD, Marxista-leninista y revolucionaria se debe al pueblo dominicano y rechaza la componenda de esta oligarqu\u00eda reaccionaria y antipueblo, en estos  momentos cr\u00edticos y  dif\u00edciles generados por la ambici\u00f3n desmedidas del danilismo peledeista-capitalista, por un lado y por el otro de la oposici\u00f3n vulgar, retr\u00f3grada y oportunista dirigida por hist\u00f3ricos culpables del desastre nacional (PRM), el<br>\nleonelismo, los reductos del vinchismo y del balaguerismo perverso.<\/p>\n\n\n\n<p>Por la unidad del pueblo contra el gobierno y la oligarqu\u00eda!!<\/p>\n\n\n\n<p>El empresariado es el enemigo de los trabajadores!!<\/p>\n\n\n\n<p>Empresarios, oposicion y gobierno enemigos del pueblo!!<\/p>\n\n\n\n<p>El Partido de Pablo Mart\u00ednez, El Moreno y El Men Presente!!<\/p>\n\n\n\n<p>Comisi\u00f3n Pol\u00edtica del Comit\u00e9 Central.<\/p>\n","protected":false},"excerpt":{"rendered":"<p>MOVIMIENTO POPULAR DOMINICANO (M.P.D.) El Consejo Nacional de la Empresa Privada, (CONEP), ha dado el apoyo al pasado discurso del pasado 27 de febrero con el motivo de la rendici\u00f3n de cuentas a la naci\u00f3n del presidente Danilo Medina. Lo que significa, que estos empresarios como debe ser est\u00e1n al lado del gobierno peledeista-capitalista, porque [&hellip;]<\/p>\n","protected":false},"author":1,"featured_media":405,"comment_status":"open","ping_status":"open","sticky":false,"template":"","format":"standard","meta":{"footnotes":""},"categories":[5,16],"tags":[],"_links":{"self":[{"href":"http:\/\/www.movimientocaamanista.com\/index.php?rest_route=\/wp\/v2\/posts\/1227"}],"collection":[{"href":"http:\/\/www.movimientocaamanista.com\/index.php?rest_route=\/wp\/v2\/posts"}],"about":[{"href":"http:\/\/www.movimientocaamanista.com\/index.php?rest_route=\/wp\/v2\/types\/post"}],"author":[{"embeddable":true,"href":"http:\/\/www.movimientocaamanista.com\/index.php?rest_route=\/wp\/v2\/users\/1"}],"replies":[{"embeddable":true,"href":"http:\/\/www.movimientocaamanista.com\/index.php?rest_route=%2Fwp%2Fv2%2Fcomments&post=1227"}],"version-history":[{"count":1,"href":"http:\/\/www.movimientocaamanista.com\/index.php?rest_route=\/wp\/v2\/posts\/1227\/revisions"}],"predecessor-version":[{"id":1228,"href":"http:\/\/www.movimientocaamanista.com\/index.php?rest_route=\/wp\/v2\/posts\/1227\/revisions\/1228"}],"wp:featuredmedia":[{"embeddable":true,"href":"http:\/\/www.movimientocaamanista.com\/index.php?rest_route=\/wp\/v2\/media\/405"}],"wp:attachment":[{"href":"http:\/\/www.movimientocaamanista.com\/index.php?rest_route=%2Fwp%2Fv2%2Fmedia&parent=1227"}],"wp:term":[{"taxonomy":"category","embeddable":true,"href":"http:\/\/www.movimientocaamanista.com\/index.php?rest_route=%2Fwp%2Fv2%2Fcategories&post=1227"},{"taxonomy":"post_tag","embeddable":true,"href":"http:\/\/www.movimientocaamanista.com\/index.php?rest_route=%2Fwp%2Fv2%2Ftags&post=1227"}],"curies":[{"name":"wp","href":"https:\/\/api.w.org\/{rel}","templated":true}]}}