{"id":1238,"date":"2020-03-04T02:17:57","date_gmt":"2020-03-04T02:17:57","guid":{"rendered":"http:\/\/www.movimientocaamanista.com\/?p=1238"},"modified":"2020-03-04T02:17:59","modified_gmt":"2020-03-04T02:17:59","slug":"desastre-colonial-en-puerto-rico","status":"publish","type":"post","link":"http:\/\/www.movimientocaamanista.com\/?p=1238","title":{"rendered":"Desastre colonial en Puerto Rico"},"content":{"rendered":"\n<p>Hedelberto L\u00f3pez Blanch<\/p>\n\n\n\n<p><strong>Fuentes:\u00a0<\/strong><a href=\"https:\/\/rebelion.org\/desastre-colonial-en-puerto-rico\/\">Rebeli\u00f3n <\/a><\/p>\n\n\n\n<p>A lo largo de la historia nunca ha sido un secreto que las metr\u00f3polis han controlado las colonias para satisfacer sus intereses pol\u00edticos, econ\u00f3micos o militares, mientras que los pa\u00edses bajo esa dominaci\u00f3n padecen numerosas necesidades. Ese es el caso de Puerto Rico, que desde 1898 y todav\u00eda en este siglo XXI su pueblo vive bajo la \u00e9gida de Estados Unidos.<\/p>\n\n\n\n<p>Aun est\u00e1n frescas para el mundo aquellas im\u00e1genes transmitidas por los medios de comunicaci\u00f3n cuando despu\u00e9s de los huracanes Irma y Mar\u00eda en 2017 que arrasaron la Isla, el presidente estadounidense Donald Trump lleg\u00f3 a Puerto Rico y en vez de otorgar apoyo econ\u00f3mico y financiero, lo que hizo fue lanzar paquetes de papel higi\u00e9nico a varios puertorrique\u00f1os.&nbsp;&nbsp;&nbsp;&nbsp;<\/p>\n\n\n\n<p>Los habitantes de esa isla del Caribe padecieron y aun afrontan inmensas necesidades por los estragos de los ciclones que provocaron m\u00e1s de miles de muertos y heridos, destruyeron viviendas, incrementaron la falta de agua potable y alimentos y colapsaron el sistema el\u00e9ctrico.<\/p>\n\n\n\n<p>Para incrementar las desgracias, recientemente un fuerte terremoto afect\u00f3 ese territorio que ocasion\u00f3 da\u00f1os considerables al pa\u00eds.<\/p>\n\n\n\n<p>Medio a\u00f1o antes del paso de los huracanes, la colonia ya padec\u00eda una enorme crisis econ\u00f3mico-financiera que Washington no ayud\u00f3 a resolver y el pa\u00eds se declar\u00f3 en una especie de quiebra, pues la deuda exterior se fijaba en m\u00e1s de 73 000 millones de d\u00f3lares.<\/p>\n\n\n\n<p>El entonces gobernador, Ricardo Rossell\u00f3, inform\u00f3 que tom\u00f3 la decisi\u00f3n de solicitarle a la Junta de Supervisi\u00f3n Fiscal (JSF) impuesta por el Congreso de Estados Unidos desde junio 30 de 2016, que se acogiera a la protecci\u00f3n del Titulo III para trabajar en forma estructurada e intentar cancelar los pagos bajo los par\u00e1metros del plan fiscal.<\/p>\n\n\n\n<p>Recordemos que la JSF fue instaurada debido a la crisis de la deuda p\u00fablica puertorrique\u00f1a con el objetivo de reestructurar las cuentas de la colonia, denominada eufem\u00edsticamente desde 1952, Estado Libre Asociado (ELA)<\/p>\n\n\n\n<p>La Junta tiene bajo su control las finanzas de Puerto Rico y ostenta la potestad de poner en marcha planes de austeridad, reformar la legislaci\u00f3n del pa\u00eds caribe\u00f1o y ajustar sus prioridades econ\u00f3micas.<\/p>\n\n\n\n<p>El T\u00edtulo III de la Ley para la Supervisi\u00f3n, tambi\u00e9n conocida como Ley Promesa, prev\u00e9 un proceso supervisado de reestructuraci\u00f3n al no lograr los acreedores y el Gobierno acuerdos para los pagos de deuda. Por tanto, el pa\u00eds tiene que reestructurar parte de su deuda en los tribunales.<\/p>\n\n\n\n<p>Una de las consecuencias de los desastres naturales que han golpeado al pa\u00eds, es que miles de puertorrique\u00f1os han abandonado la Isla y se han ido a Estados Unidos para tratar de paliar la agobiante situaci\u00f3n, pero en el Norte los consideran como ciudadanos de segunda categor\u00eda por lo que les resulta dif\u00edcil encontrar trabajo.<\/p>\n\n\n\n<p>En Puerto Rico, el 45 % de los ciudadanos vive por debajo de la l\u00ednea de pobreza y hay una tasa de desempleo del 19%. Especialistas indican que bajo la teor\u00eda del endeudamiento progresivo, el pa\u00eds tiene una infraestructura y una apariencia de modernidad que hace que muchos se confundan cuando lo visitan por un tiempo breve.<\/p>\n\n\n\n<p>Ante la enorme deuda que sobrepasa los 75 000 millones de d\u00f3lares, el gobierno y la JSF decretaron recortes por cerca de 2 000 millones de d\u00f3lares al gasto p\u00fablico anual hasta finales del 2020 (cerca del 20 % del presupuesto actual) y de 2 500 millones hasta 2025.<\/p>\n\n\n\n<p>Asimismo se disminuyeron las prestaciones sociales, beneficios laborales y derechos adquiridos; fueron cerradas &nbsp;decenas de escuelas y aument\u00f3 el coste de la universidad p\u00fablica. S\u00f3lo el 40% de la poblaci\u00f3n adulta trabaja o busca empleo (el resto no aporta o lo hace en la econom\u00eda sumergida). La inversi\u00f3n ha ca\u00eddo un 20 % y los activos bancarios en 40 %.<\/p>\n\n\n\n<p>Una reciente encuesta de la Comunidad del Censo estim\u00f3 que en 28 de los barrios del sur m\u00e1s cercanos al epicentro del reciente terremoto, la mitad de las familias tienen ingresos por debajo de los est\u00e1ndares federales de pobreza.<\/p>\n\n\n\n<p>La necesidad econ\u00f3mica en esa zona es dram\u00e1tica. En<strong>Gu\u00e1nica, Guayanilla, Maricao, Pe\u00f1uelas,&nbsp;<\/strong>ocho de cada 10 familias viven en la pobreza.<\/p>\n\n\n\n<p>Los datos indican que el denominador com\u00fan en toda esa zona &nbsp;es que m\u00e1s de la mitad de las personas son pobres.<\/p>\n\n\n\n<p>En algunos lugares las cifras son alarmantes pues la pobreza infantil en Gu\u00e1nica llega al 83%, mientras, que en Pe\u00f1uelas, Ponce, Guayanilla las tasas se sit\u00faan en 69 % (siete de cada 10). En todo Puerto Rico es de 57 %.<\/p>\n\n\n\n<p>Mientras esto ocurre, seg\u00fan datos de organizaciones sociales, en la \u00faltima d\u00e9cada las subsidiarias norteamericanas han extra\u00eddo del pa\u00eds, 330 000 millones de d\u00f3lares, pr\u00e1cticamente sin pagar impuestos.<\/p>\n\n\n\n<p>Sin autonom\u00eda pol\u00edtico-econ\u00f3mica, soberan\u00eda ni independencia, los puertorrique\u00f1os no tienen decisi\u00f3n alguna sobre su pa\u00eds, pero s\u00ed pueden servir en el ej\u00e9rcito de Estados Unidos como lo han hecho en Irak, Siria, Afganist\u00e1n y otras decenas de lugares en donde muchos han perdido la vida.<\/p>\n\n\n\n<p>Triste papel le ha tocado a la \u00fanica colonia de habla hispana que queda en toda Am\u00e9rica Latina y El Caribe.<\/p>\n","protected":false},"excerpt":{"rendered":"<p>Hedelberto L\u00f3pez Blanch Fuentes:\u00a0Rebeli\u00f3n A lo largo de la historia nunca ha sido un secreto que las metr\u00f3polis han controlado las colonias para satisfacer sus intereses pol\u00edticos, econ\u00f3micos o militares, mientras que los pa\u00edses bajo esa dominaci\u00f3n padecen numerosas necesidades. Ese es el caso de Puerto Rico, que desde 1898 y todav\u00eda en este siglo [&hellip;]<\/p>\n","protected":false},"author":1,"featured_media":1239,"comment_status":"open","ping_status":"open","sticky":false,"template":"","format":"standard","meta":{"footnotes":""},"categories":[5,3],"tags":[],"_links":{"self":[{"href":"http:\/\/www.movimientocaamanista.com\/index.php?rest_route=\/wp\/v2\/posts\/1238"}],"collection":[{"href":"http:\/\/www.movimientocaamanista.com\/index.php?rest_route=\/wp\/v2\/posts"}],"about":[{"href":"http:\/\/www.movimientocaamanista.com\/index.php?rest_route=\/wp\/v2\/types\/post"}],"author":[{"embeddable":true,"href":"http:\/\/www.movimientocaamanista.com\/index.php?rest_route=\/wp\/v2\/users\/1"}],"replies":[{"embeddable":true,"href":"http:\/\/www.movimientocaamanista.com\/index.php?rest_route=%2Fwp%2Fv2%2Fcomments&post=1238"}],"version-history":[{"count":1,"href":"http:\/\/www.movimientocaamanista.com\/index.php?rest_route=\/wp\/v2\/posts\/1238\/revisions"}],"predecessor-version":[{"id":1240,"href":"http:\/\/www.movimientocaamanista.com\/index.php?rest_route=\/wp\/v2\/posts\/1238\/revisions\/1240"}],"wp:featuredmedia":[{"embeddable":true,"href":"http:\/\/www.movimientocaamanista.com\/index.php?rest_route=\/wp\/v2\/media\/1239"}],"wp:attachment":[{"href":"http:\/\/www.movimientocaamanista.com\/index.php?rest_route=%2Fwp%2Fv2%2Fmedia&parent=1238"}],"wp:term":[{"taxonomy":"category","embeddable":true,"href":"http:\/\/www.movimientocaamanista.com\/index.php?rest_route=%2Fwp%2Fv2%2Fcategories&post=1238"},{"taxonomy":"post_tag","embeddable":true,"href":"http:\/\/www.movimientocaamanista.com\/index.php?rest_route=%2Fwp%2Fv2%2Ftags&post=1238"}],"curies":[{"name":"wp","href":"https:\/\/api.w.org\/{rel}","templated":true}]}}