{"id":1295,"date":"2020-03-13T11:29:22","date_gmt":"2020-03-13T11:29:22","guid":{"rendered":"http:\/\/www.movimientocaamanista.com\/?p=1295"},"modified":"2020-03-13T11:29:23","modified_gmt":"2020-03-13T11:29:23","slug":"corona-crisis-alerta","status":"publish","type":"post","link":"http:\/\/www.movimientocaamanista.com\/?p=1295","title":{"rendered":"CORONA CRISIS \u00a1ALERTA!"},"content":{"rendered":"\n<p>Narciso Isa Conde<\/p>\n\n\n\n<p>La vertiente econ\u00f3mica de la crisis integral que afecta las estructuras de poder e impacta a nuestra sociedad, tiende a precipitarse con lo del corona-virus.<\/p>\n\n\n\n<p>Ya no es solo la repercusi\u00f3n del casi insostenible endeudamiento y del elevado d\u00e9ficit fiscal, ni del impacto del deterioro progresivo pol\u00edtico-institucional en la econom\u00eda,<\/p>\n\n\n\n<p>Hay m\u00e1s.<\/p>\n\n\n\n<p>Visto el entorno mundial, estamos camino a un desastre econ\u00f3mico-social a consecuencia de la paralizaci\u00f3n y colapso de una gran cantidad de actividades (deportivas, art\u00edsticas, culturales, tur\u00edsticas, educativas, productivas\u2026) a causa de la pandemia del corona-virus en fase de expansi\u00f3n y a consecuencia del p\u00e1nico que ha comenzado a instalarse en un pa\u00eds con un sistema de salud altamente ineficiente y privatizado, vulnerable y desbordable hasta niveles que podr\u00edan ser dram\u00e1ticos.<\/p>\n\n\n\n<p>Amenaza una par\u00e1lisis forzada en una sociedad con escasas reservas y muchas vulnerabilidades.<\/p>\n\n\n\n<p>El propio proceso electoral con el que la clase dominante procura reproducir y airear el sistema, est\u00e1 en vilo. El Corona tiende a obstruirlo y el r\u00e9gimen puede aprovechar la situaci\u00f3n para cualquier diablura.<\/p>\n\n\n\n<p>A la decadencia general del sistema se agregan desgarramientos y choque al interior de su bloque capitalista dominante, todos de pron\u00f3sticos reservados.<\/p>\n\n\n\n<p>Vale el alerta y la preparaci\u00f3n en direcci\u00f3n a impedir que vuelquen contra el pueblo humilde y sectores medios todo el peso de una crisis brutal e in\u00e9dita, provocada por la deshumanizaci\u00f3n extrema de las c\u00fapulas capitalistas-imperialistas, que han creado una peligrosa tendencia hacia una crisis de existencia del planeta y de la sociedad humana global.<\/p>\n\n\n\n<p>\u00a1Cuidarnos sin olvidar la solidaridad y el cuido colectivo de un pueblo que ha sido v\u00edctima de la opulencia de unos pocos que maltratan la Madre Tierra y empobrecen la humanidad!<\/p>\n","protected":false},"excerpt":{"rendered":"<p>Narciso Isa Conde La vertiente econ\u00f3mica de la crisis integral que afecta las estructuras de poder e impacta a nuestra sociedad, tiende a precipitarse con lo del corona-virus. Ya no es solo la repercusi\u00f3n del casi insostenible endeudamiento y del elevado d\u00e9ficit fiscal, ni del impacto del deterioro progresivo pol\u00edtico-institucional en la econom\u00eda, Hay m\u00e1s. [&hellip;]<\/p>\n","protected":false},"author":1,"featured_media":1296,"comment_status":"open","ping_status":"open","sticky":false,"template":"","format":"standard","meta":{"footnotes":""},"categories":[5,16],"tags":[],"_links":{"self":[{"href":"http:\/\/www.movimientocaamanista.com\/index.php?rest_route=\/wp\/v2\/posts\/1295"}],"collection":[{"href":"http:\/\/www.movimientocaamanista.com\/index.php?rest_route=\/wp\/v2\/posts"}],"about":[{"href":"http:\/\/www.movimientocaamanista.com\/index.php?rest_route=\/wp\/v2\/types\/post"}],"author":[{"embeddable":true,"href":"http:\/\/www.movimientocaamanista.com\/index.php?rest_route=\/wp\/v2\/users\/1"}],"replies":[{"embeddable":true,"href":"http:\/\/www.movimientocaamanista.com\/index.php?rest_route=%2Fwp%2Fv2%2Fcomments&post=1295"}],"version-history":[{"count":1,"href":"http:\/\/www.movimientocaamanista.com\/index.php?rest_route=\/wp\/v2\/posts\/1295\/revisions"}],"predecessor-version":[{"id":1297,"href":"http:\/\/www.movimientocaamanista.com\/index.php?rest_route=\/wp\/v2\/posts\/1295\/revisions\/1297"}],"wp:featuredmedia":[{"embeddable":true,"href":"http:\/\/www.movimientocaamanista.com\/index.php?rest_route=\/wp\/v2\/media\/1296"}],"wp:attachment":[{"href":"http:\/\/www.movimientocaamanista.com\/index.php?rest_route=%2Fwp%2Fv2%2Fmedia&parent=1295"}],"wp:term":[{"taxonomy":"category","embeddable":true,"href":"http:\/\/www.movimientocaamanista.com\/index.php?rest_route=%2Fwp%2Fv2%2Fcategories&post=1295"},{"taxonomy":"post_tag","embeddable":true,"href":"http:\/\/www.movimientocaamanista.com\/index.php?rest_route=%2Fwp%2Fv2%2Ftags&post=1295"}],"curies":[{"name":"wp","href":"https:\/\/api.w.org\/{rel}","templated":true}]}}