{"id":1301,"date":"2020-03-14T11:03:36","date_gmt":"2020-03-14T11:03:36","guid":{"rendered":"http:\/\/www.movimientocaamanista.com\/?p=1301"},"modified":"2020-03-15T18:43:59","modified_gmt":"2020-03-15T18:43:59","slug":"el-relato-oficial-del-coronavirus-oculta-una-crisis-sistemica","status":"publish","type":"post","link":"http:\/\/www.movimientocaamanista.com\/?p=1301","title":{"rendered":"El relato oficial del coronavirus oculta una crisis sist\u00e9mica"},"content":{"rendered":"\n<p>Joan Benach<\/p>\n\n\n\n<p>Fuente: <a href=\"https:\/\/rebelion.org\/el-relato-oficial-del-coronavirus-oculta-una-crisis-sistemica\/\">Rebeli\u00f3n<\/a><\/p>\n\n\n\n<p>Todo parece indicar que esta epidemia representa una ocasi\u00f3n ideal para justificar la recesi\u00f3n econ\u00f3mica capitalista que se acerca<\/p>\n\n\n\n<p>El nuevo coronavirus (SARS-Cov-2) tiene muchas caras. La faceta relacionada con la salud lleva semanas siendo minuciosamente examinada, o mejor dicho escrutada, por los medios de comunicaci\u00f3n. Desde la \u00faltima semana de enero hasta el momento de escribir este texto, el 9 de marzo, el coronavirus ha infectado de forma reconocida a m\u00e1s de 114.000 personas en m\u00e1s de 100 pa\u00edses, ha causado la muerte de m\u00e1s de 4.000 individuos, y es m\u00e1s que probable que varios miles de fallecimientos m\u00e1s engrosen la cuenta en las pr\u00f3ximas semanas o meses en lo que ya se prev\u00e9 ser\u00e1 una pandemia.<\/p>\n\n\n\n<figure class=\"wp-block-image\"><img decoding=\"async\" src=\"https:\/\/rebelion.org\/wp-content\/uploads\/2020\/03\/CTXT.jpg\" alt=\"\" class=\"wp-image-599390\"\/><\/figure>\n\n\n\n<p>Sin lugar a dudas, es un problema de salud serio, pero no el m\u00e1s importante, tal vez ni siquiera el m\u00e1s urgente. Un ejemplo de ello es la tasa de letalidad, estimada en un 3,4%, lo que se puede comparar con el 11% en el caso del SARS (s\u00edndrome respiratorio agudo grave) o el 34% del MERS (s\u00edndrome respiratorio del Oriente Medio). Pensemos adem\u00e1s que cada d\u00eda mueren en promedio en Espa\u00f1a m\u00e1s de 1.100 personas de causas muy diversas, y que la gripe com\u00fan causa anualmente en nuestro pa\u00eds entre 6.000 y 15.000 muertes. No sabemos cu\u00e1nta gente est\u00e1 infectada por el coronavirus, pero parece muy probable que un elevado porcentaje de casos pase desapercibido, con una sintomatolog\u00eda inadvertida o no registrada, lo que implicar\u00eda que la tasa de letalidad real ser\u00eda bastante menor de la registrada hasta el momento.<\/p>\n\n\n\n<p>Ello no significa, sin embargo, que el coronavirus no sea un tema de salud relevante o incluso preocupante.<\/p>\n\n\n\n<p>En primer lugar, la mortalidad generada por el COVID-19 en los grupos de edad m\u00e1s avanzados o en las personas con patolog\u00eda previas es alta (cerca del 15% en mayores de 80 a\u00f1os) y su morbilidad y afectaci\u00f3n general de salud puede ser importante.<\/p>\n\n\n\n<p>En segundo lugar, tiene una elevada contagiosidad, lo que genera un problema de salud p\u00fablica destacado en muchos pa\u00edses y potencialmente para todos. China, Corea del Sur, Jap\u00f3n, Ir\u00e1n e Italia son hasta el momento los m\u00e1s afectados. Y, aunque el riesgo de mortalidad sea bajo, dado que el potencial n\u00famero de afectados podr\u00eda llegar a ser muy elevado, esto podr\u00eda llegar a implicar un recuento total de muertes muy alto.<\/p>\n\n\n\n<p>Y tercero, el impacto de la epidemia sobre el sistema sanitario puede ser muy relevante por razones diversas: el periodo de incubaci\u00f3n en que las personas son contagiosas es de cinco d\u00edas; el n\u00famero de casos es exponencial; un porcentaje elevado requerir\u00e1 hospitalizaci\u00f3n bien sea por su situaci\u00f3n cl\u00ednica, vigilancia o aislamiento; los pacientes deber\u00e1n estar aislados hasta que dejen de ser contagiosos, lo que requiere de afinados sistemas de cribado, un elevado volumen de procesamiento de muestras en centros de referencia, y una gobernanza integrada de decisiones cl\u00ednicas y salud p\u00fablica para identificar los pacientes cribados, puestos en cuarentena y si esta debe hacerse en domicilio o en un centro hospitalario.<\/p>\n\n\n\n<p>Adem\u00e1s, una parte importante del trabajo de muchos profesionales sanitarios espa\u00f1oles se est\u00e1 destinando al abordaje de la emergencia en curso. A ello se a\u00f1ade que el personal sanitario es el colectivo m\u00e1s expuesto y a la vez el que mayor riesgo alberga de contagiar a individuos particularmente vulnerables frente a la infecci\u00f3n, por lo que la sobrecarga es doble.<\/p>\n\n\n\n<p>Las sociedades cient\u00edficas de diferentes especialidades m\u00e9dicas han realizado protocolos conjuntos y documentos informativos muy valiosos. Sin embargo, la complejidad y el coste asociados a estas medidas excepcionales son altos y suponen un elevado estr\u00e9s para el sistema sanitario, que se traduce en un no menospreciable riesgo de desborde o incluso colapso si los hospitales act\u00faan durante un periodo prolongado como principal frente de contenci\u00f3n de la epidemia.<\/p>\n\n\n\n<p>Por \u00faltimo, es tambi\u00e9n motivo para la preocupaci\u00f3n la probabilidad de que, al menos a corto plazo, se trate de una epidemia \u201crecurrente\u201d que pueda repetirse cada a\u00f1o. Parece probable que el SARS-CoV-2 haya llegado para quedarse, y que permanezca entre los virus que habitualmente afectan a la humanidad como ocurri\u00f3 con la gripe A.<\/p>\n\n\n\n<p>Adem\u00e1s, pueden aparecer epidemias de origen similar al coronavirus actual o incluso mucho m\u00e1s graves que podr\u00edan generar una pandemia con una mortalidad global mucho mayor. No hay olvidar que la causa del actual brote epid\u00e9mico \u2013y de otros previos como el SARS-CoV en 2002, la gripe aviar (H5N1) en 2003, la gripe porcina (H1N1) en 2009, el MERS-CoV en 2012, el \u00e9bola en 2013 o el Zyka (ZIKV) en 2015)\u2013 radica, en gran medida, en la compleja transmisi\u00f3n a trav\u00e9s de animales relacionada con el desarrollo de una agricultura y avicultura intensivas y de un creciente mercado y consumo de animales salvajes y ex\u00f3ticos. A ello se une la capacidad actual de extensi\u00f3n de epidemias debido a la falta de higiene y recursos adecuados invertidos en salud p\u00fablica, la densidad urbana, y la globalizaci\u00f3n tur\u00edstica, entre otros factores<sup><strong>[1]<\/strong><\/sup>.<\/p>\n\n\n\n<p>La globalizaci\u00f3n ha transformado la relaci\u00f3n entre humanos y virus, donde lo local es global y lo global es local. Y muchos pa\u00edses no tienen sistemas de salud p\u00fablica efectivos para hacer frente a los retos que se plantean, ni existe tampoco un sistema de salud p\u00fablica global apropiado<sup><strong>[2]<\/strong><\/sup>.<\/p>\n\n\n\n<p>En todo caso, la mayor\u00eda de los pa\u00edses con recursos sanitarios p\u00fablicos efectivos y que han aplicado medidas dr\u00e1sticas, como China, donde la ciudad de Wuhan, con 11 millones de habitantes, en la regi\u00f3n de Hubei (58 millones), lleva desde finales de enero en una cuarentena draconiana, o Jap\u00f3n que ha cerrado colegios durante semanas, o Italia y Espa\u00f1a que progresivamente est\u00e1n ampliando el territorio de control y contenci\u00f3n del coronavirus, deber\u00e1n ser capaces de contener la epidemia en un tiempo relativamente breve, evitando as\u00ed que el impacto en la salud colectiva se agrave con el paso del tiempo.<\/p>\n\n\n\n<p>Una situaci\u00f3n bien diferente puede ocurrir en muchos pa\u00edses pobres, con sistemas sanitarios muy d\u00e9biles y con determinantes sociales de la salud muy deficientes (pobreza, hacinamiento urbano, sistemas de agua residuales defectuosos o inexistentes, negligencia de la industria farmac\u00e9utica, sistemas de salud p\u00fablica d\u00e9biles, dietas alimentarias deficientes, etc). Es el caso de muchos pa\u00edses africanos, donde el riesgo de que la epidemia cause da\u00f1os muy notables o incluso extremos es elevado.<\/p>\n\n\n\n<p>Pero si el problema de salud p\u00fablica no es necesariamente tan extremadamente alarmante como se presenta en los medios, \u00bfpor qu\u00e9 entonces se trata a esta epidemia como una cuesti\u00f3n que merece una atenci\u00f3n casi exclusiva y con un seguimiento a tiempo real? El COVID-19 no es s\u00f3lo un problema de salud global, sino tambi\u00e9n un problema con otras caras interconectadas de tipo econ\u00f3mico, ecol\u00f3gico y social. Estas lo convierten, de hecho, en un problema sist\u00e9mico y pol\u00edtico sobre el que conviene reflexionar.<\/p>\n\n\n\n<p>Desde el punto de vista econ\u00f3mico, seg\u00fan numerosos analistas, consultoras o auditoras como Deloitte, el FMI, o la OCDE<sup><strong>[3]<\/strong><\/sup>, la epidemia ha contribuido a frenar la econom\u00eda generando un menor crecimiento y un descenso en la producci\u00f3n, comercio, consumo, turismo y transporte, o incluso la ca\u00edda de las bolsas. Las f\u00e1bricas y negocios cierran; millones de personas no realizan sus viajes habituales; se promueve el teletrabajo, la videoconferencia o la posibilidad de una mayor producci\u00f3n local para proteger las cadenas de suministro; am\u00e9n de una fuerte subida en los precios de productos como los geles desinfectantes o las mascarillas. En una econom\u00eda tan interdependiente, ca\u00f3tica y fr\u00e1gil como el capitalismo, donde la incertidumbre, la especulaci\u00f3n y la constante b\u00fasqueda del beneficio son esenciales, las complejas consecuencias sist\u00e9micas futuras son una inc\u00f3gnita, pero todo apunta a la posibilidad de una cercana y grave recesi\u00f3n econ\u00f3mica.<\/p>\n\n\n\n<p>Desde el punto de vista ecol\u00f3gico, estrechamente conectado con la econom\u00eda, el frenazo econ\u00f3mico ha reducido el consumo de combustibles f\u00f3siles, la emisi\u00f3n de CO<sub>2<\/sub>&nbsp;y la contaminaci\u00f3n del aire. Por ejemplo, en China se ha reducido el consumo de petr\u00f3leo notablemente y las emisiones de gases en un 25%. Lo mismo ocurrir\u00e1 en otros muchos pa\u00edses.<\/p>\n\n\n\n<p>El impacto de la epidemia del coronavirus puede parecer parad\u00f3jico: sus evidentes efectos negativos en la salud, la sociedad y la econom\u00eda, a corto plazo, son beneficiosos para la crisis clim\u00e1tica y ecol\u00f3gica, y tal vez tambi\u00e9n para la salud, a medio plazo. Como en toda crisis econ\u00f3mica, al frenar la actividad industrial y el transporte se reducen la mortalidad y morbilidad asociados a accidentes laborales, de tr\u00e1fico, a la contaminaci\u00f3n ambiental, etc.<\/p>\n\n\n\n<p>Esa aparente paradoja queda despejada cuando se comprende que la l\u00f3gica de crecimiento exponencial y muchos de los desarrollos caracter\u00edsticos del capitalismo son altamente perjudiciales para la homeostasis del planeta y el desarrollo social y, por tanto, para la salud colectiva.<\/p>\n\n\n\n<p>Desde el punto de vista social, estamos ante una epidemia de p\u00e1nico, cuyo origen podemos rastrear en algunas de sus caracter\u00edsticas esenciales: no es una epidemia altamente letal pero es nueva y de un origen a\u00fan no del todo esclarecido; no podemos predecir su evoluci\u00f3n, lo que crea una gran incertidumbre; no existe un tratamiento ni vacuna efectivos; se ha extendido con rapidez en los pa\u00edses m\u00e1s ricos del planeta y, seguramente, en todo tipo de clases sociales; los medios de comunicaci\u00f3n y las redes sociales han magnificado su impacto entre una poblaci\u00f3n que mayoritariamente siente fobia al riesgo; la epidemia es una oportunidad para degradar y aislar a China, al tiempo que localmente se generan respuestas racistas y xen\u00f3fobas.<\/p>\n\n\n\n<p>Pero, adem\u00e1s, la crisis del COVID-19 plantea dos asuntos adicionales de importancia. Por un lado, el imprescindible papel de los gobiernos, los servicios y la investigaci\u00f3n p\u00fablica para controlar de forma coordinada tanto la epidemia en s\u00ed como una probable \u2018epidemia de autoritarismo\u2019, visible en China con medidas de vigilancia y control extremas para detectar casos de infecci\u00f3n inadvertidos y&nbsp;<a href=\"https:\/\/www.thelancet.com\/journals\/lancet\/article\/PIIS0140-6736(20)30522-5\/fulltext\" target=\"_blank\" rel=\"noreferrer noopener\">la aplicaci\u00f3n de medidas restrictivas poco transparentes, cuando no directamente represivas<\/a>. La falta de claridad en la informaci\u00f3n difundida se refleja tambi\u00e9n en unos medios ciegos de inmediatez, atados al poder de grandes corporaciones, que buscan audiencia mediante el impacto inmediato emocional y el entretenimiento, y que son incapaces de transmitir un diagn\u00f3stico cr\u00edtico y sist\u00e9mico de lo que ocurre.<\/p>\n\n\n\n<p>En segundo lugar, la actual \u2018epidemia medi\u00e1tica\u2019 del coronavirus representa un coste de oportunidad, en un sentido bien conocido por muchos pol\u00edticos: cuando no se quiere hablar de un tema que molesta se distrae la atenci\u00f3n hablando de otro.<sup><strong>[4]<\/strong><\/sup>&nbsp;Ejemplos de ello son los ataques de Clinton en Sud\u00e1n y Afganist\u00e1n para tapar su&nbsp;<em>affaire&nbsp;<\/em>con Monica Lewinsky, o la la puesta en libertad por Berlusconi de pol\u00edticos con cargos de corrupci\u00f3n el mismo d\u00eda que Italia se clasific\u00f3 para la final de la copa del mundo de f\u00fatbol. Al hablar casi exclusivamente del coronavirus durante tantas semanas no hablamos de otros problemas mucho m\u00e1s graves que pasan desapercibidos.&nbsp;<a rel=\"noreferrer noopener\" href=\"https:\/\/ctxt.es\/es\/20200302\/Firmas\/31282\/coronavirus-contagio-apologia-miedo-santiago-alba-rico-covid19-enfermedad.htm\" target=\"_blank\">Como ha se\u00f1alado el fil\u00f3sofo Santiago Alba Rico<\/a>: \u201cDesde que existe el Covid-19 ya no ocurre nada. Ya no hay infartos ni dengue ni c\u00e1ncer ni otras gripes ni bombardeos ni refugiados ni terrorismo ni nada. Ya no hay, desde luego, cambio clim\u00e1tico\u201d. O tambi\u00e9n&nbsp;<a rel=\"noreferrer noopener\" href=\"https:\/\/blogs.publico.es\/fernando-luengo\/2020\/03\/08\/la-cortina-de-humo-del-coronavirus\/\" target=\"_blank\">el economista Fernando Luengo<\/a>&nbsp;al decir que ya no se habla del \u201celevado endeudamiento de las corporaciones privadas no financieras, el cord\u00f3n umbilical que une la pol\u00edtica de los bancos centrales a las grandes entidades bancarias y corporaciones\u201d, o \u201cel aumento de la desigualdad, la represi\u00f3n salarial\u201d, ni tampoco del drama de \u201clas personas refugiadas en Lesbos, aplastadas por la polic\u00eda griega y la extrema derecha\u201d, o \u201clos asesinatos de mujeres\u201d. Ni desde luego tampoco se habla de la atroz crisis ecol\u00f3gica que vivimos, que pone en peligro la vida en el planeta y la propia existencia de la humanidad, o de la precarizaci\u00f3n laboral masiva que padecen miles de millones de personas en el mundo, incluso las investigadoras italianas de la Universidad de Mil\u00e1n y el Hospital Sacco que aislaron la cepa del coronavirus.<\/p>\n\n\n\n<p>El COVID-19 es un detonador complejo de la crisis sist\u00e9mica del capitalismo, en la que todos los factores anteriores est\u00e1n fuertemente interconectados, sin que se puedan separar entre s\u00ed. Todo parece indicar que esta epidemia puede representar una ocasi\u00f3n ideal para justificar la crisis econ\u00f3mica capitalista que parece estar acerc\u00e1ndose<sup><strong>[5]<\/strong><\/sup>. El miedo produce una brusca ca\u00edda de la demanda, que baja el precio del petr\u00f3leo, lo que revierte en la emergencia de una crisis anunciada hasta este momento. Muy probablemente el coronavirus no es el \u00fanico responsable de las ca\u00eddas en las bolsas, como se dice, ni de una econom\u00eda capitalista desacelerada, con las ganancias de las corporaciones y la inversi\u00f3n industrial estancadas, sino que es la chispa de una crisis econ\u00f3mica pospuesta donde la mala salud de la econom\u00eda es muy anterior a la epidemia.<\/p>\n\n\n\n<p>Como han se\u00f1alado diversos economistas cr\u00edticos, como Alejandro Nadal, Eric Toussaint o Michael Roberts<sup><strong>[6]<\/strong><\/sup>, aunque los mercados burs\u00e1tiles son imprevisibles, todos los factores de una nueva crisis financiera est\u00e1n presentes desde al menos 2017. El coronavirus ser\u00eda tan solo la chispa de una explosi\u00f3n financiera pero no su principal causa<sup><strong>[7]<\/strong><\/sup>. Adem\u00e1s, no debe menospreciarse el papel de los gigantes accionistas (fondos de inversi\u00f3n como BlackRock y Vanguard, grandes bancos, empresas industriales, y megamillonarios) en la desestabilizaci\u00f3n burs\u00e1til vivida en las \u00faltimas semanas. Estos agentes recoger\u00edan as\u00ed los beneficios de los \u00faltimos a\u00f1os y evitar\u00edan p\u00e9rdidas, invirtiendo en los m\u00e1s seguros aunque menos rentables t\u00edtulos de deuda p\u00fablica, y exigiendo a los gobiernos que una vez m\u00e1s echen mano de los recursos p\u00fablicos para paliar p\u00e9rdidas econ\u00f3micas.<\/p>\n\n\n\n<p>La propaganda de los grandes grupos econ\u00f3micos y medi\u00e1ticos oculta la realidad e impide comprender adecuadamente lo que est\u00e1 ocurriendo. Transformar la compleja estructura social de un tren sin frenos, como el capitalismo, requiere imaginar una sociedad distinta y realizar un cambio radical con pol\u00edticas globales sist\u00e9micas en ecolog\u00eda, econom\u00eda y salud, que dise\u00f1en y experimenten formas alternativas de vida en un modelo productivo y de consumo m\u00e1s justo, homeost\u00e1tico, simple y saludable. Un primer paso necesario es no enga\u00f1arnos con las informaciones incompletas, emocionales o t\u00f3xicas del relato medi\u00e1tico hegem\u00f3nico del coronavirus y tratar de comprender la crisis sist\u00e9mica que oculta.<\/p>\n\n\n\n<p>\u2013\u2013\u2013\u2013\u2013\u2013\u2013\u2013\u2013\u2013<\/p>\n\n\n\n<p><strong>Joan Benach<\/strong>&nbsp;es profesor, investigador y salubrista (Grup Recerca Desigualtats en Salut, Greds-Emconet, UPF, JHU-UPF Public Policy Center), GinTrans2 (Grupo de Investigaci\u00f3n Transdisciplinar sobre Transiciones Socioecol\u00f3gicas (UAM).<\/p>\n\n\n\n<p><strong>Notas<\/strong><\/p>\n\n\n\n<p><sup>[1]<\/sup>&nbsp;Se produce mediante una reacci\u00f3n en cadena, con una retroalimentaci\u00f3n positiva de desastres, que es com\u00fan en pa\u00edses pobres. Ver: Mike Davis.&nbsp;<em>El Monstruo llama a nuestra puerta<\/em>. [Traducci\u00f3n de Mar\u00eda Julia Bertomeu con pr\u00f3logo de Antoni Dom\u00e8nech]. Barcelona, Viejo Topo, 2006.<\/p>\n\n\n\n<p><sup>[2]<\/sup>&nbsp;Idem.<\/p>\n\n\n\n<p><sup>[3]<\/sup>&nbsp;La OCDE advierte sobre la posibilidad de que el Covid-19 reduzca a la mitad el crecimiento econ\u00f3mico mundial de 2020 que podr\u00eda pasar del 2,9% al 1,5 del PIB. Ver: Michael Roberts.&nbsp;<em><a href=\"http:\/\/www.sinpermiso.info\/textos\/coronavirus-deuda-y-recesion.\">Coronavirus, deuda y recesi\u00f3n<\/a>. Sin Permiso.<\/em><\/p>\n\n\n\n<p><sup>[4]<\/sup>&nbsp;Ver por ejemplo: Christenson DP Kriner DL.&nbsp;<em>Mobilizing the public against the president: Congress and the political costs of unilateral action.<\/em>&nbsp;<em>American Journal of Political Science&nbsp;<\/em>2017; 61(4):769-785; Djourelova, M and R Durante (2019),&nbsp;<em>Media Attention and Strategic Timing in Politics: Evidence from US Presidential Executive Orders<\/em>, CEPR Discussion Paper 13961; Durante R, Zhuravskaya E.&nbsp;<em>Attack when the world is not watching? US media and the Israeli-Palestinian conflict. Journal of Political Economy&nbsp;<\/em>2018;126(3):1085-1133.<\/p>\n\n\n\n<p><sup>[5]<\/sup>&nbsp;Dado que esta recesi\u00f3n no est\u00e1 causada por una falta de demanda sino de oferta (p\u00e9rdida de producci\u00f3n, inversi\u00f3n y comercio), las soluciones keynesianas y monetaristas no funcionar\u00e1n. La causa principal del estancamiento es la disminuci\u00f3n de la rentabilidad del capital. La enorme deuda, particularmente en el sector corporativo, es una receta para un colapso grave si la rentabilidad del capital se redujera dr\u00e1sticamente. La epidemia acaba por fragilizar un sistema financiero que tiene el potencial de desencadenar una nueva crisis de deuda que podr\u00eda llevar al colapso de empresas y el mundo financiero. Ver: Michael Roberts.&nbsp;<em><a href=\"http:\/\/www.sinpermiso.info\/textos\/coronavirus-deuda-y-recesion\">Coronavirus, deuda y recesi\u00f3n<\/a>.<\/em>&nbsp;<em>Sin Permiso.<\/em><\/p>\n\n\n\n<p><sup>[6]<\/sup>&nbsp;Ver: Eric Toussaint.&nbsp;<em><a href=\"https:\/\/rebelion.org\/no-el-coronavirus-no-es-responsable-de-las-caidas-en-las-bolsas\/\">No, el coronavirus no es responsable de las ca\u00eddas en las bolsas<\/a>.<\/em>&nbsp;<em>Rebeli\u00f3n<\/em>; Alejandro Nadal.&nbsp;<em><a href=\"http:\/\/www.sinpermiso.info\/textos\/tasa-de-interes-vacuna-contra-el-coronavirus\">Tasa de inter\u00e9s: \u00bfvacuna contra el coronavirus?<\/a>&nbsp;Sin Permiso<\/em>; Michael Roberts.&nbsp;<em><a href=\"http:\/\/www.sinpermiso.info\/textos\/g20-y-covid-19\">G20 y COVID-19<\/a>. Sin Permiso<\/em>; Michael Roberts.&nbsp;<em><a href=\"http:\/\/www.sinpermiso.info\/textos\/coronavirus-deuda-y-recesion\">Coronavirus, deuda y recesi\u00f3n<\/a>. Sin Permiso.<\/em><\/p>\n\n\n\n<p><sup>[7]<\/sup>&nbsp;Antes de la aparici\u00f3n del nuevo coronavirus ya se hab\u00edan manifestado indicadores inquietantes en la econom\u00eda mundial como la inversi\u00f3n de la curva de rendimientos (los rendimientos de t\u00edtulos de m\u00e1s corto plazo superan a los de t\u00edtulos de largo plazo), lo que es un indicio de lo mal que est\u00e1n las expectativas de los inversionistas. Un ejemplo de este tipo de distorsi\u00f3n son las distintas evaluaciones convencionales de los \u00faltimos trimestres en el mercado de valores que revelan c\u00f3mo se ha abaratado dicho mercado en relaci\u00f3n con el rendimiento de los bonos de 30 a\u00f1os. Y ese no es un fen\u00f3meno nuevo: la inversi\u00f3n de la curva de rendimientos en los mercados europeos lleva a\u00f1os y en los \u00faltimos viene aproxim\u00e1ndose a niveles r\u00e9cord. Ver: Alejandro Nadal.&nbsp;<a href=\"http:\/\/www.sinpermiso.info\/textos\/tasa-de-interes-vacuna-contra-el-coronavirus\">Tasa de inter\u00e9s: \u00bfvacuna contra el coronavirus?<\/a>.&nbsp;<em>Sin permiso.<\/em><\/p>\n","protected":false},"excerpt":{"rendered":"<p>Joan Benach Fuente: Rebeli\u00f3n Todo parece indicar que esta epidemia representa una ocasi\u00f3n ideal para justificar la recesi\u00f3n econ\u00f3mica capitalista que se acerca El nuevo coronavirus (SARS-Cov-2) tiene muchas caras. La faceta relacionada con la salud lleva semanas siendo minuciosamente examinada, o mejor dicho escrutada, por los medios de comunicaci\u00f3n. Desde la \u00faltima semana de [&hellip;]<\/p>\n","protected":false},"author":1,"featured_media":1302,"comment_status":"open","ping_status":"open","sticky":false,"template":"","format":"standard","meta":{"footnotes":""},"categories":[5,3],"tags":[],"_links":{"self":[{"href":"http:\/\/www.movimientocaamanista.com\/index.php?rest_route=\/wp\/v2\/posts\/1301"}],"collection":[{"href":"http:\/\/www.movimientocaamanista.com\/index.php?rest_route=\/wp\/v2\/posts"}],"about":[{"href":"http:\/\/www.movimientocaamanista.com\/index.php?rest_route=\/wp\/v2\/types\/post"}],"author":[{"embeddable":true,"href":"http:\/\/www.movimientocaamanista.com\/index.php?rest_route=\/wp\/v2\/users\/1"}],"replies":[{"embeddable":true,"href":"http:\/\/www.movimientocaamanista.com\/index.php?rest_route=%2Fwp%2Fv2%2Fcomments&post=1301"}],"version-history":[{"count":1,"href":"http:\/\/www.movimientocaamanista.com\/index.php?rest_route=\/wp\/v2\/posts\/1301\/revisions"}],"predecessor-version":[{"id":1303,"href":"http:\/\/www.movimientocaamanista.com\/index.php?rest_route=\/wp\/v2\/posts\/1301\/revisions\/1303"}],"wp:featuredmedia":[{"embeddable":true,"href":"http:\/\/www.movimientocaamanista.com\/index.php?rest_route=\/wp\/v2\/media\/1302"}],"wp:attachment":[{"href":"http:\/\/www.movimientocaamanista.com\/index.php?rest_route=%2Fwp%2Fv2%2Fmedia&parent=1301"}],"wp:term":[{"taxonomy":"category","embeddable":true,"href":"http:\/\/www.movimientocaamanista.com\/index.php?rest_route=%2Fwp%2Fv2%2Fcategories&post=1301"},{"taxonomy":"post_tag","embeddable":true,"href":"http:\/\/www.movimientocaamanista.com\/index.php?rest_route=%2Fwp%2Fv2%2Ftags&post=1301"}],"curies":[{"name":"wp","href":"https:\/\/api.w.org\/{rel}","templated":true}]}}