{"id":1304,"date":"2020-03-14T11:07:28","date_gmt":"2020-03-14T11:07:28","guid":{"rendered":"http:\/\/www.movimientocaamanista.com\/?p=1304"},"modified":"2020-03-14T11:29:14","modified_gmt":"2020-03-14T11:29:14","slug":"la-declinacion-de-estados-unidos-nuevas-evidencias","status":"publish","type":"post","link":"http:\/\/www.movimientocaamanista.com\/?p=1304","title":{"rendered":"La declinaci\u00f3n de Estados Unidos: nuevas evidencias"},"content":{"rendered":"\n<p><a href=\"http:\/\/atilioboron.com.ar\/la-declinacion-de-estados-unidos-nuevas-evidencias\/\">Atilio A. Boron <\/a><\/p>\n\n\n\n<p>Una de las tesis centrales que desarroll\u00e9 al publicar&nbsp;<strong><em>Am\u00e9rica Latina en la Geopol\u00edtica del Imperialismo<\/em><\/strong>&nbsp;(Buenos Aires. Ediciones Luxemburg, 2012) sosten\u00eda que Estados Unidos hab\u00eda comenzado una lenta pero irreversible declinaci\u00f3n como superpotencia y centro de un vasto sistema imperial. Esta afirmaci\u00f3n era respaldada por numerosos datos estad\u00edsticos, an\u00e1lisis cualitativos y estudios hist\u00f3ricos as\u00ed como por m\u00faltiples referencias a los trabajos de algunos estudiosos estadounidenses quienes con indisimulable temor a ser estigmatizados por el \u201cpensamiento \u00fanico\u201d dominante en la academia se refer\u00edan oblicuamente al tema y aportaban a la tesis declinista. Pese a ello \u00e9sta tropez\u00f3 por mucho tiempo con la descalificaci\u00f3n -cuando no con el sarcasmo- de los portavoces de lo pol\u00edticamente correcto en el campo de las relaciones internacionales y en el mundo acad\u00e9mico en general . Trabajos posteriores de mi autor\u00eda profundizaron en esta l\u00ednea de interpretaci\u00f3n aportando nuevos datos que confirmaban irrefutablemente que el diagn\u00f3stico inicial del 2012 era m\u00e1s cierto que nunca en la actualidad.<\/p>\n\n\n\n<p>Por eso no puedo menos que manifestar mi satisfacci\u00f3n ante la nota que Juan G. Tokatlian publicara el d\u00eda de hoy, Jueves 12 de Marzo del 2020, en la p\u00e1gina de opini\u00f3n del diario&nbsp;<strong><em>Clar\u00edn<\/em><\/strong>. Por su claridad y contundencia quiero recomendarla a quienes siguen mis&nbsp; escritos porque en ella agrega elementos novedosos derivados de un an\u00e1lisis del momento actual de la Administraci\u00f3n Trump y los peligros que entra\u00f1a no s\u00f3lo para Latinoam\u00e9rica y el Caribe sino para la humanidad. (ver su nota en:&nbsp;<a href=\"https:\/\/www.clarin.com\/opinion\/trump--peligroso-declinista_0_Et_-wNxn.html\">https:\/\/www.clarin.com\/opinion\/trump\u2013peligroso-declinista_0_Et_-wNxn.html<\/a>&nbsp;) All\u00ed hace un llamado a los gobernantes de Nuestra Am\u00e9rica diciendo que \u201ces tiempo de prudencia, paciencia y perspicacia de nuestros gobiernos\u201d, lo cual es muy razonable. Nunca la imprudencia, la impaciencia o la necedad fueron buenas consejeras para los gobernantes que procuraban el bien para su pa\u00eds. &nbsp;M\u00e1s controversial sin embargo es la frase con que cierra su escrito: \u201cLa provocaci\u00f3n a Washington es hoy un acto de hero\u00edsmo pueril e insensato.\u201d El problema de saber lo que es y lo que no es una provocaci\u00f3n no es asunto de sencillo discernimiento cuando en la Casa Blanca hay un gobierno \u201cprepotente y pendenciero\u201d como el de Donald Trump y rebosante de colaboradores como Elliot Abrams, Mike Pompeo, Mauricio Claver-Carone y otros hampones de siniestros prontuarios. El tema es particularmente sensible para la Argentina porque para salir de la debacle heredada del macrismo el actual gobierno tendr\u00e1 que apelar a algunas pol\u00edticas o tomar ciertas decisiones que Trump y algunos miembros de su equipo podr\u00edan interpretar como \u201cprovocaciones\u201d. Y la arbitrariedad con que se maneja Washington en estos asuntos es absoluta. Cuando Israel bombardea escuelas y hospitales en Gaza tal cosa jam\u00e1s es definida como un acto de provocaci\u00f3n. En cambio, la profundizaci\u00f3n de las relaciones comerciales de los pa\u00edses latinoamericanos con Rusia y China se percibe como una flagrante provocaci\u00f3n. El asesinato diario de l\u00edderes sociales y pol\u00edticos en la Colombia de Iv\u00e1n Duque no inquieta a la Casa Blanca, pero &nbsp;la sobrevivencia de la Revoluci\u00f3n Cubana o la permanencia en el gobierno de la Rep\u00fablica Bolivariana de Venezuela de Nicol\u00e1s Maduro constituyen intolerables provocaciones que son repelidas con el mort\u00edfero arsenal de las guerras de quinta generaci\u00f3n y la comisi\u00f3n de cr\u00edmenes de lesa humanidad. Por consiguiente, habr\u00e1 que estar en guardia cuando Trump y sus compinches caractericen como una \u201cprovocaci\u00f3n\u201d las decisiones que puedan tomar los gobiernos que Washington considera como enemigos o simplemente no dispuestos a someterse a sus b\u00e1rbaros designios.<\/p>\n","protected":false},"excerpt":{"rendered":"<p>Atilio A. Boron Una de las tesis centrales que desarroll\u00e9 al publicar&nbsp;Am\u00e9rica Latina en la Geopol\u00edtica del Imperialismo&nbsp;(Buenos Aires. Ediciones Luxemburg, 2012) sosten\u00eda que Estados Unidos hab\u00eda comenzado una lenta pero irreversible declinaci\u00f3n como superpotencia y centro de un vasto sistema imperial. Esta afirmaci\u00f3n era respaldada por numerosos datos estad\u00edsticos, an\u00e1lisis cualitativos y estudios hist\u00f3ricos [&hellip;]<\/p>\n","protected":false},"author":1,"featured_media":1307,"comment_status":"open","ping_status":"open","sticky":false,"template":"","format":"standard","meta":{"footnotes":""},"categories":[5,3],"tags":[],"_links":{"self":[{"href":"http:\/\/www.movimientocaamanista.com\/index.php?rest_route=\/wp\/v2\/posts\/1304"}],"collection":[{"href":"http:\/\/www.movimientocaamanista.com\/index.php?rest_route=\/wp\/v2\/posts"}],"about":[{"href":"http:\/\/www.movimientocaamanista.com\/index.php?rest_route=\/wp\/v2\/types\/post"}],"author":[{"embeddable":true,"href":"http:\/\/www.movimientocaamanista.com\/index.php?rest_route=\/wp\/v2\/users\/1"}],"replies":[{"embeddable":true,"href":"http:\/\/www.movimientocaamanista.com\/index.php?rest_route=%2Fwp%2Fv2%2Fcomments&post=1304"}],"version-history":[{"count":1,"href":"http:\/\/www.movimientocaamanista.com\/index.php?rest_route=\/wp\/v2\/posts\/1304\/revisions"}],"predecessor-version":[{"id":1305,"href":"http:\/\/www.movimientocaamanista.com\/index.php?rest_route=\/wp\/v2\/posts\/1304\/revisions\/1305"}],"wp:featuredmedia":[{"embeddable":true,"href":"http:\/\/www.movimientocaamanista.com\/index.php?rest_route=\/wp\/v2\/media\/1307"}],"wp:attachment":[{"href":"http:\/\/www.movimientocaamanista.com\/index.php?rest_route=%2Fwp%2Fv2%2Fmedia&parent=1304"}],"wp:term":[{"taxonomy":"category","embeddable":true,"href":"http:\/\/www.movimientocaamanista.com\/index.php?rest_route=%2Fwp%2Fv2%2Fcategories&post=1304"},{"taxonomy":"post_tag","embeddable":true,"href":"http:\/\/www.movimientocaamanista.com\/index.php?rest_route=%2Fwp%2Fv2%2Ftags&post=1304"}],"curies":[{"name":"wp","href":"https:\/\/api.w.org\/{rel}","templated":true}]}}