{"id":1350,"date":"2020-03-18T00:51:38","date_gmt":"2020-03-18T00:51:38","guid":{"rendered":"http:\/\/www.movimientocaamanista.com\/?p=1350"},"modified":"2020-03-18T00:51:40","modified_gmt":"2020-03-18T00:51:40","slug":"crisis-del-sistema-sanitario-y-coronavirus","status":"publish","type":"post","link":"http:\/\/www.movimientocaamanista.com\/?p=1350","title":{"rendered":"Crisis del sistema sanitario y coronavirus"},"content":{"rendered":"\n<p>Coordinadora Antiprivatizaci\u00f3n De La Sanidad P\u00fablica De Madrid (CAS)<\/p>\n\n\n\n<p>Fuente: <a href=\"https:\/\/kaosenlared.net\/crisis-del-sistema-sanitario-y-coronavirus-2\/\">Kaos en la Red<\/a><\/p>\n\n\n\n<p>Existen demasiadas inc\u00f3gnitas sobre el surgimiento del Covid19. Entre ellas, cu\u00e1ndo y d\u00f3nde surgi\u00f3 el caso 0. Quiz\u00e1s, nunca las despejaremos del todo. Sin embargo, si algo nos ofrece la situaci\u00f3n provocada por la crisis del coronavirus, es la oportunidad de reflexionar acerca de la necesidad de una f\u00e9rrea defensa de una sanidad p\u00fablica de calidad.<\/p>\n\n\n\n<p>Durante todos estos a\u00f1os se ha alertado sobre el proceso de privatizaci\u00f3n que estaba sufriendo la sanidad. Madrid ha sido uno de los territorios m\u00e1s perjudicados por recortes y privatizaciones. Ahora, bajo m\u00ednimos por falta de personal y de material.<\/p>\n\n\n\n<p>En el momento actual, los centros sanitarios de Madrid -y otros puntos del estado- est\u00e1n al borde del colapso, con los trabajadores dej\u00e1ndose la piel y arriesgando sus vidas debido a los recortes de plantillas y a la falta de material de protecci\u00f3n. Esto ha provocado el contagio de centenares de ellos, con lo que ello implica para el funcionamiento del sistema. En las urgencias de muchos centros, sobrepasados por la situaci\u00f3n, no hay posibilidad de separaci\u00f3n entre pacientes respiratorios y no respiratorios, lo que convierte las salas de espera en potenciales focos de transmisi\u00f3n.<\/p>\n\n\n\n<p>Entre tanto, desde las Gerencias Sanitarias se env\u00edan instrucciones que nos recuerdan que nuestra obligaci\u00f3n es atender a todos los pacientes y de mantener la limpieza, restauraci\u00f3n,\u2026 Pero no disponemos de los medios de protecci\u00f3n adecuados, contrariamente a lo que dictan las recomendaciones m\u00e1s b\u00e1sicas de salud p\u00fablica y el sentido com\u00fan.<\/p>\n\n\n\n<p>Algunos m\u00e9dicos, personal sanitario o no sanitario, con s\u00edntomas, est\u00e1n aislados en sus casas. Otros, con o sin s\u00edntomas, pero en contacto con pacientes positivos, siguen trabajando con los pocos medios existentes. En muchas ocasiones no hay pruebas de detecci\u00f3n para ellos, a pesar de su incidencia en la diseminaci\u00f3n de la enfermedad. Mientras tanto, para quien s\u00ed hay pruebas, es para los pol\u00edticos de todo signo: Claro, ellos tienen que garantizar el inter\u00e9s general y deben ser testados los primeros.<\/p>\n\n\n\n<p>Cuando -desde 2005- nos manifest\u00e1bamos denunciando que la&nbsp;<strong>privatizaci\u00f3n mata<\/strong>, muchos de los telepredicadores que hoy se desga\u00f1itan en los saraos televisivos defendiendo la sanidad p\u00fablica, guardaron un escrupuloso silencio. Incluso los que fueron ejecutores directos del proceso de privatizaci\u00f3n, aparecen ahora de la mano de los que fueron colaboradores necesarios en su momento. Y denuncian c\u00ednicamente la \u00abprivatizaci\u00f3n del sistema de salud\u00bb ahora.<\/p>\n\n\n\n<p>Hoy, como siempre que hay una crisis que no hemos creado, gobiernos y autoridades solicitan comprensi\u00f3n y responsabilidad a la poblaci\u00f3n. La que ellos no tuvieron cuando firmaron las leyes privatizadoras, los despidos de miles de trabajadores del sector o la amortizaci\u00f3n de las plazas de los que se jubilaban. S\u00ed, esos mismos que recortaron por miles las camas hospitalarias de los centros p\u00fablicos para abrir hospitales privados. As\u00ed nos dejaron un sistema de salud en m\u00ednimos, incluidos servicios especializados y de urgencias, con menos capacidad para dar respuesta eficiente a una enfermedad de estas caracter\u00edsticas que hace 15 a\u00f1os. Nosotros repet\u00edamos que la salud nunca puede ser un negocio y los gestores se re\u00edan. Hoy no se r\u00ede nadie, porque hoy recogemos los frutos.<\/p>\n\n\n\n<p>En este momento no debemos olvidar que a la mortalidad directa de los pacientes que fallezcan por el Covid19, habr\u00e1 que sumar la indirecta: todos aquellos que pueden estar muriendo por falta de respuesta a tiempo del sistema sanitario, que en algunos puntos del estado est\u00e1 colapsando. Infartos, ictus, accidentes, \u2026 no est\u00e1n siendo atendidos en algunos centros, con la premura adecuada. El sistema no da m\u00e1s de s\u00ed, y el minado provocado desde hace dos d\u00e9cadas por el proceso privatizador deja ahora sus dram\u00e1ticas consecuencias.<\/p>\n\n\n\n<p>Mientras, los expertos debaten qu\u00e9 hacer. Pero, a falta de vacuna o tratamiento farmacol\u00f3gico, parece que quedan pocas medidas -aunque muy b\u00e1sicas- que podemos hacer todos: mantener la calma, extremar el aislamiento domiciliario, aplicar una higiene lo m\u00e1s estricta posible y proteger a los m\u00e1s susceptibles de morir: ancianos y pacientes cr\u00f3nicos.<\/p>\n\n\n\n<p>Por \u00faltimo, los trabajadores\/as del sector sanitario no necesitamos que nos den las gracias por realizar nuestro trabajo, ni aplausos masivos televisados. Hay que ir m\u00e1s all\u00e1. Lo que necesitamos, cuando salgamos de esta crisis, es algo que los pol\u00edticos y empresarios no est\u00e1n dispuestos a hacer:&nbsp;<strong>Derogar la ley 15\/97 y todas las normas que han legitimado la privatizaci\u00f3n y el desmantelamiento del sistema de salud, el rescate de los centros sanitarios privatizados y mantener la sanidad p\u00fablica al margen del lucro<\/strong>. Y esto s\u00f3lo se lograr\u00e1 con organizaci\u00f3n y con movilizaciones masivas y contundentes. Nos va la vida en ello.<\/p>\n\n\n\n<p><strong>El coronavirus mata, la privatizaci\u00f3n tambi\u00e9n<\/strong><\/p>\n\n\n\n<p><br><\/p>\n","protected":false},"excerpt":{"rendered":"<p>Coordinadora Antiprivatizaci\u00f3n De La Sanidad P\u00fablica De Madrid (CAS) Fuente: Kaos en la Red Existen demasiadas inc\u00f3gnitas sobre el surgimiento del Covid19. Entre ellas, cu\u00e1ndo y d\u00f3nde surgi\u00f3 el caso 0. Quiz\u00e1s, nunca las despejaremos del todo. Sin embargo, si algo nos ofrece la situaci\u00f3n provocada por la crisis del coronavirus, es la oportunidad de [&hellip;]<\/p>\n","protected":false},"author":1,"featured_media":1351,"comment_status":"open","ping_status":"open","sticky":false,"template":"","format":"standard","meta":{"footnotes":""},"categories":[5,3],"tags":[],"_links":{"self":[{"href":"http:\/\/www.movimientocaamanista.com\/index.php?rest_route=\/wp\/v2\/posts\/1350"}],"collection":[{"href":"http:\/\/www.movimientocaamanista.com\/index.php?rest_route=\/wp\/v2\/posts"}],"about":[{"href":"http:\/\/www.movimientocaamanista.com\/index.php?rest_route=\/wp\/v2\/types\/post"}],"author":[{"embeddable":true,"href":"http:\/\/www.movimientocaamanista.com\/index.php?rest_route=\/wp\/v2\/users\/1"}],"replies":[{"embeddable":true,"href":"http:\/\/www.movimientocaamanista.com\/index.php?rest_route=%2Fwp%2Fv2%2Fcomments&post=1350"}],"version-history":[{"count":1,"href":"http:\/\/www.movimientocaamanista.com\/index.php?rest_route=\/wp\/v2\/posts\/1350\/revisions"}],"predecessor-version":[{"id":1352,"href":"http:\/\/www.movimientocaamanista.com\/index.php?rest_route=\/wp\/v2\/posts\/1350\/revisions\/1352"}],"wp:featuredmedia":[{"embeddable":true,"href":"http:\/\/www.movimientocaamanista.com\/index.php?rest_route=\/wp\/v2\/media\/1351"}],"wp:attachment":[{"href":"http:\/\/www.movimientocaamanista.com\/index.php?rest_route=%2Fwp%2Fv2%2Fmedia&parent=1350"}],"wp:term":[{"taxonomy":"category","embeddable":true,"href":"http:\/\/www.movimientocaamanista.com\/index.php?rest_route=%2Fwp%2Fv2%2Fcategories&post=1350"},{"taxonomy":"post_tag","embeddable":true,"href":"http:\/\/www.movimientocaamanista.com\/index.php?rest_route=%2Fwp%2Fv2%2Ftags&post=1350"}],"curies":[{"name":"wp","href":"https:\/\/api.w.org\/{rel}","templated":true}]}}