{"id":1401,"date":"2020-03-20T22:19:19","date_gmt":"2020-03-20T22:19:19","guid":{"rendered":"http:\/\/www.movimientocaamanista.com\/?p=1401"},"modified":"2020-03-20T22:19:24","modified_gmt":"2020-03-20T22:19:24","slug":"pandemia-la-casa-blanca-y-el-fmi-los-primeros-infectados","status":"publish","type":"post","link":"http:\/\/www.movimientocaamanista.com\/?p=1401","title":{"rendered":"Pandemia: la Casa Blanca y el FMI los primeros infectados"},"content":{"rendered":"\n<p><a href=\"http:\/\/atilioboron.com.ar\/pandemia-la-casa-blanca-y-el-fmi-los-primeros-infectados\/\">Atilio A. Boron <\/a><\/p>\n\n\n\n<p>Guerras, crisis econ\u00f3micas, desastres naturales y pandemias son acontecimientos catastr\u00f3ficos que sacan lo peor y lo mejor de las personas \u2013tanto de los dirigentes como del com\u00fan de las gentes- y tambi\u00e9n de los actores e instituciones sociales. Es en esas circunstancias tan adversas como las bellas palabras se desvanecen en el aire y dan lugar a las acciones y comportamientos concretos. D\u00edas pasados y apenas conteniendo sus l\u00e1grimas el presidente de Serbia, Aleksandar Vucic, denunci\u00f3 ante las c\u00e1maras el gran enga\u00f1o de la \u201csolidaridad europea\u201d. No existe tal cosa, dijo Vucic, es un cuento de ni\u00f1os, un papel mojado. Rengl\u00f3n seguido agradeci\u00f3 la colaboraci\u00f3n de la Rep\u00fablica Popular China. Y ten\u00eda raz\u00f3n en su queja. Desde Latinoam\u00e9rica advertimos hace mucho que la Uni\u00f3n Europea era un mezquino tinglado dise\u00f1ado para beneficiar m\u00e1s que nada a Alemania a trav\u00e9s de su control del Banco Central Europeo (BCE) y con el Euro someter a los pa\u00edses de la Eurozona a los caprichos -o los intereses- de Berl\u00edn. La titubeante reacci\u00f3n inicial del BCE ante un pedido excepcional de ayuda de Italia para enfrentar la pandemia que est\u00e1 devastando la pen\u00ednsula mostr\u00f3 por unas horas lo mismo que hab\u00eda denunciado el l\u00edder serbio. Un escandaloso \u201cs\u00e1lvese quien pueda\u201d que echa por tierra las edulcoradas ret\u00f3ricas sobre la \u201cEuropa de los ciudadanos\u201d, la \u201cEuropa una y m\u00faltiple\u201d y otras divagaciones por el estilo. Cuento de ni\u00f1os, como dijo Vucic.<\/p>\n\n\n\n<p>Lo mismo y m\u00e1s todav\u00eda vale para la pandilla de hampones que se ha instalado en la Casa Blanca de la mano de Donald Trump quien ante un Ir\u00e1n fuertemente afectado por la pandemia lo \u00fanico que se le ocurri\u00f3 fue escalar las sanciones econ\u00f3micas en contra de Teher\u00e1n. Tampoco dio muestras de reconsiderar su genocida pol\u00edtica del bloqueo a Cuba y a Venezuela. Mientras Cuba, la solidaridad internacional hecha naci\u00f3n, auxilia a los viajeros brit\u00e1nicos del crucero Braemar boyando en el Caribe, Washington env\u00eda 30.000 soldados a Europa y sus ciudadanos, alentados por el \u201ccapo\u201d salen a enfrentar la epidemia \u00a1comprando armas de fuego! Nada m\u00e1s para argumentar.&nbsp;<\/p>\n\n\n\n<p>Fiel a sus patronos el Fondo Monetario Internacional demostr\u00f3 por en\u00e9sima vez que es uno de los focos de la podredumbre moral del planeta, que una vez que pase esta pandemia seguramente tendr\u00e1 sus d\u00edas contados. En una decisi\u00f3n que lo hunde en las cloacas de la historia rechaz\u00f3 una solicitud de 5.000 millones de d\u00f3lares elevada por el gobierno de Nicol\u00e1s Maduro apelando al Instrumento de Financiamiento R\u00e1pido (IFR) especialmente creado para socorrer a pa\u00edses afectados por el COVID19. La raz\u00f3n aludida para la denegaci\u00f3n del pedido arrasa con cualquier atisbo de legalidad porque dice, textualmente, que \u00abel compromiso del FMI con los pa\u00edses miembros se basa en el reconocimiento oficial del gobierno por parte de la comunidad internacional, como se refleja en la membres\u00eda del FMI. No hay claridad sobre el reconocimiento en ese momento\u00bb. Dos comentarios sobre este miserable exabrupto: primero, todav\u00eda hoy en el sitio web del FMI figura la Rep\u00fablica Bolivariana de Venezuela como pa\u00eds miembro. Por lo tanto la claridad \u201csobre el reconocimiento\u201d es total, enceguecedora. Claro que no alcanza para ocultar el hecho de que la ayuda se le niega a Caracas por razones rastreramente pol\u00edticas. Segundo, \u00bfdesde cu\u00e1ndo el reconocimiento de un gobierno depende de la opini\u00f3n amorfa de la comunidad internacional y no de los \u00f3rganos que la institucionalizan, como el sistema de Naciones Unidas? Venezuela es miembro de la ONU, es uno de los 51 pa\u00edses que fundaron la organizaci\u00f3n en 1945 e integra varias de sus comisiones especializadas. La famosa \u201ccomunidad internacional\u201d mencionada para hostilizar a Venezuela por personajuchos como Trump, Pi\u00f1era, Duque, Len\u00edn Moreno y otros de su cala\u00f1a es una burda ficci\u00f3n, como Juan Guaid\u00f3, que no llega a sumar 50 pa\u00edses de los 193 que integran las Naciones Unidas.&nbsp;&nbsp;<\/p>\n\n\n\n<p>&nbsp;&nbsp;&nbsp;&nbsp;Por consiguiente, las razones profundas de esta denegatoria nada&nbsp; tienen que ver con lo que dijo el vocero del FMI y son las mismas que explican el absurdo pr\u00e9stamo de 56.000 millones de d\u00f3lares concedidos al corrupto gobierno de Mauricio Macri y que fuera mayoritariamente utilizado para facilitar la fuga de capitales hacia las guaridas fiscales que Estados Unidos y sus socios europeos tienen diseminadas por todo el mundo. Espero fervientemente que la pandemia (que es econ\u00f3mica tambi\u00e9n) y el desastre del pr\u00e9stamo a Macri se conviertan en los dos l\u00f3bregos sepultureros de una instituci\u00f3n como el FMI que, desde su creaci\u00f3n en 1944, sumi\u00f3 a centenares de millones de personas en el hambre, la pobreza, la enfermedad y la muerte con sus recomendaciones y condicionalidades. Razones profundas, dec\u00edamos, que en \u00faltima instancia remiten a algo muy simple: el FMI no es otra cosa que un d\u00f3cil instrumento de la Casa Blanca y hace lo que el inquilino de turno le ordena. Quiere asfixiar a Venezuela y el Fondo hace sus deberes.&nbsp;<\/p>\n\n\n\n<p>No faltar\u00e1n quienes me achaquen que esta interpretaci\u00f3n es&nbsp; producto de un alucinado antiimperialismo. Por eso he tomado la costumbre de apelar cada d\u00eda m\u00e1s a lo que dicen mis adversarios para defender mis puntos de vista y desarmar a la derecha semianalfabeta y reaccionaria&nbsp; que medra por estas latitudes. Leamos lo que escribi\u00f3 hace poco m\u00e1s de veinte a\u00f1os Zbigniew Brzezinski en un texto cl\u00e1sico y uno de mis libros de cabecera: \u201cEl Gran Tablero Mundial. La Supremac\u00eda estadounidense y sus imperativos geoestrat\u00e9gicos\u201d en relaci\u00f3n al FMI y al Banco Mundial. Hablando de las alianzas e instituciones internacionales que surgieron despu\u00e9s de la Segunda Guerra Mundial dijo que&nbsp; \u201cAdem\u00e1s, tambi\u00e9n debe incluirse como parte del sistema estadounidense la red global de organizaciones especializadas, particularmente las instituciones financieras internacionales. El Fondo Monetario Internacional y el Banco Mundial se consideran representantes de los intereses \u201cglobales\u201d y de circunscripci\u00f3n global. En realidad, empero, son instituciones fuertemente dominadas por los Estados Unidos y sus or\u00edgenes se remontan a iniciativas estadounidenses, particularmente la Conferencia de Bretton Woods de 1944.\u201d (pp. 36-37)&nbsp;<\/p>\n\n\n\n<p>\u00bfHace falta decir algo m\u00e1s?&nbsp; Brzezinski fue un furioso anticomunista y antimarxista. Pero como gran estratega del imperio deb\u00eda reconocer los datos de la realidad, de lo contrario sus consejos ser\u00edan puras insensateces. Y lo que \u00e9l dijo y escribi\u00f3 es inobjetable. Concluyo agregando mi confianza en que Cuba y Venezuela, sus pueblos y sus gobiernos, saldr\u00e1n airosos de esta dur\u00edsima prueba a la que se ven sometidos por la inmoralidad y prepotencia del dictador mundial, que se cree con derechos de decirle a todo el mundo lo que tiene que hacer, pensar y decir, en este caso a trav\u00e9s del FMI. No habr\u00e1 que esperar mucho para que la historia le propine una lecci\u00f3n inolvidable, para \u00e9l y sus lacayos regionales.&nbsp;<\/p>\n","protected":false},"excerpt":{"rendered":"<p>Atilio A. Boron Guerras, crisis econ\u00f3micas, desastres naturales y pandemias son acontecimientos catastr\u00f3ficos que sacan lo peor y lo mejor de las personas \u2013tanto de los dirigentes como del com\u00fan de las gentes- y tambi\u00e9n de los actores e instituciones sociales. Es en esas circunstancias tan adversas como las bellas palabras se desvanecen en el [&hellip;]<\/p>\n","protected":false},"author":1,"featured_media":1404,"comment_status":"open","ping_status":"open","sticky":false,"template":"","format":"standard","meta":{"footnotes":""},"categories":[5,3],"tags":[],"_links":{"self":[{"href":"http:\/\/www.movimientocaamanista.com\/index.php?rest_route=\/wp\/v2\/posts\/1401"}],"collection":[{"href":"http:\/\/www.movimientocaamanista.com\/index.php?rest_route=\/wp\/v2\/posts"}],"about":[{"href":"http:\/\/www.movimientocaamanista.com\/index.php?rest_route=\/wp\/v2\/types\/post"}],"author":[{"embeddable":true,"href":"http:\/\/www.movimientocaamanista.com\/index.php?rest_route=\/wp\/v2\/users\/1"}],"replies":[{"embeddable":true,"href":"http:\/\/www.movimientocaamanista.com\/index.php?rest_route=%2Fwp%2Fv2%2Fcomments&post=1401"}],"version-history":[{"count":1,"href":"http:\/\/www.movimientocaamanista.com\/index.php?rest_route=\/wp\/v2\/posts\/1401\/revisions"}],"predecessor-version":[{"id":1405,"href":"http:\/\/www.movimientocaamanista.com\/index.php?rest_route=\/wp\/v2\/posts\/1401\/revisions\/1405"}],"wp:featuredmedia":[{"embeddable":true,"href":"http:\/\/www.movimientocaamanista.com\/index.php?rest_route=\/wp\/v2\/media\/1404"}],"wp:attachment":[{"href":"http:\/\/www.movimientocaamanista.com\/index.php?rest_route=%2Fwp%2Fv2%2Fmedia&parent=1401"}],"wp:term":[{"taxonomy":"category","embeddable":true,"href":"http:\/\/www.movimientocaamanista.com\/index.php?rest_route=%2Fwp%2Fv2%2Fcategories&post=1401"},{"taxonomy":"post_tag","embeddable":true,"href":"http:\/\/www.movimientocaamanista.com\/index.php?rest_route=%2Fwp%2Fv2%2Ftags&post=1401"}],"curies":[{"name":"wp","href":"https:\/\/api.w.org\/{rel}","templated":true}]}}