{"id":1462,"date":"2020-03-24T21:16:03","date_gmt":"2020-03-24T21:16:03","guid":{"rendered":"http:\/\/www.movimientocaamanista.com\/?p=1462"},"modified":"2020-04-01T20:20:11","modified_gmt":"2020-04-01T20:20:11","slug":"la-cuarentena-en-los-barrios-populares","status":"publish","type":"post","link":"http:\/\/www.movimientocaamanista.com\/?p=1462","title":{"rendered":"La cuarentena en los barrios populares"},"content":{"rendered":"\n<p>Laura Vales<\/p>\n\n\n\n<p>Fuente: <a href=\"https:\/\/rebelion.org\/la-cuarentena-en-los-barrios-populares\/\">Rebeli\u00f3n<\/a><\/p>\n\n\n\n<p>Cuatro millones de personas viven hacinadas y sin posibilidad de trabajar en casa. Hasta lavarse las manos es complejo. El plan del Gobierno para brindar asistencia.<\/p>\n\n\n\n<p>El enfoque informativo predominante supone que toda la Argentina tiene las posibilidades de aislamiento de la clase media. En el pa\u00eds, sin embargo,&nbsp;<strong>cuatro millones de personas viven en barrios populares, de urbanizaci\u00f3n precaria, lo que en muchos casos significa condiciones de hacinamiento y ninguna posibilidad de hacer trabajo en casa.&nbsp;<\/strong>A eso se suman dificultades m\u00e1s b\u00e1sicas:<strong>&nbsp;lavarse frecuentemente las manos es una recomendaci\u00f3n dif\u00edcil cuando la red de agua potable es una canilla de uso compartido en un pasillo.&nbsp;<\/strong>Estas condiciones instaladas por la pobreza estructural, las de un pa\u00eds que no es Italia ni Espa\u00f1a, est\u00e1n enfrentando al Estado y especialmente a la militancia social a pensar otras medidas para que la cuarentena pueda implementarse. Especialmente en el conurbano, donde los funcionarios, intendentes y referentes barriales se\u00f1alan que la clave, en los d\u00edas que vienen, va a ser garantizar la distribuci\u00f3n de alimentos. En este marco, el gobierno nacional analiza para el caso de que el confinamiento deba prolongarse ampliar la asistencia econ\u00f3mica a los que dependen enteramente de changas y no tienen planes sociales. Las estimaciones no oficiales se\u00f1alan que est\u00e1n en esa situaci\u00f3n un mill\u00f3n de argentinos.<\/p>\n\n\n\n<p>Desde diciembre, un importante sector de los movimientos sociales ingres\u00f3 a cargos de gesti\u00f3n en el gobierno. En el ministerio de Desarrollo Social hay una secretar\u00eda y dos direcciones a cargo de referentes de las organizaciones; entre ellos est\u00e1&nbsp;<strong>el coordinador de Somos Barrios de Pie, Daniel Men\u00e9ndez, que hoy es uno de los encargados de armar un plan de realizaci\u00f3n de peque\u00f1as obras locales para que menos personas se desplacen buscando changas.<\/strong>&nbsp;Mariel Fern\u00e1ndez, formada en la militancia del Movimiento Evita, es intendenta de<strong>&nbsp;Moreno, un municipio que condensa en dos datos la vida precaria, ya que tiene 500 mil habitantes y un solo hospital<\/strong>. Fernanda Mi\u00f1o, militante de la villa La Cava, en San Isidro, es secretaria de Integraci\u00f3n Sociourbana, una direcci\u00f3n del Estado creada para resolver el problema del acceso al agua en las villas y asentamientos. En&nbsp;<strong>los cuatro mil cuatrocientos barrios populares del pa\u00eds, el 93,5 por ciento no tiene acceso formal a la red de Agua Potable<\/strong>. Estos dirigentes contaron a&nbsp;<strong>P\u00e1gina\/12<\/strong>&nbsp;c\u00f3mo ven, desde su condici\u00f3n de militantes en contacto directo con la realidad de los asentamientos y desde su posici\u00f3n como funcionarios que participan en el dise\u00f1o de pol\u00edticas, la atenci\u00f3n de la pandemia en los barrios populares.<\/p>\n\n\n\n<figure class=\"wp-block-image\"><img decoding=\"async\" src=\"http:\/\/live-p12-hub.pantheonsite.io\/sites\/default\/files\/ninja\/tmp\/mapa%20barrios%20populares_0.png\" alt=\"\"\/><figcaption>Los&nbsp;<a href=\"https:\/\/www.argentina.gob.ar\/barriospopulares\/mapa\" target=\"_blank\" rel=\"noreferrer noopener\">barrios populares<\/a>&nbsp;. Con un click en el link, se accede al mapa de la pobreza estructural en la Argentina<\/figcaption><\/figure>\n\n\n\n<h3 class=\"wp-block-heading\">Refuerzo alimentario<\/h3>\n\n\n\n<p>\u00abResguardarse en la casa es un elemento importante, pero que no alcanza en los sectores m\u00e1s humildes, que no tienen las condiciones de la clase media\u00bb, se\u00f1ala Daniel Men\u00e9ndez, subsecretario de Promoci\u00f3n de la Econom\u00eda Social. Es s\u00e1bado al mediod\u00eda y \u00e9l est\u00e1 en un comedor en Villa Inflamable. \u00abLo que estamos viendo, en general, es que la gente est\u00e1 en la puerta de la casa pero sin salir del barrio, como si fuera un domingo. La actividad comunitaria s\u00ed es mayor, porque hay m\u00e1s gente entregando viandas en los comedores y aument\u00f3 el n\u00famero de familias y de chicos que vienen a pedir a alimentos\u00bb. En este sentido, lo que se ve venir es un esquema en el que la militancia social cubra la log\u00edstica necesaria para que las familias no se queden sin alimentos.<\/p>\n\n\n\n<p>Para Men\u00e9ndez \u00abes impensado que la gente de los sectores populares se recluya en sus casas como puede hacerlo la clase media, porque las casas son de una precariedad en muchos casos muy grande, porque hay problemas de hacinamiento, entonces hay que encontrar mecanismos para que la comunidad, en el barrio, pueda pensarse como una unidad de aislamiento. En ese sentido, sabiendo que puede haber movimiento, que el movimiento est\u00e9 organizado para que haya trabajo, que haya actividad y posibilidad de acceder a los alimentos\u00bb.<\/p>\n\n\n\n<p>El ministerio de Desarrollo Social apura por esto la realizaci\u00f3n de peque\u00f1as obras de infraestructura en los barrios para generar trabajo local, que ayude a limitar la circulaci\u00f3n de las personas y funcione, a la vez, como un paliativo para la ca\u00edda de las changas.<br><\/p>\n\n\n\n<h3 class=\"wp-block-heading\">Hoteles y hospitales<\/h3>\n\n\n\n<p>\u00abAyer nos reunimos con los supermercadistas de Moreno para que entiendan que van a tener que hacer donaciones, y tambi\u00e9n para que garanticen stock de mercader\u00eda para que los comedores escolares puedan armar las bolsas de alimentos\u00bb, cont\u00f3 Mariel Fern\u00e1ndez, intendenta del distrito del conurbano con un solo hospital para 500 mil habitantes. \u00abEstamos haciendo todos los esfuerzos pero hay realidades objetivas\u00bb.<\/p>\n\n\n\n<p>Ubicado en el segundo y tercer cord\u00f3n, Moreno es uno de los seis municipios del Gran Buenos Aires con niveles m\u00e1s altos de Necesidades B\u00e1sicas Insatisfechas, de acuerdo a datos del Observatorio de la Universidad de General Sarmiento. Sobre el aislamiento, la intendenta apunta que \u00aben realidad, lo que intentamos hacer es que la gente se quede en el barrio. Estar adentro es dif\u00edcil por el tema de la precariedad de las viviendas; no es lo mismo que en una familia de los sectores medios altos, que tiene las comodidades para quedarse en su casa. Yo insisto mucho en que hay garantizar el alimento, porque nadie puede quedarse si no lo tiene\u00bb.<\/p>\n\n\n\n<p>El viernes, la Naci\u00f3n envi\u00f3 a la intendencia 10 millones de pesos para alimentos y la compra de materiales de construcci\u00f3n que permitan generar las primeras obras de mejoramiento y empleo local. Tambi\u00e9n el gobernador Axel Kicillof destin\u00f3 una partida de 300 millones a distribuir entre los 135 municipios de la provincia en la emergencia sanitaria. Aunque \u2013paradojas de las decisiones r\u00e1pidas en tiempos de crisis\u2013 Moreno, por tener un solo hospital, recibir\u00e1 menos que otros distritos, ya que el \u00edndiice de reparto es la coparticipaci\u00f3n, que destina m\u00e1s fondos cuando se tienen m\u00e1s hospitales.<\/p>\n\n\n\n<p>La preocupaci\u00f3n est\u00e1 puesta en la demanda de salud que va a producirse en el pico del contagio, esperado para finales de abril o principios de mayo. Ya est\u00e1 anunciado que en Moreno se va a construir uno de los 5 hospitales modulares destinados al Conurbano pensados para la internaci\u00f3n de pacientes con coronavirus. Como en otras localidades, el municipio tom\u00f3 la idea de utilizar los hoteles sindicales para las personas que necesiten aislamiento. Hay un solo hotel, del Sindicato del Seguro, que se puso a disposici\u00f3n.<\/p>\n\n\n\n<figure class=\"wp-block-image\"><img decoding=\"async\" src=\"http:\/\/live-p12-hub.pantheonsite.io\/sites\/default\/files\/ninja\/tmp\/vendedor-20de-20plantas.jpeg\" alt=\"\"\/><figcaption>Un trabajo t\u00edpico de Moreno es el de los vendedores de plantas, que se abastecen en los viveros locales y viajan 50, 60 y hasta 80 kil\u00f3metros por d\u00eda buscando ventas. El ministro de Econom\u00eda, Mart\u00edn Guzm\u00e1n, anunci\u00f3 obras de mejoramiento en los barrios para evitar los desplazamientos. Foto: Bernardino Avila<\/figcaption><\/figure>\n\n\n\n<h3 class=\"wp-block-heading\">Donde falta el agua<\/h3>\n\n\n\n<p>La secretaria de Integraci\u00f3n Sociourbana, Fernanda Mi\u00f1o vive en La Cava, la villa m\u00e1s emblem\u00e1tica de San Isidro. \u00abLos barrios son un mundo aparte\u00bb, indica. \u00abM\u00e1s all\u00e1 de lo dif\u00edcil que es respetar la cuarentena para cualquiera, la casa es chica, hay muchas situaciones familiares, indefectiblemente los vecinos salen a los pasillos o a la calle m\u00e1s cercana. No vamos a hacer cola al supermercado porque no hay plata para llenar la heladera, pero si a la \u00fanica canilla de agua la ten\u00e9s en la esquina de tu casa no te queda otra que salir\u00bb, dice a&nbsp;<strong>P\u00e1gina\/12<\/strong>. A su criterio, el principal obst\u00e1culo para sostener el aislamiento en las villas y asentamientos de Buenos Aires es el hacinamiento, y en el interior la falta de agua.<\/p>\n\n\n\n<p>Explica tambi\u00e9n que el mapa de barrios populares con las 4400 urbanizaciones precarias del pa\u00eds fue armado tomando las viviendas en las que faltan dos o m\u00e1s de los servicios de agua, electricidad o cloacas. \u00abEn general, es el agua, que llega a las casas conectada irregularmente y puede no ser potable, y la cloaca. Sumados a la falta de trabajo y al tema del alimento, la pandemia viene a desafiar todav\u00eda m\u00e1s la posibilidad de salir adelante de las personas m\u00e1s vulneradas. Y tambi\u00e9n creo que va a hacer m\u00e1s dif\u00edcil la concientizaci\u00f3n de lo que significa la pandemia, porque la gente no tiene el recurso para prevenirse\u00bb.<\/p>\n\n\n\n<p>Mi\u00f1o cree que las municipalidades van a tener que asumir el trabajo de ir a los barrios, llevar los bolsones a cada casa en lugar de hacer ir a la gente a un lugar donde puede amontonarse, hacer ruedas sanitarias con los elementos b\u00e1sicos. \u00abSiempre hay una organizaci\u00f3n social, adem\u00e1s, que se pone esto al hombro, que se pone el guante y el barbijo y sale a repartir\u00bb.<\/p>\n\n\n\n<h3 class=\"wp-block-heading\">Estudian ampliar las medidas para los trabajadores informales<\/h3>\n\n\n\n<p>El gobierno nacional analiza implementar otras medidas de ayuda para las personas de sectores vulnerables que dependen de actividades informales y no perciben ning\u00fan ingreso del Estado, en el caso de las medidas de aislamiento se prologuen m\u00e1s all\u00e1 de estos diez d\u00edas. La idea es la de un subsidio de 5 mil pesos durante tres meses. En el pa\u00eds hoy existen tres grandes esquemas de cobertura: la Asignaci\u00f3n Universal por Hijo, los planes sociales y las jubilaciones y pensiones. Por afuera de eso hay una poblaci\u00f3n que est\u00e1n entre los 40 y 60 a\u00f1os, que tiene hijos ya mayores de 18 a\u00f1os, por lo que ya no recibe la AUH y carece de empleo formal.<\/p>\n\n\n\n<p>El comercio en las ferias, los talleres familiares, las peque\u00f1as obras de construccion, la venta ambulante, los puestos de comida al paso, el manejo de remises, peque\u00f1as verduler\u00edas, almacenes y peluquer\u00edas abiertos por vecinos en sus casas son algunas de las actividades dentro de una infinidad de rebusques no registrados, con ingresos de subsistencia y por afuera de la figura del monotributo. La informalidad hace imposible medir cu\u00e1ntos est\u00e1n en esta situaci\u00f3n. Hay referentes sociales que hacen una estimaci\u00f3n, en el aire, de un mill\u00f3n de personas. El parate en la actividad puede, claramente, dejar a esta franja sin ninguna v\u00eda de ingresos.<\/p>\n\n\n\n<h3 class=\"wp-block-heading\">El programa de trabajo local<\/h3>\n\n\n\n<p><strong>El programa de peque\u00f1as obras de infraestructura en los barrios populares para generar trabajo local tiene el objetivo de limitar la circulaci\u00f3n de las personas y funcionar, a la vez, como un paliativo para la ca\u00edda de las changas.<\/strong>&nbsp;La medida fue anticipada el martes por el ministro de Econom\u00eda, Mart\u00edn Guzm\u00e1n. El ministerio de Desarrollo Social que conduce Daniel Arroyo confirm\u00f3 a su vez un paquete destinado para los sectores m\u00e1s vulnerables.<\/p>\n\n\n\n<p>Las obras en las que se piensa son de mejoramiento,&nbsp;<strong>como pintar escuelas, hacer veredas, arreglar centros comunitarios, con un criterio de permitir a las personas trabajar en el barrio, sin tener que viajar.<\/strong>&nbsp;Todav\u00eda<strong>&nbsp;no est\u00e1 definido cu\u00e1l ser\u00e1 el pago por estos trabajos<\/strong>. Un criterio cercano es el que se utiliz\u00f3 en febrero con los arreglos de escuelas, cuando los trabajadores cobraron el doble de un plan social, es decir 17 mil pesos, aunque tambi\u00e9n est\u00e1 en estudio un esquema de m\u00f3dulos o complementos.<\/p>\n\n\n\n<p>El Estado Nacional, por otra parte, reforz\u00f3 los ingresos de los beneficiarios de la Asignaci\u00f3n Universal por Hijo y de planes sociales con un bono de 3000 mil pesos. Este plus abarc\u00f3 a 556 mil personas.<\/p>\n\n\n\n<p>La decisi\u00f3n de las obras a realizar estar\u00e1 a cargo de unidades ejecutoras integradas por los intendentes, las gobernaciones y los movimientos sociales.<\/p>\n\n\n\n<p>El paquete combina ingresos con trabajo: al bono se le sumar\u00e1 el env\u00edo de insumos, materiales y herramientas para hacer posible la realizaci\u00f3n de las obras de infraestructura en salitas sanitarias, clubes de barrio, escuelas o viviendas precarias.<\/p>\n","protected":false},"excerpt":{"rendered":"<p>Laura Vales Fuente: Rebeli\u00f3n Cuatro millones de personas viven hacinadas y sin posibilidad de trabajar en casa. Hasta lavarse las manos es complejo. El plan del Gobierno para brindar asistencia. El enfoque informativo predominante supone que toda la Argentina tiene las posibilidades de aislamiento de la clase media. En el pa\u00eds, sin embargo,&nbsp;cuatro millones de [&hellip;]<\/p>\n","protected":false},"author":1,"featured_media":1464,"comment_status":"open","ping_status":"open","sticky":false,"template":"","format":"standard","meta":{"footnotes":""},"categories":[5,3],"tags":[],"_links":{"self":[{"href":"http:\/\/www.movimientocaamanista.com\/index.php?rest_route=\/wp\/v2\/posts\/1462"}],"collection":[{"href":"http:\/\/www.movimientocaamanista.com\/index.php?rest_route=\/wp\/v2\/posts"}],"about":[{"href":"http:\/\/www.movimientocaamanista.com\/index.php?rest_route=\/wp\/v2\/types\/post"}],"author":[{"embeddable":true,"href":"http:\/\/www.movimientocaamanista.com\/index.php?rest_route=\/wp\/v2\/users\/1"}],"replies":[{"embeddable":true,"href":"http:\/\/www.movimientocaamanista.com\/index.php?rest_route=%2Fwp%2Fv2%2Fcomments&post=1462"}],"version-history":[{"count":2,"href":"http:\/\/www.movimientocaamanista.com\/index.php?rest_route=\/wp\/v2\/posts\/1462\/revisions"}],"predecessor-version":[{"id":1465,"href":"http:\/\/www.movimientocaamanista.com\/index.php?rest_route=\/wp\/v2\/posts\/1462\/revisions\/1465"}],"wp:featuredmedia":[{"embeddable":true,"href":"http:\/\/www.movimientocaamanista.com\/index.php?rest_route=\/wp\/v2\/media\/1464"}],"wp:attachment":[{"href":"http:\/\/www.movimientocaamanista.com\/index.php?rest_route=%2Fwp%2Fv2%2Fmedia&parent=1462"}],"wp:term":[{"taxonomy":"category","embeddable":true,"href":"http:\/\/www.movimientocaamanista.com\/index.php?rest_route=%2Fwp%2Fv2%2Fcategories&post=1462"},{"taxonomy":"post_tag","embeddable":true,"href":"http:\/\/www.movimientocaamanista.com\/index.php?rest_route=%2Fwp%2Fv2%2Ftags&post=1462"}],"curies":[{"name":"wp","href":"https:\/\/api.w.org\/{rel}","templated":true}]}}