{"id":1468,"date":"2020-03-24T21:38:22","date_gmt":"2020-03-24T21:38:22","guid":{"rendered":"http:\/\/www.movimientocaamanista.com\/?p=1468"},"modified":"2020-03-31T00:28:37","modified_gmt":"2020-03-31T00:28:37","slug":"el-error-de-la-ops-en-republica-dominicana","status":"publish","type":"post","link":"http:\/\/www.movimientocaamanista.com\/?p=1468","title":{"rendered":"EL ERROR DE LA OPS EN REP\u00daBLICA DOMINICANA"},"content":{"rendered":"\n<p>Narciso Isa Conde<\/p>\n\n\n\n<p>Dos d\u00edas antes de las votaciones municipales realizadas el domingo 15 de marzo 2020 en nuestro pa\u00eds, en medio de la  pandemia mundial del COVID 19 y de su evidente impacto local, la seccional dominicana de la Oficina Panamericana de la Salud- OPS emiti\u00f3 la siguiente declaraci\u00f3n publicada por todos los diarios y emisoras de radio y tv:<\/p>\n\n\n\n<p>Representante de la OMS en RD dice que se puede ir a votar este domingo sin temer al COVID-19<\/p>\n\n\n\n<p>Alma Morales Salinas declar\u00f3 que no hay circulaci\u00f3n local del COVID-19, por lo cual &#8220;no hay ning\u00fan motivo para no ir a votar&#8221; (Diario Libre \/ Alexa Olivero 13\/03\/2020, 06:22 PM)<\/p>\n\n\n\n<p>La verdad es la siguiente: <\/p>\n\n\n\n<p>El gobierno dominicano que preside Danilo Medina, junto a la partidocracia oficialista y opositora y al gran capital privado \u2013todos aferrados a las pol\u00edticas neoliberales, al modelo pol\u00edtico institucional, a los intereses de los s\u00faper-ricos y a las votaciones que lo reproducen- dejaron correr impunemente  la pandemia del corona-virus, sin contrarrestarla.<\/p>\n\n\n\n<p>Actuaron con calculada negligencia luego de los evidentes estragos que en materia econ\u00f3mica y de salud provocaba esa pandemia en China, Italia, Espa\u00f1a, Francia, Alemania y EEUU, e incluso despu\u00e9s de claras evidencias de que la misma ya hab\u00eda impactado peligrosamente la Rep\u00fablica Dominicana.<\/p>\n\n\n\n<p>La agencia espa\u00f1ola EFE, en noticia fechada el 16 de marzo,  inform\u00f3  al mundo que el d\u00eda anterior, el mismo d\u00eda de las votaciones, falleci\u00f3 una de las 21 personas infectadas por el COVID 19.<\/p>\n\n\n\n<p>El texto de EFE reza as\u00ed:<\/p>\n\n\n\n<p>\u201c Rep\u00fablica Dominicana confirm\u00f3 este lunes la primera muerte por coronavirus en el pa\u00eds, una dominicana de 47 a\u00f1os, portadora de VIH y paciente de tuberculosis que lleg\u00f3 desde Espa\u00f1a, al tiempo que inform\u00f3 de otros 10 casos confirmados, lo que aumenta a 21 el n\u00fameros de afectados en esta naci\u00f3n.\u201d<\/p>\n\n\n\n<p>\u201cLa mujer, cuyo nombre no fue difundido, falleci\u00f3 ayer mientras era trasladada a una cl\u00ednica de Santo Domingo, explic\u00f3 en rueda de prensa el ministro de Salud P\u00fablica, Rafael S\u00e1nchez C\u00e1rdenas.\u201d<\/p>\n\n\n\n<p>En esa riesgosa determinaci\u00f3n respecto a las elecciones municipales \u2013como lo expres\u00e9 en un art\u00edculo publicado el pasado domingo en un diario nacional- prim\u00f3 sobre todo el inter\u00e9s de la clase dominante-gobernante dominicana de \u201cdefender sus ambiciones pol\u00edticas, la institucionalidad convertida en asociaci\u00f3n delictiva estatal-privada  y su sufragio pervertido; y se emplearon a fondo para coronar las votaciones del 2020 con COVID , arrastrando parcialmente a mansos y cimarrones; empujando  a asistir alrededor del 40% de los electores.)<\/p>\n\n\n\n<p>\u00b7         LA OMS-OPS y la OFICINA DOMINICANA.<\/p>\n\n\n\n<p>La Organizaci\u00f3n Mundial de la Salud-OMS y su Seccional Panamericana-OPS son entidades respetables, de alto nivel cient\u00edfico y calidad profesional, por eso extra\u00f1a y sorprende la postura ligera, tremendamente costosa para la salud del pueblo dominicano y para el curso de la econom\u00eda, asumida por la representaci\u00f3n local de la OPS, cuya portavoz nacional refrend\u00f3 la peligrosa aventura de avalar la concurrencia a las votaciones en las condiciones descritas.<\/p>\n\n\n\n<p>Parece una decisi\u00f3n m\u00e1s pol\u00edtica y m\u00e1s propia de una entidad tipo OEA, que de una instituci\u00f3n cient\u00edfica encargada de velar por la salud de un pueblo sometido a tales amenazas y bajo lo conducci\u00f3n de una claque pol\u00edtica-empresarial corrupta y corruptora.<\/p>\n\n\n\n<p>Hay que valorar lo ya que hab\u00eda pasado en pa\u00edses con fuerte impacto migratorio sobre Rep\u00fablica Dominicana (Italia, EU y Espa\u00f1a), lo que estaba pasando d\u00edas antes de las votaciones (en un pa\u00eds con tantas vulnerabilidades) y lo que se ha desatado inmediatamente despu\u00e9s de la categ\u00f3rica de la OPS (afirmando: &#8220;no hay ning\u00fan motivo para no ir a votar&#8221;), para apreciar debidamente la magnitud de ese error.<\/p>\n\n\n\n<p>Motivos sobraban para no arriesgarse a hacer ese pronunciamiento, mientras que las consecuencias  negativas est\u00e1n a la vista, sin evaluaci\u00f3n posterior alguna.<\/p>\n\n\n\n<p>No est\u00e1n claras las razones de esa lamentable actitud.<\/p>\n\n\n\n<p>Y a la OMS y la OPS les conviene investigar un caso tan delicado que afecta su bien ganado prestigio y que ya no escapa a las cr\u00edticas de una sociedad tan maltratada por quienes se empecinaron en imponer unos comicios en condiciones perjudiciales para la salud colectiva.<\/p>\n","protected":false},"excerpt":{"rendered":"<p>Narciso Isa Conde Dos d\u00edas antes de las votaciones municipales realizadas el domingo 15 de marzo 2020 en nuestro pa\u00eds, en medio de la pandemia mundial del COVID 19 y de su evidente impacto local, la seccional dominicana de la Oficina Panamericana de la Salud- OPS emiti\u00f3 la siguiente declaraci\u00f3n publicada por todos los diarios [&hellip;]<\/p>\n","protected":false},"author":1,"featured_media":1469,"comment_status":"open","ping_status":"open","sticky":false,"template":"","format":"standard","meta":{"footnotes":""},"categories":[5,16],"tags":[],"_links":{"self":[{"href":"http:\/\/www.movimientocaamanista.com\/index.php?rest_route=\/wp\/v2\/posts\/1468"}],"collection":[{"href":"http:\/\/www.movimientocaamanista.com\/index.php?rest_route=\/wp\/v2\/posts"}],"about":[{"href":"http:\/\/www.movimientocaamanista.com\/index.php?rest_route=\/wp\/v2\/types\/post"}],"author":[{"embeddable":true,"href":"http:\/\/www.movimientocaamanista.com\/index.php?rest_route=\/wp\/v2\/users\/1"}],"replies":[{"embeddable":true,"href":"http:\/\/www.movimientocaamanista.com\/index.php?rest_route=%2Fwp%2Fv2%2Fcomments&post=1468"}],"version-history":[{"count":1,"href":"http:\/\/www.movimientocaamanista.com\/index.php?rest_route=\/wp\/v2\/posts\/1468\/revisions"}],"predecessor-version":[{"id":1470,"href":"http:\/\/www.movimientocaamanista.com\/index.php?rest_route=\/wp\/v2\/posts\/1468\/revisions\/1470"}],"wp:featuredmedia":[{"embeddable":true,"href":"http:\/\/www.movimientocaamanista.com\/index.php?rest_route=\/wp\/v2\/media\/1469"}],"wp:attachment":[{"href":"http:\/\/www.movimientocaamanista.com\/index.php?rest_route=%2Fwp%2Fv2%2Fmedia&parent=1468"}],"wp:term":[{"taxonomy":"category","embeddable":true,"href":"http:\/\/www.movimientocaamanista.com\/index.php?rest_route=%2Fwp%2Fv2%2Fcategories&post=1468"},{"taxonomy":"post_tag","embeddable":true,"href":"http:\/\/www.movimientocaamanista.com\/index.php?rest_route=%2Fwp%2Fv2%2Ftags&post=1468"}],"curies":[{"name":"wp","href":"https:\/\/api.w.org\/{rel}","templated":true}]}}