{"id":1477,"date":"2020-03-25T19:12:52","date_gmt":"2020-03-25T19:12:52","guid":{"rendered":"http:\/\/www.movimientocaamanista.com\/?p=1477"},"modified":"2020-03-25T19:12:53","modified_gmt":"2020-03-25T19:12:53","slug":"24-de-marzo-una-recordacion-imprescindible","status":"publish","type":"post","link":"http:\/\/www.movimientocaamanista.com\/?p=1477","title":{"rendered":"24 de Marzo: una recordaci\u00f3n imprescindible"},"content":{"rendered":"\n<p><a href=\"http:\/\/atilioboron.com.ar\/24-de-marzo-una-recordacion-imprescindible\/\">Atilio A. Boron <\/a><\/p>\n\n\n\n<p>Hace exactamente 44 a\u00f1os la Argentina ca\u00eda al abismo. Una sangrienta dictadura c\u00edvico-militar se adue\u00f1aba del pa\u00eds y pon\u00eda en marcha, desde el Estado, un plan sistem\u00e1tico de exterminio de quienes so\u00f1aban con construir un mundo mejor. No dejaron cr\u00edmenes por perpetrar y vidas por cegar. Espiaron, persiguieron, secuestraron, aplicaron inimaginables e infinitamente crueles m\u00e9todos de tortura, asesinaron, desaparecieron a sus v\u00edctimas, robaron todo lo que estuviera al alcance de sus manos ensangrentadas &nbsp;y prostituyeron palabras como \u201cpatria\u201d, \u201cderechos humanos\u201d, \u201cdemocracia\u201d y \u201cjusticia.\u201d Actuaron con absoluta impunidad de consuno con otras dictaduras de la regi\u00f3n y sus &nbsp;acciones fueron impulsadas y coordinadas desde Estados Unidos en el marco del proyecto continental de reorganizaci\u00f3n y reafirmaci\u00f3n del dominio neocolonial concebido por Henry Kissinger durante la Administraci\u00f3n Nixon. El proyecto era de amplio espectro y cubr\u00eda asuntos econ\u00f3micos, estrat\u00e9gicos, militares y pol\u00edticos, entre los cuales se inclu\u00eda la \u201cOperaci\u00f3n C\u00f3ndor\u201d destinada a conseguir la eliminaci\u00f3n f\u00edsica de l\u00edderes y militantes populares a escala regional.<\/p>\n\n\n\n<p>Las madres que buscaban sus hijas e hijos fueron tratadas como \u201clocas\u201d, con la escandalosa complicidad de los medios (que desde entonces no cesan de dar \u201clecciones de democracia y republicanismo\u201d) y el sonambulismo de una sociedad que enfrentaba el d\u00eda a d\u00eda con una mezcla variable de indiferencia, terror e incredulidad. Pero las madres, persistieron. Otros organismos de derechos humanos se plegaron a sus luchas y finalmente la dictadura fue derrotada, aunque tard\u00f3 m\u00e1s de un a\u00f1o en abrir paso a la democracia. Hoy, cuando recordamos ese momento aciago de nuestra historia es preciso tambi\u00e9n reconocer que la sociedad tard\u00f3 demasiado tiempo en reaccionar. Faltaron reflejos. No lo hizo al ver el huevo de la serpiente, o ni bien aparecieron los primeros signos de la tragedia. Durante mucho tiempo madres, abuelas, organismos sobrevivieron casi en el ostracismo. Despu\u00e9s de un largo y doloroso aprendizaje las cosas han cambiado. Definitivamente.&nbsp; Hoy la consigna \u201cmemoria, verdad y justicia\u201d es una cl\u00e1usula fundamental del consenso social construido por largas d\u00e9cadas de lucha. Aquella tragedia no debe volver a ocurrir. Hay que recordarla pero sabiendo que, en un mundo como el actual, es una amenaza constante y que no se puede bajar los brazos. Los monstruos todav\u00eda est\u00e1n all\u00ed, agazapados, a la espera del momento oportuno. Y el que piense que exagero, o que esto es paranoia, le recomiendo que mire atentamente las atrocidades perpetradas en Bolivia para derrocar a Evo Morales y que contin\u00faan al d\u00eda de hoy. All\u00ed tambi\u00e9n pensaron que la violencia criminal de la dictadura era cosa del pasado. Se equivocaron. El imperio, m\u00e1s acosado que nunca por el ascendente papel de China y Rusia en los asuntos internacionales, necesita reafirmar el dominio de su \u201cpatio trasero.\u201d Para ello recurrir\u00e1 a cualquier m\u00e9todo. Si con la pseudo-democracia al estilo Sebasti\u00e1n Pi\u00f1era no funciona buscar\u00e1n la forma de reinstaurar una dictadura militar, con un mascar\u00f3n de proa civil como la impresentable Jeannine A\u00f1ez. Por eso debemos estar en constante estado de alerta. Y gritemos con fuerza: \u00a1Nunca m\u00e1s!<\/p>\n","protected":false},"excerpt":{"rendered":"<p>Atilio A. Boron Hace exactamente 44 a\u00f1os la Argentina ca\u00eda al abismo. Una sangrienta dictadura c\u00edvico-militar se adue\u00f1aba del pa\u00eds y pon\u00eda en marcha, desde el Estado, un plan sistem\u00e1tico de exterminio de quienes so\u00f1aban con construir un mundo mejor. No dejaron cr\u00edmenes por perpetrar y vidas por cegar. Espiaron, persiguieron, secuestraron, aplicaron inimaginables e [&hellip;]<\/p>\n","protected":false},"author":1,"featured_media":1478,"comment_status":"open","ping_status":"open","sticky":false,"template":"","format":"standard","meta":{"footnotes":""},"categories":[5,3],"tags":[],"_links":{"self":[{"href":"http:\/\/www.movimientocaamanista.com\/index.php?rest_route=\/wp\/v2\/posts\/1477"}],"collection":[{"href":"http:\/\/www.movimientocaamanista.com\/index.php?rest_route=\/wp\/v2\/posts"}],"about":[{"href":"http:\/\/www.movimientocaamanista.com\/index.php?rest_route=\/wp\/v2\/types\/post"}],"author":[{"embeddable":true,"href":"http:\/\/www.movimientocaamanista.com\/index.php?rest_route=\/wp\/v2\/users\/1"}],"replies":[{"embeddable":true,"href":"http:\/\/www.movimientocaamanista.com\/index.php?rest_route=%2Fwp%2Fv2%2Fcomments&post=1477"}],"version-history":[{"count":1,"href":"http:\/\/www.movimientocaamanista.com\/index.php?rest_route=\/wp\/v2\/posts\/1477\/revisions"}],"predecessor-version":[{"id":1479,"href":"http:\/\/www.movimientocaamanista.com\/index.php?rest_route=\/wp\/v2\/posts\/1477\/revisions\/1479"}],"wp:featuredmedia":[{"embeddable":true,"href":"http:\/\/www.movimientocaamanista.com\/index.php?rest_route=\/wp\/v2\/media\/1478"}],"wp:attachment":[{"href":"http:\/\/www.movimientocaamanista.com\/index.php?rest_route=%2Fwp%2Fv2%2Fmedia&parent=1477"}],"wp:term":[{"taxonomy":"category","embeddable":true,"href":"http:\/\/www.movimientocaamanista.com\/index.php?rest_route=%2Fwp%2Fv2%2Fcategories&post=1477"},{"taxonomy":"post_tag","embeddable":true,"href":"http:\/\/www.movimientocaamanista.com\/index.php?rest_route=%2Fwp%2Fv2%2Ftags&post=1477"}],"curies":[{"name":"wp","href":"https:\/\/api.w.org\/{rel}","templated":true}]}}