{"id":1493,"date":"2020-03-26T00:38:33","date_gmt":"2020-03-26T00:38:33","guid":{"rendered":"http:\/\/www.movimientocaamanista.com\/?p=1493"},"modified":"2020-03-26T00:45:05","modified_gmt":"2020-03-26T00:45:05","slug":"los-hospitales-madrilenos-se-desbordan-mientras-dos-tercios-de-las-camas-de-la-privada-siguen-sin-usarse","status":"publish","type":"post","link":"http:\/\/www.movimientocaamanista.com\/?p=1493","title":{"rendered":"Los hospitales madrile\u00f1os se desbordan mientras dos tercios de las camas de la privada siguen sin usarse"},"content":{"rendered":"\n<p>Ana \u00c1lvarez Y Ter Garc\u00eda<\/p>\n\n\n\n<p>Fuente: <a href=\"https:\/\/kaosenlared.net\/los-hospitales-madrilenos-se-desbordan-mientras-dos-tercios-de-las-camas-de-la-privada-siguen-sin-usarse\/\">Kaos en la Red<\/a><\/p>\n\n\n\n<p><strong>Desde la patronal de sanidad privada Aspe cifran en 2.700 las personas ingresadas por coronavirus en centros privados en todo el Estado, 2.200 de ellas en Madrid.<\/strong><\/p>\n\n\n\n<p>A fecha de 24 de marzo, eran 2.200 los casos de coronavirus que se estaban tratando en la sanidad privada en Madrid, 2.700 en todo el Estado. Son los \u00faltimos datos ofrecidos&nbsp;por la Alianza de la Sanidad Privada Espa\u00f1ola (Aspe), que agrupa al 75% del sector, que solo en Madrid acumula m\u00e1s de 6.700 camas. Los datos han sido elaborados&nbsp;a partir de la informaci\u00f3n proporcionada por las empresas asociadas.<\/p>\n\n\n\n<p>De los 2.200 casos tratados en Madrid por la privada, queda por saber cu\u00e1ntos de ellos se corresponden con casos graves o menos graves. Desde la Consejer\u00eda de Sanidad de la Comunidad de Madrid, entidad competente en organizar los recursos sanitarios en la regi\u00f3n, no cogen el tel\u00e9fono. \u201cHay total falta de informaci\u00f3n\u201d, denuncia Antonio G\u00f3mez, de la Coordinadora Anti-Privatizaci\u00f3n de la Sanidad P\u00fablica en Madrid (CASMadrid)\u201d. \u201cM\u00e1s all\u00e1 de casos claros, como el de Carmen Calvo, que est\u00e1 en el Hospital Ruber Juan Bravo [privado], o el de Esperanza Aguirre, que estaba en la Jim\u00e9nez D\u00edaz [p\u00fablico de gesti\u00f3n privada], no se sabe qu\u00e9 casos se est\u00e1n derivando\u201d, recalca. Pero el sanitario da algunos datos que ayudan a hacerse una idea: en la Comunidad de Madrid se calcula que hay unas 1.300 unidades de cuidados intensivos (UCI), de las que 1.000 son de la sanidad p\u00fablica.<\/p>\n\n\n\n<p>A nivel estatal, Aspe se\u00f1ala que la sanidad privada est\u00e1 atendiendo a 2.700 personas hospitalizadas por el covid19. De estos \u00faltimos, 275 est\u00e1n en UCI, tres veces m\u00e1s que la semana pasada y un 10% del total de personas en cuidados intensivos. Tambi\u00e9n se\u00f1alan que han registrado 4.900 casos positivos por test de covid19, pruebas que en los centros privados est\u00e1n cobrando hasta a 300 euros, como urgencias del hospital HM de San Chinarro, seg\u00fan publicaba<a href=\"https:\/\/cadenaser.com\/ser\/2020\/03\/11\/sociedad\/1583916237_982230.html\">&nbsp;Cadena Ser<\/a>&nbsp;el 11 de marzo.<\/p>\n\n\n\n<p>Seg\u00fan explicaba el presidente de la Aspe, Carlos Rus, a&nbsp;<a href=\"https:\/\/www.infolibre.es\/noticias\/politica\/2020\/03\/18\/la_sanidad_privada_cifra_250_euros_dia_hospitalizacion_650_uci_120_300_cada_prueba_105043_1012.html\" target=\"_blank\" rel=\"noreferrer noopener\">Infolibre<\/a>, el coste de esta colaboraci\u00f3n entre sanidad p\u00fablica y privada a\u00fan no ha sido cerrado a\u00fan entre las empresas de sanidad privada y las autoridades competentes, pero cifran en 250 euros el d\u00eda de hospitalizaci\u00f3n y en entre 650 y 700 la UCI.<\/p>\n\n\n\n<p>Actualmente, a nivel estatal se cuentan cerca de 40.000 casos de coronavirus, de los que m\u00e1s de 12.350 est\u00e1n en la Comunidad de Madrid, que sigue siendo el principal foco de la enfermedad, aunque con una proporci\u00f3n cada vez menor. De los enfermos en Madrid, cerca de 800 est\u00e1n en estado grave y necesitan cuidados intensivos, pero los hospitales est\u00e1n desbordados con alguna excepci\u00f3n como la del Infanta Sof\u00eda, en San Sebasti\u00e1n de los Reyes, donde, seg\u00fan ha publicado La Sexta, se mantiene una&nbsp;<a href=\"https:\/\/www.lasexta.com\/el-muro\/antonio-maestre\/la-comunidad-de-madrid-mantiene-cerrada-una-uci-totalmente-equipada-en-el-hospital-publico-infanta-sofia_202003245e79dac4d41df90001bbfded.html\">sala de UCI cerrada<\/a>, y con el principal alivio derivado de la&nbsp;apertura del hospital de campa\u00f1a de Ifema. Madrid ha sido la primera comunidad en establecer colaboraci\u00f3n con la sanidad privada, derivando pacientes inicialmente a Quir\u00f3n, Vithas y HM, situando al frente de esta crisis sanitaria a Antonio Burgue\u00f1o, ide\u00f3logo de la privatizaci\u00f3n de la sanidad con el&nbsp;<a href=\"https:\/\/www.elsaltodiario.com\/sanidad-publica\/el-tsjcv-rechaza-el-recurso-de-ribera-salud-contra-la-reversion-del-modelo-alzira\" target=\"_blank\" rel=\"noreferrer noopener\">modelo Alzira<\/a>.<\/p>\n\n\n\n<figure class=\"wp-block-image\"><img decoding=\"async\" src=\"https:\/\/kaosenlared.net\/wp-content\/uploads\/2020\/03\/00-89.jpg\" alt=\"\" class=\"wp-image-774953\"\/><\/figure>\n\n\n\n<p>En la Comunidad de Madrid son 33 los hospitales privados existentes, y hasta 50 si a esta cifra se suman los hospitales cuya titularidad pertenece a organizaciones ben\u00e9ficas \u201411 de ellos de la Iglesia\u2014 o la Mutua de Accidentes de Trabajo y Enfermedades Profesionales, seg\u00fan se\u00f1ala el&nbsp;<a href=\"https:\/\/www.mscbs.gob.es\/ciudadanos\/prestaciones\/centrosServiciosSNS\/hospitales\/docs\/CNH_2019.pdf\">Cat\u00e1logo Nacional de Hospitales 2019<\/a>, editado por el Ministerio de Sanidad, Consumo y Bienestar Social, y que recoge los datos del a\u00f1o anterior. Entre todos los centros sanitarios privados suman 6.764 camas, algo m\u00e1s del 35% de todas las camas hospitalarias que cuenta la Comunidad.<\/p>\n\n\n\n<figure class=\"wp-block-image\"><img decoding=\"async\" src=\"https:\/\/kaosenlared.net\/wp-content\/uploads\/2020\/03\/00-90.jpg\" alt=\"\" class=\"wp-image-774954\"\/><\/figure>\n\n\n\n<p>Aunque en los \u00faltimos a\u00f1os, el n\u00famero de camas disponibles en la sanidad privada en Madrid ha ido bajando desde 2012, perdiendo alrededor de 500, en estos a\u00f1os ha sido la sanidad p\u00fablica madrile\u00f1a la que ha sufrido un mayor recorte en camas, alrededor de 1.200 entre 2012 y 2018.<\/p>\n\n\n\n<p>Un recorte que contrasta que el presupuesto destinado a sanidad por la Comunidad que desde 2014 ha ido aument\u00e1ndose levemente desde 6.980,82 a 8.108,97 millones de euros en 2019. Y es que, en esos a\u00f1os, la inversi\u00f3n destinada a los hospitales de gesti\u00f3n privada ha despuntado, aumentando tres veces m\u00e1s que la inversi\u00f3n destinada a los de gesti\u00f3n p\u00fablica, seg\u00fan denunciaba un informe de UGT publicado en&nbsp;<a href=\"https:\/\/elpais.com\/ccaa\/2019\/12\/17\/madrid\/1576574395_339901.html\">El Pa\u00eds<\/a>&nbsp;a finales de 2019.<\/p>\n\n\n\n<p>Dicho informe explica c\u00f3mo los hospitales de gesti\u00f3n privada integrados en la Red \u00danica de Utilizaci\u00f3n P\u00fablica pasaron, entre 2015 y 2019 de contar con una inversi\u00f3n por parte de la Comunidad de Madrid de 621.406.769 euros a los 742.086.923 euros, un 19,4% m\u00e1s, mientras los hospitales de gesti\u00f3n p\u00fablica pasaron de 2.884.087.247 euros en 2015 a 3.068.372.254 en 2019, un 6,4%.<\/p>\n\n\n\n<figure class=\"wp-block-image\"><img decoding=\"async\" src=\"https:\/\/kaosenlared.net\/wp-content\/uploads\/2020\/03\/00-91.jpg\" alt=\"\" class=\"wp-image-774955\"\/><\/figure>\n\n\n\n<p>Por su parte, la desinversi\u00f3n tambi\u00e9n se ha notado en la compra de material sanitario. Desde 2017, la Comunidad de Madrid solo ha realizado dos compras de respiradores por un total de 13 unidades. Una de ellas, de<a href=\"https:\/\/boe.es\/buscar\/doc.php?id=BOE-B-2018-9685\" target=\"_blank\" rel=\"noreferrer noopener\">&nbsp;10 respiradores<\/a>, tuvo como destino el Hospital Gregorio Mara\u00f1\u00f3n y supuso el pago de 27.764 euros por unidad.<\/p>\n\n\n\n<figure class=\"wp-block-image\"><img decoding=\"async\" src=\"https:\/\/kaosenlared.net\/wp-content\/uploads\/2020\/03\/00-92.jpg\" alt=\"\" class=\"wp-image-774956\"\/><\/figure>\n\n\n\n<p><\/p>\n","protected":false},"excerpt":{"rendered":"<p>Ana \u00c1lvarez Y Ter Garc\u00eda Fuente: Kaos en la Red Desde la patronal de sanidad privada Aspe cifran en 2.700 las personas ingresadas por coronavirus en centros privados en todo el Estado, 2.200 de ellas en Madrid. A fecha de 24 de marzo, eran 2.200 los casos de coronavirus que se estaban tratando en la [&hellip;]<\/p>\n","protected":false},"author":1,"featured_media":1399,"comment_status":"open","ping_status":"open","sticky":false,"template":"","format":"standard","meta":{"footnotes":""},"categories":[5,3],"tags":[],"_links":{"self":[{"href":"http:\/\/www.movimientocaamanista.com\/index.php?rest_route=\/wp\/v2\/posts\/1493"}],"collection":[{"href":"http:\/\/www.movimientocaamanista.com\/index.php?rest_route=\/wp\/v2\/posts"}],"about":[{"href":"http:\/\/www.movimientocaamanista.com\/index.php?rest_route=\/wp\/v2\/types\/post"}],"author":[{"embeddable":true,"href":"http:\/\/www.movimientocaamanista.com\/index.php?rest_route=\/wp\/v2\/users\/1"}],"replies":[{"embeddable":true,"href":"http:\/\/www.movimientocaamanista.com\/index.php?rest_route=%2Fwp%2Fv2%2Fcomments&post=1493"}],"version-history":[{"count":1,"href":"http:\/\/www.movimientocaamanista.com\/index.php?rest_route=\/wp\/v2\/posts\/1493\/revisions"}],"predecessor-version":[{"id":1494,"href":"http:\/\/www.movimientocaamanista.com\/index.php?rest_route=\/wp\/v2\/posts\/1493\/revisions\/1494"}],"wp:featuredmedia":[{"embeddable":true,"href":"http:\/\/www.movimientocaamanista.com\/index.php?rest_route=\/wp\/v2\/media\/1399"}],"wp:attachment":[{"href":"http:\/\/www.movimientocaamanista.com\/index.php?rest_route=%2Fwp%2Fv2%2Fmedia&parent=1493"}],"wp:term":[{"taxonomy":"category","embeddable":true,"href":"http:\/\/www.movimientocaamanista.com\/index.php?rest_route=%2Fwp%2Fv2%2Fcategories&post=1493"},{"taxonomy":"post_tag","embeddable":true,"href":"http:\/\/www.movimientocaamanista.com\/index.php?rest_route=%2Fwp%2Fv2%2Ftags&post=1493"}],"curies":[{"name":"wp","href":"https:\/\/api.w.org\/{rel}","templated":true}]}}