{"id":1556,"date":"2020-04-01T20:12:19","date_gmt":"2020-04-01T20:12:19","guid":{"rendered":"http:\/\/www.movimientocaamanista.com\/?p=1556"},"modified":"2020-04-01T20:12:20","modified_gmt":"2020-04-01T20:12:20","slug":"el-colapso-del-sistema-sanitario-de-colombia-y-el-covid-19","status":"publish","type":"post","link":"http:\/\/www.movimientocaamanista.com\/?p=1556","title":{"rendered":"El colapso del sistema sanitario de Colombia y el Covid-19"},"content":{"rendered":"\n<p>Alberto Pinz\u00f3n S\u00e1nchez<\/p>\n\n\n\n<p>Fuente: <a href=\"https:\/\/rebelion.org\/el-colapso-del-sistema-sanitario-de-colombia-y-el-covid19\/\">Rebeli\u00f3n<\/a><\/p>\n\n\n\n<p>La dif\u00edcil y compleja situaci\u00f3n por la que atraviesa actualmente Colombia, generada por la pandemia global del Covid 19, no se puede desligar del an\u00e1lisis concreto de la historia y del desarrollo de la salud p\u00fablica en el pa\u00eds. Historia que remite necesariamente al desarrollo del capitalismo dependiente del imperialismo en el pa\u00eds durante la mayor parte del siglo XX y se puede remontar a la terminaci\u00f3n de la llamada guerra civil de los mil d\u00edas entre liberales y conservadores en 1902, la amputaci\u00f3n del departamento de Panam\u00e1 por el Gobierno de los EEUU, el ascenso al poder del general (conservador) Rafael Reyes con su dictadura desarrollista bipartidista que fue denominada por los historiadores el \u201cquinquenio Reyes\u201d, inicio de la denominada hegemon\u00eda conservadora, con todas sus continuaciones bipartidistas &nbsp;<\/p>\n\n\n\n<p>&nbsp;Es a comienzos del siglo XX, cuando los EEUU empiezan a dominar y hegemonizar abiertamente las relaciones internacionales en el continente americano, que se organiza una instituci\u00f3n de alcance internacional que le permitiera controlar f\u00e9rreamente la salubridad en todo el continente, la Oficina Sanitaria Panamericana, la que despu\u00e9s de varios rebautizos finalmente ser\u00e1 conocida como OPS. Es pues la OPS, instituci\u00f3n ya secular de intervenci\u00f3n estadounidense en los sucesivos gobiernos de Colombia, la encargada de \u201casesorar, supervisar y controlar\u201d a lo largo del siglo XX y parte del actual, la ejecuci\u00f3n de todos y cada uno de los momentos por los que ha pasado el desarrollo de la salud publica oficial en el pa\u00eds hasta el colapso actual. Veamos:<\/p>\n\n\n\n<p>&nbsp;Saneamiento de los puertos fluviales y mar\u00edtimos para el embarque del caf\u00e9, banano y petr\u00f3leo. Presencia de la tan reconocida Fundaci\u00f3n Rockefeller para el desarrollo de campa\u00f1as directas contra&nbsp;las endemias m\u00e1s comunes&nbsp;(denominadas en Europa enfermedades coloniales y en EEUU tropicales) como la lepra, la anemia tropical de los cafetales o uncinariasis, el paludismo, la fiebre amarilla y dem\u00e1s enfermedades parasitarias, la tuberculosis, la viruela, la par\u00e1lisis infantil y otras virosis, as\u00ed como las enfermedades de los burdeles que agobiaban a los cosecheros y trabajadores del caf\u00e9 como la gonorrea refractaria, la s\u00edfilis y dem\u00e1s enfermedades infectocontagiosas y ven\u00e9reas. La intromisi\u00f3n del llamado \u201chigienismo\u201d en los servicios p\u00fablicos b\u00e1sicos (agua, alcantarillado, basuras) y en el control de plagas (zoonosis) que diezmaban especialmente las ganader\u00edas y reba\u00f1os que conllev\u00f3 la creaci\u00f3n de la direcci\u00f3n nacional de higiene, base de lo que ser\u00eda en 1938 el ministerio de trabajo e higiene y previsi\u00f3n social y a las estad\u00edsticas oficiales de salud; la reforma \u201cflexenriana\u201d de la educaci\u00f3n m\u00e9dica y el abandono del modelo franc\u00e9s imperante.<\/p>\n\n\n\n<p>Para 1946 el modelo \u00abhigienista\u00bb lleva a la creaci\u00f3n del ministerio de higiene y al retiro de la fundaci\u00f3n Rockefeller del territorio colombiano en 1948 cuando entrega al ministerio la direcci\u00f3n del programa de fiebre amarilla. Luego a la creaci\u00f3n del ministerio de salud p\u00fablica durante el gobierno dictatorial de Rojas Pinilla en 1953, el cual a partir de la organizaci\u00f3n del&nbsp;Estado Plebiscitario y del estado de sitio permanente creado en &nbsp;1957, creado por el pacto bipartidista Lleras Camargo- Laureano G\u00f3mez en Sitges\/ 57, adquiere su funci\u00f3n plena como instituci\u00f3n Estatal de planificaci\u00f3n, coordinaci\u00f3n e integraci\u00f3n as\u00ed como de control central de toda la pol\u00edtica sanitaria, de salubridad p\u00fablica y de seguridad social del Estado en su conjunto, como de sus implicaciones econ\u00f3micas y sociales m\u00e1s generales, acorde con el avance de las condiciones del mercado nacional y del desarrollo de la lucha de clases y correlaci\u00f3n de fuerzas sociales: Inicialmente, durante los primeros gobiernos del Frente Nacional bipartidista considerando la prestaci\u00f3n de la salud como un servicio p\u00fablico que demandaba un gasto del Estado y de \u201csubsidios a la oferta de los servicios de salud\u201d, para lo cual se realizaron una serie de reformas administrativas que se catalogaron en lo que se llam\u00f3 el \u201cSistema Nacional de Salud\u201d, criticado y combatido sutilmente durante a\u00f1os por los sectores financieros como \u201cestatista\u201d.<\/p>\n\n\n\n<p>Y a partir de 1973, despu\u00e9s del derrocamiento de este modelo en Chile y su reemplazo por el&nbsp;Fascismo Neoliberal de Pinochet, que paulatina y gradualmente se va sustituyendo por un modelo m\u00e1s acorde con el avance irreversible y dominio del capital financiero y narco en la econom\u00eda colombiana por un modelo de \u201csubsidios a la demanda\u201d, para lo cual se dise\u00f1aron dos estrategias mercantiles; una, considerar la prestaci\u00f3n de los servicios de salud como una mercanc\u00eda que la mano invisible del dios mercado regula seg\u00fan la demanda habr\u00e1 oferta, y otra, dejar de llamar \u201cpaciente\u201d a la persona (enferma) demandante de atenci\u00f3n medica que pas\u00f3 a convertirse en \u201ccliente\u201d, en usuario, como el de cualquier almac\u00e9n o peluquer\u00eda.<\/p>\n\n\n\n<p>Este paso se dio cuando en 1990 llega a la presidencia de Colombia Cesar (OEA) Gaviria entrega burocr\u00e1ticamente el ministerio de salud y todos los &nbsp;m\u00faltiples institutos que depend\u00edan de este ministerio al chapucero (ignorante en materia de salud) se\u00f1or Antonio Navarro con su grupo de ex guerrilleros del M 19 que acababan de firmar un acuerdo de paz con el gobierno Gaviria, como pago por el soporte que le dieron a la promulgaci\u00f3n de la constituci\u00f3n de 1991 y el triunfo definitivo del neoliberalismo constitucional contrainsurgente en todo el territorio colombiano. Con esta derrota de las fuerzas populares, pudo el ascendente \u201cchal\u00e1n samperista de las sombras\u201d Uribe V\u00e9lez, contando con el apoyo de los sectores m\u00e1s agresivos y violentos del capital financieros y del capital subterr\u00e1neo proveniente de los narc\u00f3ticos, armar una mayor\u00eda parlamentaria en el llamado congreso colombiano y hacer aprobar la&nbsp;fat\u00eddica Ley 100 de 1993&nbsp;&nbsp;junto con la cascada infinita de decretos reglamentarios que sigui\u00f3 a continuaci\u00f3n desmantelando todo lo que quedaba del antiguo Sistema Nacional de Salud, mediante la instituci\u00f3n de tres figuras financieras privadas b\u00e1sicas:<\/p>\n\n\n\n<p>Las Empresas Prestadoras de Salud (EPS), las Instituciones Prestadoras de Salud (IPS) y, a la red hospitalaria de hospitales p\u00fablicos que tantos a\u00f1os y sacrificios hab\u00edan costado y que mal que bien ven\u00edan funcionando, se les abri\u00f3 la tronera para que las penetrara el capital financiero trasnacional convirti\u00e9ndolas en Empresas Sociales del Estado (ESE). La cat\u00e1strofe sanitaria para la mayor\u00eda del pueblo trabajador que sigui\u00f3 a continuaci\u00f3n es m\u00e1s reciente y por lo tanto m\u00e1s conocida, lo confirman los miles y miles de Tutelas que han tenido que presentar los colombianos ante los juzgados para que las EPS autoricen la prestaci\u00f3n de salud que necesitan. Cat\u00e1strofe hist\u00f3rica que forma parte de colapso colectivo de la sanidad que est\u00e1 provocando la pandemia global del corona virus en Colombia. &nbsp;&nbsp;&nbsp;&nbsp;&nbsp;<\/p>\n\n\n\n<p>Hoy por hoy, el Estado colombiano, como la mayor\u00eda de los Estados latinoamericanos que siguiendo las pautas neoliberales ordenadas desde el consenso de Washington desmantelaron las instituciones sanitarias que en su momento denominaron \u201ckeynesianas\u201d, frente al reto Covid 19 global no puede sino ofrecer la \u201ccoerci\u00f3n\u201d y ley marcial para imponer una necesaria cuarentena colectiva. Nada m\u00e1s. Porque los otros aspectos tanto econ\u00f3micos como de infraestructura sanitaria no tiene nada que ofrecer, fuera del colapso anunciado.<\/p>\n\n\n\n<p>Y mientras los intoxicadores de opini\u00f3n internacional van creando, sutilmente, a trav\u00e9s de la falsimedia colombiana nuevos eufemismos tan agresivos como vol\u00e1tiles e incre\u00edbles aunque acordes con las necesidades guerreras de la geopol\u00edtica imperial como por ejemplo, \u201ccartel de los soles\u201d, \u201cnarco-dictador\u201d, \u201cnarco-acuerdo-de-la-Habana\u201d, \u201cnorieguismo venezolano\u201d, \u201cnarco chavismo\u201d, \u201cnarco madurismo\u201d, ect; en la esfera ideol\u00f3gica nacional ofrecen un relato compasivo y piadoso lleno de eufemismos y de sentimentalismos inocuos, como arroparse con el tricolor nacional; entregarse en cuerpo y alma a la reina de Colombia la virgen de Chiquinquir\u00e1; tomar alborozadamente el cuento chino del presidente franc\u00e9s Macr\u00f3n sobre la \u201cla guerra al enemigo invisible\u201d para continuar la&nbsp;guerra sucia contra ex guerrilleros y lideres sociales&nbsp;encerrados en su casas que si son enemigos visibles y tangibles; eludir directamente las responsabilidades pues estamos haciendo lo que nos dicen los \u201cexpertos\u201d; estamos pendientes de una vacuna que talvez no venga, de todas maneras hay que \u201cestar en las trincheras\u201d muy pendientes pues esto puede empeorar; hacemos un llamado a \u201csacar lo mejor de nosotros\u201d, mientras en el diario oficial de El Tiempo se publica una florida fantas\u00eda de Ester y sus \u201cpolvos caseros\u201d en los tiempos de encerramiento, con el fin de distraer la atenci\u00f3n y ocultar la repugnante&nbsp;matanza hecha por la Fuerza P\u00fablica de 23 presos pol\u00edticos y 83 heridos graves ocurrida en la c\u00e1rcel Modelo de Bogot\u00e1 en la madrugada del 22.03.2020.<\/p>\n\n\n\n<p>\u00bfY, qu\u00e9 me dicen de los botellones de pl\u00e1stico que el magnate empresarial y cacao finaciero Ardila Lulle va a hacer en su f\u00e1brica Postob\u00f3n de limonadas como respiradores artificiales de alt\u00edsima tecnolog\u00eda para los \u201cpulmones envejecidos de los abuelitos\u201d?<\/p>\n","protected":false},"excerpt":{"rendered":"<p>Alberto Pinz\u00f3n S\u00e1nchez Fuente: Rebeli\u00f3n La dif\u00edcil y compleja situaci\u00f3n por la que atraviesa actualmente Colombia, generada por la pandemia global del Covid 19, no se puede desligar del an\u00e1lisis concreto de la historia y del desarrollo de la salud p\u00fablica en el pa\u00eds. Historia que remite necesariamente al desarrollo del capitalismo dependiente del imperialismo [&hellip;]<\/p>\n","protected":false},"author":1,"featured_media":1399,"comment_status":"open","ping_status":"open","sticky":false,"template":"","format":"standard","meta":{"footnotes":""},"categories":[5,3],"tags":[],"_links":{"self":[{"href":"http:\/\/www.movimientocaamanista.com\/index.php?rest_route=\/wp\/v2\/posts\/1556"}],"collection":[{"href":"http:\/\/www.movimientocaamanista.com\/index.php?rest_route=\/wp\/v2\/posts"}],"about":[{"href":"http:\/\/www.movimientocaamanista.com\/index.php?rest_route=\/wp\/v2\/types\/post"}],"author":[{"embeddable":true,"href":"http:\/\/www.movimientocaamanista.com\/index.php?rest_route=\/wp\/v2\/users\/1"}],"replies":[{"embeddable":true,"href":"http:\/\/www.movimientocaamanista.com\/index.php?rest_route=%2Fwp%2Fv2%2Fcomments&post=1556"}],"version-history":[{"count":1,"href":"http:\/\/www.movimientocaamanista.com\/index.php?rest_route=\/wp\/v2\/posts\/1556\/revisions"}],"predecessor-version":[{"id":1557,"href":"http:\/\/www.movimientocaamanista.com\/index.php?rest_route=\/wp\/v2\/posts\/1556\/revisions\/1557"}],"wp:featuredmedia":[{"embeddable":true,"href":"http:\/\/www.movimientocaamanista.com\/index.php?rest_route=\/wp\/v2\/media\/1399"}],"wp:attachment":[{"href":"http:\/\/www.movimientocaamanista.com\/index.php?rest_route=%2Fwp%2Fv2%2Fmedia&parent=1556"}],"wp:term":[{"taxonomy":"category","embeddable":true,"href":"http:\/\/www.movimientocaamanista.com\/index.php?rest_route=%2Fwp%2Fv2%2Fcategories&post=1556"},{"taxonomy":"post_tag","embeddable":true,"href":"http:\/\/www.movimientocaamanista.com\/index.php?rest_route=%2Fwp%2Fv2%2Ftags&post=1556"}],"curies":[{"name":"wp","href":"https:\/\/api.w.org\/{rel}","templated":true}]}}