{"id":1565,"date":"2020-04-04T02:04:31","date_gmt":"2020-04-04T02:04:31","guid":{"rendered":"http:\/\/www.movimientocaamanista.com\/?p=1565"},"modified":"2020-04-04T02:04:33","modified_gmt":"2020-04-04T02:04:33","slug":"manuel-marulanda-velez-vive","status":"publish","type":"post","link":"http:\/\/www.movimientocaamanista.com\/?p=1565","title":{"rendered":"Manuel Marulanda V\u00e9lez vive"},"content":{"rendered":"\n<p>FARC-EP <\/p>\n\n\n\n<p>Fuente: <a href=\"https:\/\/rebelion.org\/manuel-marulanda-velez-vive\/\">Rebeli\u00f3n<\/a><\/p>\n\n\n\n<p>Hoy es el d\u00eda del derecho universal de los pueblos del mundo a la rebeli\u00f3n, al alzamiento armado contra la opresi\u00f3n. As\u00ed lo instituyeron numerosos movimientos pol\u00edticos y sociales, partidos de izquierda, sindicatos, colectivos populares, acad\u00e9micos y gente del com\u00fan, en homenaje a Manuel Marulanda V\u00e9lez, rememorando la partida f\u00edsica del comandante el 26 de marzo de 2008. \u00a1C\u00f3mo palpita el internacionalismo en el inmenso pecho de la humanidad!<\/p>\n\n\n\n<p>El recurso a la rebeli\u00f3n es un derecho natural e hist\u00f3rico. En el pre\u00e1mbulo mismo de la Declaraci\u00f3n Universal de los Derechos Humanos aprobada por la ONU en 1948, se consagra y legitima este derecho, impreso, adem\u00e1s, de manera indeleble en la historia del constitucionalismo mundial.<\/p>\n\n\n\n<p>Para recordar hoy a Manuel Marulanda V\u00e9lez en su asombrosa trayectoria de resistencia, nos referimos a este derecho universal, a trav\u00e9s de reflexiones del Libertador, hechas p\u00fablicas en las p\u00e1ginas del Correo del Orinoco en 1821. Dec\u00eda Bol\u00edvar que, \u201cEl hombre social puede conspirar contra toda ley positiva que tenga encorvada su cerviz, escud\u00e1ndose con la ley natural. Sin duda \u2013dec\u00eda- es algo severa esta teor\u00eda, pero aun cuando sean alarmantes las consecuencias de la resistencia al poder, no es menos cierto que existe en la naturaleza del hombre social un derecho inalienable que legitima la insurrecci\u00f3n\u201d.<\/p>\n\n\n\n<p>Y de manera pragm\u00e1tica nos recomienda, tambi\u00e9n, en los folios de ese documento que, \u201cA fin de no embrollar la gram\u00e1tica de la raz\u00f3n, debe darse el nombre de insurrecci\u00f3n a toda conjuraci\u00f3n que tenga por objeto mejorar el hombre, la patria y el universo\u201d.<\/p>\n\n\n\n<p>Y de nuestra parte dir\u00edamos que Manuel Marulanda V\u00e9lez le insufl\u00f3 vida a aquel aserto bolivariano de que \u201cLa insurrecci\u00f3n se anuncia con el esp\u00edritu de paz, se resiste contra el despotismo porque \u00e9ste destruye la paz, y no toma las armas sino para obligar a sus enemigos a la paz\u201d.<\/p>\n\n\n\n<p>Desde sus or\u00edgenes a mediados del siglo 20 las FARC siempre estuvieron ligadas a la paz y a la resistencia contra el despotismo del poder. Sus fundadores fueron protagonistas de la lucha armada desencadenada tras el asesinato el 9 de abril de 1948 del tribuno Jorge Eli\u00e9cer Gait\u00e1n, que en las plazas p\u00fablicas colmadas llamaba al pueblo a la carga contra la oligarqu\u00eda y por la restauraci\u00f3n moral de la Rep\u00fablica. Y los nombres de Marulanda y de Jacobo Pr\u00edas Alape (Charro negro) se fueron insertando desde entonces en la historia pol\u00edtica del pa\u00eds.<\/p>\n\n\n\n<p>Durante la pacificaci\u00f3n del primer gobierno del Frente Nacional, la guerrilla comunista de Manuel, cesa la lucha armada, pero no entrega sus fusiles, considerados como garant\u00eda de cumplimiento y escudo frente a la traici\u00f3n. En 1960 cae asesinado por sicarios del r\u00e9gimen en Gaitania (sur del Tolima) el comandante Jacobo Pr\u00edas, negociador de paz de la guerrilla, grave traici\u00f3n que se sum\u00f3 al incumplimiento de los compromisos adquiridos por el Estado.<\/p>\n\n\n\n<p>En mayo de 1964 el presidente Guillermo Le\u00f3n Valencia orden\u00f3 el ataque militar a la regi\u00f3n de Marquetalia, obligando a los hombres de Manuel a regresar a la lucha armada. As\u00ed surgieron las FARC hace 56 a\u00f1os, como respuesta a la agresi\u00f3n y a la traici\u00f3n a la paz por uno de los gobiernos del Frente Nacional de las oligarqu\u00edas.<\/p>\n\n\n\n<p>La paz negociada siempre ha sido y ser\u00e1 nuestra bandera, hasta lograrla. Lo intentamos en 1984 con los di\u00e1logos de La Uribe, en 1991 con las conversaciones de Caracas y Tlaxcala, luego en San Vicente del Cagu\u00e1n en 1999, y m\u00e1s recientemente, en el 2012, en los di\u00e1logos de La Habana, en los que las partes contendientes firmaron un esperanzador acuerdo de paz, que termin\u00f3 hecho trizas por la mezquindad del Estado y la traici\u00f3n.<\/p>\n\n\n\n<p>M\u00e1s de 180 guerrilleros de las FARC firmantes de la paz han sido asesinados hasta el momento. Se sigue impidiendo la participaci\u00f3n ciudadana en los dise\u00f1os estrat\u00e9gicos que tienen que ver con su futuro y no hay punto final al fraude electoral, porque las podridas y corruptas ramas del poder, hundieron miserablemente la reforma pol\u00edtica. Se negaron a titular tierras a los campesinos, porque en el congreso siguen mandando los terratenientes despojadores ligados al paramilitarismo. La Jurisdicci\u00f3n Especial para la paz, JEP, fue convertida en un mamarracho para favorecer la impunidad de los determinadores de la violencia desde las m\u00e1s altas investiduras del Estado y para sancionar judicialmente -de manera exclusiva- a los alzados en armas, imponiendo el derecho penal del enemigo en contrav\u00eda de lo acordado.<\/p>\n\n\n\n<p>La traici\u00f3n, s\u00ed, la traici\u00f3n, es una maldici\u00f3n que ha impedido el triunfo de la paz en Colombia. Aqu\u00ed matan o intentan encarcelar a los negociadores de paz. Mataron a Carlos Pizarro, a Iv\u00e1n Marino Ospina, y a \u00c1lvaro Fayad del M-19. Asesinaron a m\u00e1s de 5 mil militantes de la Uni\u00f3n Patri\u00f3tica, surgida del Acuerdo de Paz de La Uribe, Meta. Mataron a Jacobo Pr\u00edas, a Guadalupe Salcedo, y ultimaron a Alfonso Cano por orden del presidente de la perfidia, con quien desarrollaba acercamientos de paz.<\/p>\n\n\n\n<p>Amamos la paz, no la guerra, pero las FARC-EP, Segunda Marquetalia, ir\u00e1n a ella con tristeza en el coraz\u00f3n, pero dispuestas a obligar a los enemigos de la paz, a la paz. Su nueva modalidad operativa estar\u00e1 enfocada en las ego\u00edstas e insensibles castas dominantes y sus intereses, mientras llama al pueblo uniformado a mandar al carajo la obediencia debida y apuntar las armas del sentido com\u00fan contra los enemigos de la paz y del bienestar de los colombianos.<\/p>\n\n\n\n<p>Proponemos a las Fuerzas Armadas respaldar con sus sentimientos de patria y humanidad al movimiento social y pol\u00edtico que hoy protesta indignado en las calles contra los paquetazos neoliberales del gobierno que solo generan m\u00e1s pobreza y m\u00e1s miseria, contra la corrupci\u00f3n y la impunidad, y demandando salud, educaci\u00f3n, titulaci\u00f3n de tierras, empleo, vivienda, v\u00edas, conectividad y una nueva Carta Constitucional que garantice las reformas que la paz reclama. Debemos pensar en el poder de la unidad c\u00edvico-militar\u2026 No se trata solo de apoyar un gobierno de coalici\u00f3n democr\u00e1tica, sino de participar en \u00e9l. Las armas -como dec\u00eda el Libertador- deben ser colocadas en defensa de las garant\u00edas sociales.<\/p>\n\n\n\n<p>No se dejen utilizar por guerreristas de derecha, ni por la potencia del norte que quiere empujarnos a una absurda guerra fratricida contra Venezuela. Hace 200 a\u00f1os Colombia y Venezuela lucharon juntas, como hermanas, por la libertad bajo el genio de Sim\u00f3n Bol\u00edvar. Ojal\u00e1 nos uni\u00e9ramos como en el pasado, para motivar con el ejemplo la unidad latinoamericana y caribe\u00f1a, para defender con fuerza nuestra independencia y libertad, nuestra soberan\u00eda como patria grande y el derecho a la paz.<\/p>\n\n\n\n<p>Que Duque no se salga con la suya pasando de agache -ampliando cuarentenas por el coronavirus- la explicaci\u00f3n que le debe al pa\u00eds por aceptar en su campa\u00f1a pol\u00edtica, dineros del narcotr\u00e1fico aportados por su amigo, el mafioso \u00d1e\u00f1e Hern\u00e1ndez. Ese presidente sinverg\u00fcenza, debiera renunciar.<\/p>\n\n\n\n<p>Desde Marquetalia con Bol\u00edvar, con Manuel, LA LUCHA SIGUE.<\/p>\n\n\n\n<p>FARC-EP, Segunda Marquetalia.<\/p>\n","protected":false},"excerpt":{"rendered":"<p>FARC-EP Fuente: Rebeli\u00f3n Hoy es el d\u00eda del derecho universal de los pueblos del mundo a la rebeli\u00f3n, al alzamiento armado contra la opresi\u00f3n. As\u00ed lo instituyeron numerosos movimientos pol\u00edticos y sociales, partidos de izquierda, sindicatos, colectivos populares, acad\u00e9micos y gente del com\u00fan, en homenaje a Manuel Marulanda V\u00e9lez, rememorando la partida f\u00edsica del comandante [&hellip;]<\/p>\n","protected":false},"author":1,"featured_media":1566,"comment_status":"open","ping_status":"open","sticky":false,"template":"","format":"standard","meta":{"footnotes":""},"categories":[5,3],"tags":[],"_links":{"self":[{"href":"http:\/\/www.movimientocaamanista.com\/index.php?rest_route=\/wp\/v2\/posts\/1565"}],"collection":[{"href":"http:\/\/www.movimientocaamanista.com\/index.php?rest_route=\/wp\/v2\/posts"}],"about":[{"href":"http:\/\/www.movimientocaamanista.com\/index.php?rest_route=\/wp\/v2\/types\/post"}],"author":[{"embeddable":true,"href":"http:\/\/www.movimientocaamanista.com\/index.php?rest_route=\/wp\/v2\/users\/1"}],"replies":[{"embeddable":true,"href":"http:\/\/www.movimientocaamanista.com\/index.php?rest_route=%2Fwp%2Fv2%2Fcomments&post=1565"}],"version-history":[{"count":1,"href":"http:\/\/www.movimientocaamanista.com\/index.php?rest_route=\/wp\/v2\/posts\/1565\/revisions"}],"predecessor-version":[{"id":1567,"href":"http:\/\/www.movimientocaamanista.com\/index.php?rest_route=\/wp\/v2\/posts\/1565\/revisions\/1567"}],"wp:featuredmedia":[{"embeddable":true,"href":"http:\/\/www.movimientocaamanista.com\/index.php?rest_route=\/wp\/v2\/media\/1566"}],"wp:attachment":[{"href":"http:\/\/www.movimientocaamanista.com\/index.php?rest_route=%2Fwp%2Fv2%2Fmedia&parent=1565"}],"wp:term":[{"taxonomy":"category","embeddable":true,"href":"http:\/\/www.movimientocaamanista.com\/index.php?rest_route=%2Fwp%2Fv2%2Fcategories&post=1565"},{"taxonomy":"post_tag","embeddable":true,"href":"http:\/\/www.movimientocaamanista.com\/index.php?rest_route=%2Fwp%2Fv2%2Ftags&post=1565"}],"curies":[{"name":"wp","href":"https:\/\/api.w.org\/{rel}","templated":true}]}}