{"id":1591,"date":"2020-04-06T02:09:38","date_gmt":"2020-04-06T02:09:38","guid":{"rendered":"http:\/\/www.movimientocaamanista.com\/?p=1591"},"modified":"2020-04-10T13:10:43","modified_gmt":"2020-04-10T13:10:43","slug":"carta-abierta-al-senador-felix-nova-de-la-provincia-monsenor-nouel","status":"publish","type":"post","link":"http:\/\/www.movimientocaamanista.com\/?p=1591","title":{"rendered":"CARTA ABIERTA AL SENADOR FELIX NOVA DE LA PROVINCIA MONSE\u00d1OR NOUEL"},"content":{"rendered":"\n<p>Rafel Jimenez Abad<\/p>\n\n\n\n<p>La raz\u00f3n por la que la gente sigue mis publicaciones es por que contrario a usted no me involucro en las cuestiones sociales buscando ni dinero ni poder. <\/p>\n\n\n\n<p>No tengo esa angustia.<\/p>\n\n\n\n<p>Es sabido de reacciones solapadas muy acre a mis criticas al Comite Interinstitucional para el manejo del Covid-19 que se ha montado en mi provincia Monse\u00f1or Nouel donde usted y un grupo de funcionarios da bandazos en las primeras iniciativas.<\/p>\n\n\n\n<p>Una mayor\u00eda de ese comite no son m\u00e9dicos y mucho menos epidemiologos\/as ni neumologos\/as o virologos\/as. <\/p>\n\n\n\n<p>Usted como Senador es muy bueno generando clientela pol\u00edtica, tanto que haz embriagado hasta algunos de sus contrincantes en esa manera de procurar adhesiones, pero al no ser medico  y tener la fama de poca apertura mental, es obvio que se iban a presentar esos bandazos los cuales son muy peligrosos porque nos jugamos la vida.<\/p>\n\n\n\n<p>Su rol, el de los diputados, gobernadora y alcaldes es garantizar que el estado proporcione SALUD Y ALIMENTACION a titulo de un derecho no de una d\u00e1diva para toda la poblaci\u00f3n a travez de un sistema de expertos y expertas en esas \u00e1reas.<\/p>\n\n\n\n<p>Si ese comite fuera del area medica y con profundo sentido de responsabilidad dado el momento actual que vivimos y siempre apoyado por el estado ya hubiera en la provincia lugares para el internamiento de los afectados en condiciones que garanticen su dignidad humana.<\/p>\n\n\n\n<p>Hace rato que ya tuvieran a su disposici\u00f3n 6 o 7 cl\u00ednicas privadas existentes en la provincia, que en este momento deben pasar al control del estado dado sus par\u00e1metros de entidades privadas inaccesibles para la gente com\u00fan. <\/p>\n\n\n\n<p>Pero ademas de ah\u00ed est\u00e1n varios locales donde funcionaron cl\u00ednicas que pueden ser rehabilitados con los dineros de los fondos mineros y los de las arcas centrales del estado que el pueblo aporta. <\/p>\n\n\n\n<p>Los pacientes del Corona Virus no son desechos para irlos a tirar a un bajo techo o a una escuela donde se podr\u00eda armar una cadena de contagios imparables al estar esos lugares en condiciones insalubres. <\/p>\n\n\n\n<p>Exijo como ciudadano y como vocero de mucha gente que desempe\u00f1e  su rol de estado no el de un candidato que reparte \u201cmanitas limpias con su foto\u201d. \u00a1Diantre, Dios mio!<\/p>\n","protected":false},"excerpt":{"rendered":"<p>Rafel Jimenez Abad La raz\u00f3n por la que la gente sigue mis publicaciones es por que contrario a usted no me involucro en las cuestiones sociales buscando ni dinero ni poder. No tengo esa angustia. Es sabido de reacciones solapadas muy acre a mis criticas al Comite Interinstitucional para el manejo del Covid-19 que se [&hellip;]<\/p>\n","protected":false},"author":1,"featured_media":1592,"comment_status":"open","ping_status":"open","sticky":false,"template":"","format":"standard","meta":{"footnotes":""},"categories":[5,16],"tags":[],"_links":{"self":[{"href":"http:\/\/www.movimientocaamanista.com\/index.php?rest_route=\/wp\/v2\/posts\/1591"}],"collection":[{"href":"http:\/\/www.movimientocaamanista.com\/index.php?rest_route=\/wp\/v2\/posts"}],"about":[{"href":"http:\/\/www.movimientocaamanista.com\/index.php?rest_route=\/wp\/v2\/types\/post"}],"author":[{"embeddable":true,"href":"http:\/\/www.movimientocaamanista.com\/index.php?rest_route=\/wp\/v2\/users\/1"}],"replies":[{"embeddable":true,"href":"http:\/\/www.movimientocaamanista.com\/index.php?rest_route=%2Fwp%2Fv2%2Fcomments&post=1591"}],"version-history":[{"count":1,"href":"http:\/\/www.movimientocaamanista.com\/index.php?rest_route=\/wp\/v2\/posts\/1591\/revisions"}],"predecessor-version":[{"id":1593,"href":"http:\/\/www.movimientocaamanista.com\/index.php?rest_route=\/wp\/v2\/posts\/1591\/revisions\/1593"}],"wp:featuredmedia":[{"embeddable":true,"href":"http:\/\/www.movimientocaamanista.com\/index.php?rest_route=\/wp\/v2\/media\/1592"}],"wp:attachment":[{"href":"http:\/\/www.movimientocaamanista.com\/index.php?rest_route=%2Fwp%2Fv2%2Fmedia&parent=1591"}],"wp:term":[{"taxonomy":"category","embeddable":true,"href":"http:\/\/www.movimientocaamanista.com\/index.php?rest_route=%2Fwp%2Fv2%2Fcategories&post=1591"},{"taxonomy":"post_tag","embeddable":true,"href":"http:\/\/www.movimientocaamanista.com\/index.php?rest_route=%2Fwp%2Fv2%2Ftags&post=1591"}],"curies":[{"name":"wp","href":"https:\/\/api.w.org\/{rel}","templated":true}]}}