{"id":1597,"date":"2020-04-06T02:23:07","date_gmt":"2020-04-06T02:23:07","guid":{"rendered":"http:\/\/www.movimientocaamanista.com\/?p=1597"},"modified":"2020-04-06T02:23:09","modified_gmt":"2020-04-06T02:23:09","slug":"america-latina-el-realismo-capitalista-y-la-realidad-del-coronavirus","status":"publish","type":"post","link":"http:\/\/www.movimientocaamanista.com\/?p=1597","title":{"rendered":"Am\u00e9rica Latina: el realismo capitalista y la realidad del coronavirus"},"content":{"rendered":"\n<p>Ariadna Dacil Lanza<\/p>\n\n\n\n<p>Fuente: <a href=\"https:\/\/rebelion.org\/america-latina-el-realismo-capitalista-y-la-realidad-del-coronavirus\/\">Rebeli\u00f3n<\/a><\/p>\n\n\n\n<p>Antes de dilucidar si en Am\u00e9rica Latina las respuestas al coronavirus buscar\u00e1n avivar el Estado de bienestar o se propondr\u00e1n quimeras autoritarias de control social, ser\u00e1 necesario repasar con qu\u00e9 Estados se top\u00f3 el virus en su llegada a la regi\u00f3n y c\u00f3mo actuaron l\u00edderes como Bolsonaro, Fern\u00e1ndez y Pi\u00f1era frente a la pandemia.<\/p>\n\n\n\n<p><strong>La negaci\u00f3n bolsonarista<\/strong><\/p>\n\n\n\n<p>El pasado 18 de enero, una mujer de 35 a\u00f1os arrib\u00f3 al aeropuerto de Belo Horizonte, en el estado de Minas Gerais, en un vuelo proveniente de Shang\u00e1i. No hubo c\u00e1mara ni esc\u00e1ner que detectara sus s\u00edntomas \u00abcompatibles con enfermedad respiratoria viral aguda\u00bb, detallados en el parte del Ministerio de Salud del estado del 22 de enero a las 16.26. Solo una hora m\u00e1s tarde, el Ministerio de Salud federal descart\u00f3 que el episodio estuviera vinculado \u00abcon el evento en China\u00bb. El caso fue desestimado no gracias a un&nbsp;<em>test<\/em>&nbsp;r\u00e1pido, sino sobre la base del itinerario, que no hab\u00eda incluido Wuhan, la ciudad en que se desat\u00f3 la epidemia de coronavirus. \u00bfA qu\u00e9 pa\u00eds llegaba la mujer?<\/p>\n\n\n\n<p>El presidente Jair Bolsonaro reci\u00e9n cumpl\u00eda el primer a\u00f1o en el Palacio del Planalto pero, junto con su ministro de Econom\u00eda Paulo Guedes, ya hab\u00eda logrado avanzar en las reformas laboral y jubilatoria de corte liberal, adem\u00e1s de las privatizaciones de empresas estrat\u00e9gicas. La noche de su triunfo electoral, Bosonaro tambi\u00e9n hab\u00eda hecho otra promesa sintetizada en una simple frase: \u00abM\u00e1s Brasil, menos Brasilia\u00bb. \u00abEl Estado Federal dar\u00e1 un paso atr\u00e1s, reduciendo su estructura y la burocracia\u00bb, hab\u00eda asegurado entonces Bolsonaro. Para eso envi\u00f3 al Congreso, a fines de 2019, el Plan M\u00e1s Brasil (tres propuestas de enmiendas constitucionales: la 186, la 187 y la 189), que habilitar\u00eda el recorte del gasto p\u00fablico en todos los niveles de gobierno (reducci\u00f3n de la jornada laboral y salarios en 25%), modificar\u00eda una \u00abregla de oro\u00bb de la Constituci\u00f3n de 1988 que impide contraer deuda para gastos corrientes y establecer\u00eda un \u00abpacto federativo\u00bb para descentralizar recursos hacia estados y municipios.<\/p>\n\n\n\n<p>La pandemia pate\u00f3 el tablero. Pero la tentadora opci\u00f3n de la autonom\u00eda para gobernadores y alcaldes fue opacada por la incapacidad a la hora de coordinar esfuerzos frente al coronavirus. Reci\u00e9n despu\u00e9s del 22 de marzo, Bolsonaro se reuni\u00f3 con algunos de ellos, pero varios ya empezaban a diferenciarse. El gobernador de San Pablo, Jo\u00e3o Doria, y el de R\u00edo de Janeiro, Wilson Witzel, optaron por la cuarentena. El presidente del Senado, Davi Alcolumbre \u2013a quien el test dio positivo<em>\u2013<\/em>, tambi\u00e9n se pronunci\u00f3 a contramano del \u00abno parar Brasil\u00bb. De hecho, asegur\u00f3 que la postura del Poder Ejecutivo de cortar el aislamiento era \u00abgrave\u00bb. A \u00e9l se sumaron&nbsp;<a href=\"https:\/\/www.camara.leg.br\/noticias\/646919-SETE-PEDIDOS-DE-IMPEACHMENT-FORAM-PROTOCOLADOS-NA-CAMARA-NESTA-SEMANA\" target=\"_blank\" rel=\"noreferrer noopener\">siete pedidos de impeachment contra el presidente<\/a>&nbsp;en la C\u00e1mara de Diputados.<\/p>\n\n\n\n<figure class=\"wp-block-image\"><img decoding=\"async\" src=\"https:\/\/nuso.org\/media\/articles\/files\/5325e8e3-822a-4098-b5d9-95e139aa283b.jpg\" alt=\"\"\/><\/figure>\n\n\n\n<p>La naciente crisis puede detectarse en cada una de las medias y discursos del gobierno desde la llegada misma de la pasajera del vuelo proveniente de Shang\u00e1i. Por esos d\u00edas, Bolsonaro vol\u00f3 a a la India, donde anunci\u00f3 15 acuerdos y hasta llev\u00f3 un arreglo floral al memorial de Gandhi. Desde ese momento hasta el 17 de marzo, d\u00eda en que se conoci\u00f3 el primer fallecido por coronavirus en Brasil, el presidente dio a entender que la pandemia global no era un tema prioritario, que solo era una&nbsp;<em>gripezinha<\/em>&nbsp;y, en cambio, se reuni\u00f3 con el t\u00e9cnico del Flamengo, asisti\u00f3 a la inauguraci\u00f3n de la programaci\u00f3n de la se\u00f1al Bandeirantes y a actos evang\u00e9licos, visit\u00f3 a Donald Trump, se pele\u00f3 con los medios por el asesinato de Marielle Franco, celebr\u00f3 400 d\u00edas de gobierno, anunci\u00f3 que Petrobras \u00abbaj\u00f3\u00bb el diesel 29,1%, la gasolina 30,1% y el gas 7,9% \u2013como si esto fuese producto de una pol\u00edtica de Estado y no de la crisis del sector\u2013, camin\u00f3 por las playas de San Pablo, alent\u00f3 movilizaciones en todo el pa\u00eds en contra del Congreso y el Poder Judicial por una disputa acerca del presupuesto, habl\u00f3 de una posible invasi\u00f3n de venezolanos, dijo que el gobierno de Alberto Fern\u00e1ndez era socialista, puso en duda la veracidad de los datos del virus difundidos por China y luego habl\u00f3 con Xi Xinping.<\/p>\n\n\n\n<p>En paralelo, sus funcionarios del \u00e1rea de Salud ofrecieron momentos de cinismo y otros con leves atisbos de preocupaci\u00f3n. Hasta que se conoci\u00f3 el primer infectado en febrero, Bolsonaro se ocup\u00f3 solo de dos acciones relativas al virus. La primera fue la firma del&nbsp;<a href=\"http:\/\/www.planalto.gov.br\/ccivil_03\/_ato2019-2022\/2020\/decreto\/D10211.htm\" target=\"_blank\" rel=\"noreferrer noopener\">decreto N\u00b0 10.211<\/a>&nbsp;para que el Ministerio de Salud tuviera autoridad para coordinar a los ministerios y dem\u00e1s organismos, lo que le permiti\u00f3 al presidente y ex-capit\u00e1n del Ej\u00e9rcito correrse del frente de la pandemia. La segunda fue la llamada Operaci\u00f3n Retorno (la repatriaci\u00f3n de 34 ciudadanos brasile\u00f1os varados en Wuhan con dos aviones de la Fuerza A\u00e9rea), que se concret\u00f3 a mediados de febrero despu\u00e9s de que el Congreso aprobara en tiempo r\u00e9cord de dos d\u00edas un&nbsp;<a href=\"https:\/\/www.camara.leg.br\/proposicoesWeb\/prop_mostrarintegra?codteor=1853941&amp;filename=PL+23\/2020\" target=\"_blank\" rel=\"noreferrer noopener\">proyecto de ley<\/a>&nbsp;\u2013enviado por el ministro de Salud Luiz Mandetta, no por el presidente\u2013 que dispon\u00eda los recursos para la cuarentena de los pasajeros y estipulaba medidas \u2013como el aislamiento y la restricci\u00f3n de ingresos al pa\u00eds\u2013 a ser adoptadas en caso de una \u00abemergencia en salud p\u00fablica\u00bb, pero que en concreto no se aplic\u00f3 m\u00e1s all\u00e1 de la repatriaci\u00f3n. El d\u00eda anterior hab\u00edan dispuesto la&nbsp;<a href=\"http:\/\/www.in.gov.br\/en\/web\/dou\/-\/portaria-n-188-de-3-de-fevereiro-de-2020-241408388\" target=\"_blank\" rel=\"noreferrer noopener\">Emergencia de Salud P\u00fablica de Importancia Nacional<\/a>, pero ni esta ni la nueva ley dispusieron una cuarentena o cierre de las fronteras. En este escenario, un hombre de 61 a\u00f1os lleg\u00f3 desde Lombard\u00eda y reci\u00e9n d\u00edas m\u00e1s tarde ser\u00eda declarado el primer caso de coronavirus. Mientras se ampliaban los casos por el cambio en la detecci\u00f3n, desde el Ministerio de Salud solo se dieron indicaciones para el carnaval \u2013como conducir sin beber o usar preservativo\u2013 y el presidente dese\u00f3 \u00abbuen carnaval para todos\u00bb en Twitter. Terminado el feriado, confirmaron el primer caso positivo. \u00abEs otro tipo de gripe que la humanidad tendr\u00e1 que atravesar\u00bb, dijo Mandetta. Un d\u00eda despu\u00e9s llegaba al pa\u00eds, sin saberlo, quien iba a ser el segundo portador del virus.<\/p>\n\n\n\n<p>A principio de marzo los casos confirmados ya llegaron a ocho, incluido un ni\u00f1o de 13 a\u00f1os. \u00bfY el presidente? Reci\u00e9n llegado de Estados Unidos, donde se reuni\u00f3 con Trump, hizo un&nbsp;<em>live<\/em>&nbsp;en sus redes con el ministro Mandetta (ten\u00edan mascarillas porque su secretario de Comunicaci\u00f3n, Fabio Wajngarten, y sus ministros de Seguridad Institucional, Augusto Heleno, y de Miner\u00eda y Energ\u00eda, Bento Albuquerque, que integraron la comitiva oficial, dieron positivo de coronavirus) donde habl\u00f3 de la ca\u00edda del precio del petr\u00f3leo y hasta lleg\u00f3 apreguntarle al ministro si el movimiento \u00abespont\u00e1neo\u00bb convocado para el domingo 15 en contra del Poder Legislativo (por esos d\u00edas discut\u00edan recursos del presupuesto) era un problema frente a la pandemia. Bolsonaro se respondi\u00f3: \u00abLo que hay que evitar es que haya una explosi\u00f3n porque el sistema no la soporta\u00bb. Nada de eso pas\u00f3.<\/p>\n\n\n\n<p>El presidente no evit\u00f3, sino que alent\u00f3 las manifestaciones y public\u00f3 fotos y videos de los convocados en distintos puntos del pa\u00eds, adem\u00e1s de una foto suya haciendo un gesto ofensivo y el resultado negativo de su segundo test, que no public\u00f3, junto a un llamado a \u00abno creer en los medios\u00bb. A la noche, en una entrevista a CNN Brasil, se contradijo en cada frase: \u00abTemo lo peor, s\u00ed\u00bb, pero \u00abno estoy preocupado\u00bb aunque \u00abno podemos entrar en una neurosis como si fuese el fin del mundo\u00bb, ac\u00e1 \u00abhay un inter\u00e9s econ\u00f3mico para que se llegue a esta histeria\u00bb porque en \u00ab2009 y 2010 con un problema similar en tiempos del PT [Partido de los Trabajadores] y de los dem\u00f3cratas en Estados Unidos la reacci\u00f3n no estuvo ni cerca\u00bb.Adem\u00e1s, desafi\u00f3 al presidente de la C\u00e1mara de Diputados, Rodrigo Maia, y al del Senado, Alcolumbre, con quienes se enfrent\u00f3 por el presupuesto, a que salieran a las calles como \u00e9l. Reci\u00e9n despu\u00e9s de estos episodios Bolsonaro comenz\u00f3 a ocuparse m\u00e1s centralmente de la pandemia. En l\u00ednea con Trump, habl\u00f3 de una vacuna para el coronavirus y despu\u00e9s mencion\u00f3 que la cloroquina ser\u00eda una posible cura y, desoyendo a la agencia Anvisa encargada de las regulaciones sobre medicamentos, orden\u00f3 a las Fuerzas Armadas que la produzcan. \u00abSe llama precauci\u00f3n\u00bb, dijo Bolsonaro. La cuarentena nunca lleg\u00f3y solo hubo medidas como la distribuci\u00f3n de kits de diagn\u00f3stico y camas de las unidades de cuidados intensivos, fabricaci\u00f3n de respiradores, ampliaci\u00f3n del Bolsa Fam\u00edlia, adelanto de una suerte de aguinaldo para jubilados, ampliaci\u00f3n del Programa Mais M\u00e9dico \u2013del que hab\u00eda expulsado a m\u00e9dicos cubanos\u2013, ayuda para PyMEs, pero tambi\u00e9n la liberalizaci\u00f3n de fondos que funcionan como seguros por desempleo. Bolsonaro intent\u00f3 cambiar el tono en la conferencia de prensa \u2013en un&nbsp;<em>live<\/em>&nbsp;desde su casa\u2013 que dio el 18 de marzo junto con Guedes y Mandetta \u2013todos con mascarillas\u2013, donde anunciaron medidas como por ejemplo un aporte a desocupados, y donde pidieron que se declare el \u00abestado de calamidad p\u00fablica\u00bb para aumentar el gasto p\u00fablico, y reci\u00e9n al d\u00eda siguiente comienza a cerrar las fronteras con pa\u00edses vecinos. Las inconsistencias del gobierno y el aumento exponencial de los casos detonaron en cacerolazos en distintas ciudades del pa\u00eds. Fue un signo de c\u00f3mo iba&nbsp;<a href=\"https:\/\/www1.folha.uol.com.br\/poder\/2020\/03\/bolsonaro-minimiza-popularidade-na-crise-e-chama-de-impatriotica-pergunta-sobre-datafolha.shtml\" target=\"_blank\" rel=\"noreferrer noopener\">mermando la popularidad presidencial<\/a>, lo que se sum\u00f3 a las tensiones dentro del gobierno, con los otros poderes y con la prensa (por la decisi\u00f3n de limitar los&nbsp;<a href=\"http:\/\/www.planalto.gov.br\/ccivil_03\/_Ato2019-2022\/2020\/Mpv\/mpv928.htm\" target=\"_blank\" rel=\"noreferrer noopener\">pedidos de acceso<\/a>&nbsp;a la informaci\u00f3n p\u00fablica y la no declaraci\u00f3n de cuarentena, que le vali\u00f3 la cr\u00edtica de la&nbsp;<a href=\"https:\/\/www.anj.org.br\/site\/component\/k2\/73-jornal-anj-online\/27293-associacoes-de-jornais-e-revistas-condenam-tentativa-do-presidente-de-ridicularizar-jornalistas.html\" target=\"_blank\" rel=\"noreferrer noopener\">Asociaci\u00f3n Nacional de Diarios<\/a>&nbsp;y de&nbsp;<a href=\"https:\/\/abraji.org.br\/noticias\/so-venceremos-a-pandemia-com-transparencia\" target=\"_blank\" rel=\"noreferrer noopener\">Periodismo de Investigaci\u00f3n<\/a>).<\/p>\n\n\n\n<p>Cuando Brasil contaba con seis muertos, los puestos de salud regionales ya hab\u00edan identificado la transmisi\u00f3n comunitaria y obligaron a que el Ministerio de Salud nacional reconociera la situaci\u00f3n en todo el territorio nacional. Al cierre de este art\u00edculo, el pa\u00eds vecino hab\u00eda alcanzado los 163 fallecidos y 4.630 casos confirmados.<\/p>\n\n\n\n<p><strong>Sebasti\u00e1n Pi\u00f1era: el desgaste y la pandemia<\/strong><\/p>\n\n\n\n<p>Una persona de 33 a\u00f1os que hab\u00eda llegado a Chile despu\u00e9s viajar un mes por pa\u00edses del Sudeste asi\u00e1tico fue el primer caso declarado de coronavirus en el pa\u00eds. Al igual que en Argentina, la informaci\u00f3n se confirm\u00f3 el 3 de marzo. \u00bfA qu\u00e9 pa\u00eds lleg\u00f3? Chile iniciaba el a\u00f1o 2020 con una agenda cargada de instancias en las que deb\u00eda tomar definiciones claves: un plebiscito constitucional, una Convenci\u00f3n Constituyente, y elecciones locales y regionales. Pero la llegada del coronavirus tambi\u00e9n cambi\u00f3 las prioridades de Chile y de su presidente, Sebasti\u00e1n Pi\u00f1era, quien estaba a punto de cumplir dos a\u00f1os en La Moneda y debi\u00f3 posponer la consulta constitucional para octubre.<\/p>\n\n\n\n<p>El movimiento de protesta popular que comenz\u00f3 el 18 de octubre logr\u00f3 que en menos de un mes Pi\u00f1era aceptara el plebiscito. Tambi\u00e9n se le hab\u00edan demandado reformas estructurales como la del sistema de salud, la de las administradoras de fondos de pensiones (AFP), la de energ\u00eda, la de educaci\u00f3n y la&nbsp;<a href=\"https:\/\/www.leychile.cl\/Navegar?idNorma=1123300\" target=\"_blank\" rel=\"noreferrer noopener\">salarial<\/a>&nbsp;(lejos del estilo de vida basado en el consumo y altos niveles de&nbsp;<a href=\"http:\/\/repositorio.uchile.cl\/bitstream\/handle\/2250\/150946\/Vivir-con-deudas-en-Chile-an%C3%A1lisis-de-la-estructura-fallas-y-regulaci%C3%B3n-en-el-mercado-de-cr%C3%A9ditos-al-consumo.pdf?sequence=1&amp;isAllowed=y\" target=\"_blank\" rel=\"noreferrer noopener\">endeudamiento privado<\/a>, donde el retail financiero es \u00abel sector con el mayor n\u00famero de morosos\u00bb y los&nbsp;<a href=\"https:\/\/www.bcentral.cl\/documents\/33528\/1325576\/CNSI_2019T3.pdf\/73c94ac5-72fb-22ae-bd3d-a00ca822a4fb?t=1578355162647\" target=\"_blank\" rel=\"noreferrer noopener\">\u00abpr\u00e9stamos bancarios hipotecarios\u00bb<\/a>&nbsp;explican gran parte de la deuda de los hogares), pero los reclamos fueron deso\u00eddos. El resultado sigui\u00f3 siendo la desigualdad estructural:&nbsp;<a href=\"https:\/\/repositorio.cepal.org\/bitstream\/handle\/11362\/44395\/11\/S1900051_es.pdf\" target=\"_blank\" rel=\"noreferrer noopener\">50% de los hogares representan solon 2,1% de la riqueza<\/a>&nbsp;neta del pa\u00eds y el 10% de los hogares m\u00e1s rico \u2013incluido el de Pi\u00f1era\u2013 gana 36 veces m\u00e1s que el 10% de los hogares m\u00e1s pobre y&nbsp;<a href=\"https:\/\/www.oecd-ilibrary.org\/docserver\/soc_glance-2019-en.pdf?expires=1585449955&amp;id=id&amp;accname=guest&amp;checksum=0510F0DC600032D34258A10F783C02C2\" target=\"_blank\" rel=\"noreferrer noopener\">concentra 58% de la riqueza<\/a>. Este esquema se complement\u00f3 con una pol\u00edtica represiva basada en el toque de queda y el&nbsp;<a href=\"https:\/\/www.hrw.org\/es\/news\/2019\/11\/26\/chile-llamado-urgente-una-reforma-policial-tras-las-protestas\" target=\"_blank\" rel=\"noreferrer noopener\">\u00abuso excesivo de la fuerza<\/a>&nbsp;\u2013que dej\u00f3&nbsp;<a href=\"https:\/\/www.indh.cl\/\" target=\"_blank\" rel=\"noreferrer noopener\">casi 4.000 heridos y m\u00e1s de 11.000 detenidos\u2013<\/a>&nbsp;dirigida, en un principio, por el pinochetista y entonces ministro del Interior Andr\u00e9s Chadwick y por el propio presidente. Esa pol\u00edtica represiva sigui\u00f3 en enero y provoc\u00f3 la muerte de un manifestante el jueves 30 de ese mes. Todav\u00eda hab\u00eda humo en las calles cuando Pi\u00f1era y el ministro de Salud, Jaime Ma\u00f1alich, se reunieron por el coronavirus en d\u00edas en que se descart\u00f3 el primer caso sospechoso a partir de&nbsp;<a href=\"https:\/\/www.minsal.cl\/ministerio-de-salud-descarta-caso-sospechoso-de-coronavirus-en-chile\/\" target=\"_blank\" rel=\"noreferrer noopener\">t\u00e9cnicas<\/a>&nbsp;espec\u00edficas, y no solamente a partir del itinerario de la persona como hab\u00eda sido en Brasil. En el mes siguiente, se hicieron ajustes en los \u00abpuntos de entrada al pa\u00eds\u00bb pero, lejos del control de c\u00e1maras de medici\u00f3n de la temperatura corporal o los test inmediatos que se usaron en China y Corea del Sur, todo depend\u00eda de que quienes llegaran al pa\u00eds desde zonas definidas como de riesgo respondieran \u00abun cuestionario\u00bb. Esto fue parte del Plan de Acci\u00f3n Nuevo Coronavirus, que constaba,&nbsp;<a href=\"https:\/\/www.minsal.cl\/autoridades-de-salud-anuncian-fortalecimiento-de-las-medidas-por-covid-19-tras-caso-confirmado-en-brasil\/\" target=\"_blank\" rel=\"noreferrer noopener\">seg\u00fan el ministro de Salud<\/a>, de tres fases<strong>.&nbsp;<\/strong>Sin embargo, luego debieron recalcular y sumar una cuarta, que es la que atraviesan actualmente.<\/p>\n\n\n\n<p>En las primeras fases, a\u00fan se hac\u00edan simulacros de una eventual llegada del coronavirus y reuniones con gremios de salud de los 200 hospitales y casi 1.000 centros de atenci\u00f3n primaria. D\u00edas despu\u00e9s, el Ministerio de Salud decret\u00f3 la&nbsp;<a href=\"https:\/\/www.diariooficial.interior.gob.cl\/publicaciones\/2020\/02\/08\/sumarios\/42574.pdf\" target=\"_blank\" rel=\"noreferrer noopener\">alerta sanitaria<\/a>, que consisti\u00f3 en la entrega de \u00abfacultades especiales para una r\u00e1pida provisi\u00f3n de recursos y la toma de las medidas extraordinarias\u00bb. Reci\u00e9n a fines de febrero Pi\u00f1era comenz\u00f3 a encabezar reuniones como la del Consejo de Gabinete que se hizo en La Moneda el d\u00eda 24; en ella, sin embargo, la prioridad fue hablar sobre la implementaci\u00f3n de la agenda social \u2013aquella que se hab\u00eda anunciado tres d\u00edas antes de la \u00abmarcha m\u00e1s grande\u00bb del 25 de octubre pasado\u2013 con foco en las pensiones, el ingreso m\u00ednimo y la atenci\u00f3n de la salud. Solo despu\u00e9s de que se conociera el primer caso de coronavirus en Brasil \u2013y tambi\u00e9n de la regi\u00f3n\u2013 se reforz\u00f3 el protocolo en los pasos fronterizos y el cuestionario que se deb\u00eda responder pas\u00f3 a ser una declaraci\u00f3n jurada obligatoria en la que quienes llegaban al pa\u00eds deb\u00edan consignar \u00ablos pa\u00edses en los que ha estado el \u00faltimo mes\u00bb. Adem\u00e1s, en el aeropuerto de Santiago, los pasajeros provenientes de zonas de riesgo ten\u00edan que pasar por una entrevista y \u00abeventualmente\u00bb hacerse un examen cl\u00ednico (y, de ser necesario, el test de la reacci\u00f3n en cadena de la polimerasa). El sistema comienza a aplicarse cuando en Argentina ya hab\u00edan ingresado al pa\u00eds los primeros casos. El 3 de marzo, al confirmarse el primer caso en el pa\u00eds, Chile entraba en su fase 2 (\u00abcasos importados sin casos secundarios\u00bb). Eran d\u00edas en que&nbsp;<a href=\"https:\/\/www.cadem.cl\/wp-content\/uploads\/2020\/03\/Track-PP-320-Febrero-S4-VF_Baja.pdf\" target=\"_blank\" rel=\"noreferrer noopener\">81% de la poblaci\u00f3n<\/a>&nbsp;desaprobaba la gesti\u00f3n de Pi\u00f1era y las movilizaciones populares continuaban. En un carril paralelo, el Congreso aprobaba la paridad de g\u00e9nero del \u00f3rgano encargado de redactar la nueva Constituci\u00f3n, siempre y cuando resultase favorable el plebiscito \u2013hasta ese momento segu\u00eda previsto para abril\u2013 por el que se consultar\u00e1 a los chilenos si quieren o no la reforma constitucional. Gobierno, oposici\u00f3n, calles y Parlamento no eran un coro desafinado, sino radicalmente distinto. Y Pi\u00f1era, por la misma l\u00f3gica del Estado unitario, no puede ni siquiera atribuirse demasiado m\u00e9rito por liderar la coordinaci\u00f3n de intendentes de las 16 regiones y los gobernadores de las 56 provincias, ya que son funcionarios designados por \u00e9l mismo. El \u00fanico acuerdo significativo del presidente fue reunir a una decena de partidos opositores para aplazar el plebiscito frente a la pandemia.<\/p>\n\n\n\n<figure class=\"wp-block-image\"><img decoding=\"async\" src=\"https:\/\/nuso.org\/media\/articles\/files\/48aabc91-d75a-450a-99e0-389cadc1b639.jpg\" alt=\"\"\/><\/figure>\n\n\n\n<p>El 8 de marzo se estima que cerca de dos millones de personas se reunieron en las calles de Santiago, mientras que el presidente organiz\u00f3 su propio acto sin desalentar las concentraciones. Tres d\u00edas m\u00e1s tarde, con la bandera tricolor en la mano, Pi\u00f1era celebr\u00f3 30 a\u00f1os de democracia en Chile, el mismo d\u00eda en que la Organizaci\u00f3n Mundial de la Salud (OMS) calificaba el brote de coronavirus como una pandemia global. Al acto no asistieron l\u00edderes opositores y las protestas continuaron para denunciar el aniversario de \u00abuna transici\u00f3n pactada\u00bb, como la denomin\u00f3 el Partido Comunista chileno. El pa\u00eds ya ten\u00eda 33 casos de coronavirus y solo se tomaron medidas como la ausencia de p\u00fablico en los partidos de f\u00fatbol, acciones en centros penitenciarios y la cuarentena en escuelas.<\/p>\n\n\n\n<p>En solo 48 horas Chile pas\u00f3 de la fase 3 a la 4 y Pi\u00f1era anunci\u00f3 el cierre de fronteras. Ya con 201 casos confirmados, Ma\u00f1alich dijo que el pico de casos se dar\u00eda en abril.<\/p>\n\n\n\n<p>En consonancia con su pol\u00edtica de dar cada vez m\u00e1s poder a las Fuerzas Armadas, como lo hizo entonces de la mano de Chadwick, Pi\u00f1era declar\u00f3 el&nbsp;<a href=\"https:\/\/www.leychile.cl\/Navegar?idNorma=1143580&amp;idParte=0\" target=\"_blank\" rel=\"noreferrer noopener\">Estado de Excepci\u00f3n Constitucional de Cat\u00e1strofe<\/a>: design\u00f3 como jefes de la Defensa Nacional \u2013uno por regi\u00f3n\u2013 a miembros del Ej\u00e9rcito, la Fuerza A\u00e9rea y la Armada, quienes, en pos de \u00abvelar por el orden p\u00fablico\u00bb podr\u00e1n, adem\u00e1s de establecer condiciones para las reuniones en lugares p\u00fablicos u ordenar la distribuci\u00f3n de mercader\u00eda, \u00abimpartir directamente instrucciones a todos los funcionarios del Estado, de sus empresas o de las municipalidades que se encuentren en la zona\u00bb. Reci\u00e9n en la \u00faltima semana de marzo se fueron declarando cuarentenas en algunas regiones Temuco y Padre las Casas, la Isla de Pascua y comunas de la Regi\u00f3n Metropolitana; se dispuso un Plan de Emergencia Econ\u00f3mica; el cierre de cines, restaurantes y actividades deportivas; y una ley para regular el teletrabajo, pero no hubo cuarentena general.<\/p>\n\n\n\n<p>El d\u00eda en que Chileconfirm\u00f3 la primera muerte en el pa\u00eds, el ministro de Salud dijo que la declaraci\u00f3n de cuarentenas parciales respond\u00eda a \u00abafanes populistas y electorales\u00bb de los alcaldes y afirm\u00f3 que la poblaci\u00f3n \u00abhace dos semanas no quer\u00eda nada de militares y ahora claman por tener uno en la puerta de sus casas\u00bb. Despu\u00e9s de delegar funciones en el ministro de Salud y las propias Fuerzas Armadas, y pese a la falta de apoyo del arco pol\u00edtico y la permanencia de las protestas en las calles, algunas encuestas aseguran que Pi\u00f1era, por primera vez desde el 18 de octubre de 2019, tuvo una leve alza de la&nbsp;<a href=\"https:\/\/www.cadem.cl\/wp-content\/uploads\/2020\/03\/Track-PP-323-Marzo-S3-VF_Baja.pdf\" target=\"_blank\" rel=\"noreferrer noopener\">evaluaci\u00f3n positiva<\/a>&nbsp;de su gesti\u00f3n, aunque a\u00fan mantiene alt\u00edsimos niveles de desaprobaci\u00f3n.<\/p>\n\n\n\n<p><strong>La prevenci\u00f3n argentina<\/strong><\/p>\n\n\n\n<p>El 25 de febrero llegaba al aeropuerto de Ezeiza desde Europa un hombre de 64 a\u00f1os, quien despu\u00e9s de esperar cuatro d\u00edas hasta consultar con el servicio p\u00fablico de la ciudad fue internado en terapia intensiva y tres d\u00edas despu\u00e9s pas\u00f3 a ser el primer fallecido por coronavirus en Argentina. \u00bfA qu\u00e9 pa\u00eds hab\u00eda llegado? Alberto Fern\u00e1ndez cumpl\u00eda poco m\u00e1s de dos meses de mandato presidencial y ten\u00eda en sus manos una serie de temas calientes: la deuda bruta en torno de&nbsp;<a href=\"https:\/\/www.argentina.gob.ar\/economia\/finanzas\/presentaciongraficadeudapublica\" target=\"_blank\" rel=\"noreferrer noopener\">91% del PIB<\/a>, m\u00e1s de&nbsp;<a href=\"https:\/\/www.indec.gob.ar\/uploads\/informesdeprensa\/ipc_03_20E71234346A.pdf\" target=\"_blank\" rel=\"noreferrer noopener\">50% de inflaci\u00f3n<\/a>&nbsp;y&nbsp;<a href=\"https:\/\/www.indec.gob.ar\/uploads\/informesdeprensa\/emae_02_201AA1BB7D1B.pdf\" target=\"_blank\" rel=\"noreferrer noopener\">2,1% de ca\u00edda<\/a>&nbsp;de la actividad econ\u00f3mica en 2019, por lo que se mantuvo corrido de la escena del coronavirus hasta las primeras semanas de marzo. Aun as\u00ed, m\u00e1s temprano y con mayor pericia que su par de Brasil, coordin\u00f3 a fuerzas y liderazgos en el nivel interno del gobierno, pero tambi\u00e9n de los niveles subnacionales y los tres poderes.<\/p>\n\n\n\n<p>Fern\u00e1ndez tuvo en enero su primera reuni\u00f3n espec\u00edfica sobre coronavirus con el ministro de Salud, Gin\u00e9s Gonz\u00e1lez Garc\u00eda. El ministro de Salud tuvo reiterados traspi\u00e9s. En enero, asegur\u00f3 que un eventual caso no ten\u00eda \u00abninguna posibilidad de que no sea un caso importado\u00bb y se asumi\u00f3 que descartaba as\u00ed que el virus llegara al pa\u00eds. En febrero, cuando la OMS ya hab\u00eda declarado la emergencia de salud p\u00fablica de importancia internacional con presencia en 18 pa\u00edses, dijo que era un virus de \u00abbaja letalidad\u00bb y que hab\u00eda un \u00abdescenso de casos a nivel global\u00bb. Mientras el ministro realizaba estas declaraciones, Fern\u00e1ndez visitaba a Angela Merkel, Emmanuel Macron y Pedro S\u00e1nchez en su primera gira por Europa como presidente en los primeros d\u00edas de febrero. En tanto, ya desde enero el Ministerio empezaba a publicar recomendaciones frente al nuevo coronavirus para la poblaci\u00f3n, los equipos de salud, los aeropuertos, los puertos, los pasos fronterizos y las organizaciones con atenci\u00f3n al p\u00fablico. El 7 de febrero comenzaron las reuniones interministeriales, pero la agenda de gobierno era compartida con temas como el programa Remediar, el aumento de jubilaciones, el Plan Argentina contra el Hambre y enfermedades como el sarampi\u00f3n y el dengue, y se manten\u00eda la \u00abfase de contenci\u00f3n\u00bb. Ya conocidos los primeros casos en Italia, se reforzaron los controles en Ezeiza, pero se segu\u00eda apelando a la \u00abresponsabilidad individual\u00bb para dar alerta. Luego vino el discurso del presidente durante la apertura de sesiones en el Congreso. Ese mismo domingo llegaban desde Europa un hombre de 43 a\u00f1os y un joven de 23 a\u00f1os que ser\u00edan confirmados d\u00edas despu\u00e9s como el primer y el segundo casos positivos de coronavirus.<\/p>\n\n\n\n<figure class=\"wp-block-image\"><img decoding=\"async\" src=\"https:\/\/nuso.org\/media\/articles\/files\/e172b334-c724-429c-8e69-fdd3788f16c7.jpg\" alt=\"\"\/><\/figure>\n\n\n\n<p>El primer caso confirmado en el pa\u00eds fue anunciado por el ministro de Salud junto con su par de la Ciudad de Buenos Aires, Fern\u00e1n Quir\u00f3s. En esa comparecencia, Gonz\u00e1lez Garc\u00eda dijo que el Covid-19 ten\u00eda \u00abmenos consecuencias que una gripe com\u00fan\u00bb y que estaba en \u00abetapa de contenci\u00f3n\u00bb. El 6 de marzo se confirmaron seis nuevos positivos y, un d\u00eda despu\u00e9s, el primer fallecido. El D\u00eda de la Mujer Trabajadora el gobierno no desalent\u00f3 las movilizaciones y Gonz\u00e1lez Garc\u00eda dijo: \u00abYo cre\u00ed que iba a llegar un poco m\u00e1s tarde\u00bb.<\/p>\n\n\n\n<p>Reci\u00e9n el 10 de marzo se produjo la primera menci\u00f3n al coronavirus del presidente en sus redes, donde anunci\u00f3 que hab\u00eda convocado al gabinete nacional, a representantes de entidades de la salud y a expertos para abordar la problem\u00e1tica del virus. Anunci\u00f3, adem\u00e1s, la creaci\u00f3n de un fondo para adquirir equipamiento de laboratorios y hospitales y se dispuso un nuevo protocolo para vuelos del exterior.<\/p>\n\n\n\n<p>A ra\u00edz de la declaraci\u00f3n del coronavirus como una pandemia por parte de la OMS, el presidente anunci\u00f3 la&nbsp;<a href=\"https:\/\/www.boletinoficial.gob.ar\/suplementos\/2020031201NS.pdf\" target=\"_blank\" rel=\"noreferrer noopener\">ampliaci\u00f3n de la emergencia sanitaria<\/a>, que implic\u00f3 el cambio de las zonas consideradas afectadas y la suspensi\u00f3n de vuelos desde all\u00ed. Adem\u00e1s, declar\u00f3 el aislamiento obligatorio para casos sospechosos y confirmados, a la vez que habilit\u00f3 denuncias penales.<\/p>\n\n\n\n<p>Fern\u00e1ndez comenz\u00f3 a liderar las reuniones interministeriales y con los representantes de las diversas jurisdicciones. El presidente dio conferencias de prensa acompa\u00f1ado del gobernador de la Provincia de Buenos Aires, el oficialista Axel Kicillof, pero tambi\u00e9n con opositores, como en el caso del jefe de Gobierno de la Ciudad de Buenos Aires, Horacio Rodr\u00edguez Larreta. Adem\u00e1s aparecieron en escena otros de sus ministros, como el de Econom\u00eda, Mart\u00edn Guzm\u00e1n, y el de Desarrollo Productivo, Mat\u00edas Kulfas, con anuncios econ\u00f3micos (eximici\u00f3n de pago de contribuciones patronales, seguros de desempleo, pago extras de la llamada Asignaci\u00f3n Universal por Hijo, presupuesto para obra p\u00fablica y cr\u00e9ditos, sistema de precios de referencia, etc.). En ese momento, Guzm\u00e1n sosten\u00eda que el sistema ten\u00eda que \u00abseguir funcionando pero circulando menos\u00bb. \u00abEstoy usando el aparato del Estado en favor de la gente\u00bb, agreg\u00f3 Fern\u00e1ndez desde Twitter. El 19 de marzo ya eran tres los fallecidos y 97 los infectados. Fue ese d\u00eda cuando el presidente y los gobernadores se reunieron para definir el&nbsp;<a href=\"https:\/\/www.boletinoficial.gob.ar\/detalleAviso\/primera\/227042\/20200320\" target=\"_blank\" rel=\"noreferrer noopener\">aislamiento social preventivo y obligatorio<\/a>. Las medidas fueron explicadas esa noche en&nbsp;<a href=\"https:\/\/www.casarosada.gob.ar\/slider-principal\/46782-carta-del-presidente-alberto-fernandez-a-los-argentinos\" target=\"_blank\" rel=\"noreferrer noopener\">cadena nacional<\/a>&nbsp;y su aplicaci\u00f3n dispar\u00f3 una l\u00f3gica binaria \u2013alentada por el propio discurso presidencial\u2013 de \u00abvivos\u00bb, \u00abidiotas\u00bb y empresarios \u00abmiserables\u00bb \u2013frente a los que hab\u00eda que ser inflexibles\u2013&nbsp;<em>versus<\/em>&nbsp;los garantes del bien com\u00fan. El 23 de marzo, Fern\u00e1ndez traz\u00f3 otro dilema: salud&nbsp;<em>versus<\/em>&nbsp;econom\u00eda. Era el mismo dilema que hab\u00eda planteado Bolsonaro, solo que lo invirti\u00f3 y en lugar de rechazar la idea de \u00abparar el pa\u00eds\u00bb, la foment\u00f3 y busc\u00f3 paliar el impacto negativo con un&nbsp;<a href=\"https:\/\/www.boletinoficial.gob.ar\/detalleAviso\/primera\/227113\/20200324\" target=\"_blank\" rel=\"noreferrer noopener\">ingreso familiar de emergencia<\/a>&nbsp;para trabajadores aut\u00f3nomos, peque\u00f1os comercios y personas fuera del sistema, un pago extraordinario para personal de salud, de seguridad y defensa, e inclusive la prestaci\u00f3n de asistencia para argentinos en el exterior luego de que se detuviera la repatriaci\u00f3n mediante la aerol\u00ednea de bandera (a diferencia de Brasil, que us\u00f3 aviones de la Fuerza A\u00e9rea). La circulaci\u00f3n comunitaria se reconoci\u00f3 el 24 de marzo y la cuarentena fue luego ampliada hasta el 13 de abril. Al cierre de esta nota hab\u00eda 1.054 casos y 27 personas fallecidas. Las diferentes intervenciones de Fern\u00e1ndez frente a la pandemia y sus mensajes al pa\u00eds fueron haciendo subir sus&nbsp;<a href=\"https:\/\/www.perfil.com\/noticias\/politica\/encuesta-imagen-positiva-alberto-fernandez-escala-en-medio-pandemia-coronavirus.phtml\" target=\"_blank\" rel=\"noreferrer noopener\">niveles de aprobaci\u00f3n hasta 79%<\/a>. Sus flanco m\u00e1s d\u00e9bil, adem\u00e1s de la pandemia en s\u00ed, es la complicada situaci\u00f3n social en el&nbsp;<a href=\"https:\/\/revistacrisis.com.ar\/notas\/covid-19-el-gran-catalizador?fbclid=IwAR1XYaq0EXWt_Mk_nGUGQhIG7qJqlao1U9jJ67kF_PsUZhxYGDtoJXA7qUM\" target=\"_blank\" rel=\"noreferrer noopener\">Conurbano bonaerense<\/a>.<\/p>\n\n\n\n<p><strong>\u00bfNo hay alternativa?<\/strong><\/p>\n\n\n\n<p>El fantasma del n<em>anny State<\/em>, aquel \u00abEstado grande\u00bb que en palabras del escritor ingl\u00e9s Mark Fisher est\u00e1 all\u00ed \u00abpara que se lo culpe de su fracaso para actuar como un poder centralizado\u00bb, aun cuando este delegue funciones en el mercado, se activ\u00f3 con las demandas m\u00e1s disonantes frente a la pandemia. Los Estados respondieron con repatriaciones, subsidios para personas y empresas, asistencia en salud y de alimentos, seguridad, punitivismo, etc. Es poco el tiempo transcurrido hasta ahora para saber si el realismo capitalista, que en palabras de Margaret Thatcher dictaba que \u00abno hay alternativa\u00bb, se vio asustado por esas demandas que, en \u00faltima instancia, lo que piden es que el Estado se haga presente. Pero \u00bfqu\u00e9 tipo de presencia? \u00bfQu\u00e9 intervenci\u00f3n se demanda? \u00bfVa a sobrevivir el sistema tal como lo conocemos hasta ahora? Antes se hace necesario repasar en qu\u00e9 contexto se dio esa emergencia del \u00abEstado grande\u00bb en econom\u00edas capitalistas perif\u00e9ricas como las de Brasil, Chile y Argentina durante la pandemia, y qu\u00e9 tipos de intervenci\u00f3n hicieron.<\/p>\n\n\n\n<p>La llegada del coronavirus a estos pa\u00edses encontr\u00f3 a Fern\u00e1ndez a\u00fan por debajo de sus 100 d\u00edas de gobierno, con un capital pol\u00edtico incierto, coordinando un gabinete de origen variopinto y con una suerte de tregua frente a posibles tretas de una golpeada oposici\u00f3n; a Bolsonaro, con m\u00e1s de un a\u00f1o en el Planalto, una disputa con el Congreso y movilizaciones en su favor y en contra; mientras que a Pi\u00f1era ya le hab\u00edan pasado los dos a\u00f1os de su segundo mandato en La Moneda, y con los peores niveles de descr\u00e9dito. A ellos se les plante\u00f3 la disyuntiva que traz\u00f3 la OMS ya desde la primera declaraci\u00f3n sobre el coronavirus, donde por un lado recomendaba la detecci\u00f3n temprana del virus para \u00abaislar, tratar y rastrear\u00bb casos, y por otro desalentaba medidas \u00abque interfieran innecesariamente en los viajes y el comercio internacional\u00bb. Pero Brasil, Chile y Argentina, para mantener sus econom\u00edas funcionando con interrupciones segmentadas, no contaron con la estructura financiera y tecnol\u00f3gica que permiti\u00f3 a cada ciudadano chino saber si ten\u00eda alg\u00fan vecino infectado y por qu\u00e9 lugares circul\u00f3, ni tampoco tomarse la temperatura en las calles como en Corea del Sur. Esto no significa resignar una reflexi\u00f3n sobre los alcances de la \u00abcapacidad tecnol\u00f3gica\u00bb: como adelant\u00f3 Henry Kissinger \u2013quien no es un dem\u00f3crata\u2013, no todos los pa\u00edses tendr\u00e1n posibilidad de solventarla, pero \u00aben \u00faltima instancia ser\u00e1 imperativo un marco para organizar el ciberambiente global. Tal vez no puedan seguirle el paso a la tecnolog\u00eda, pero el proceso de definirlo instruir\u00e1 a los l\u00edderes sobre sus peligros y consecuencias\u00bb. Esto significa, entonces, ordenar cu\u00e1les son los debates. Si, como dijo Fisher, durante la crisis financiera de 2008 \u00abse hizo evidente otra vez que, m\u00e1s que representar el fin del capitalismo, los rescates a los bancos se convirtieron en la garant\u00eda brutal de la insistencia t\u00edpica del realismo capitalista, a saber, que no hay alternativa\u00bb, en esta pandemia a\u00fan se est\u00e1 a tiempo de definir una salida.<\/p>\n","protected":false},"excerpt":{"rendered":"<p>Ariadna Dacil Lanza Fuente: Rebeli\u00f3n Antes de dilucidar si en Am\u00e9rica Latina las respuestas al coronavirus buscar\u00e1n avivar el Estado de bienestar o se propondr\u00e1n quimeras autoritarias de control social, ser\u00e1 necesario repasar con qu\u00e9 Estados se top\u00f3 el virus en su llegada a la regi\u00f3n y c\u00f3mo actuaron l\u00edderes como Bolsonaro, Fern\u00e1ndez y Pi\u00f1era [&hellip;]<\/p>\n","protected":false},"author":1,"featured_media":1302,"comment_status":"open","ping_status":"open","sticky":false,"template":"","format":"standard","meta":{"footnotes":""},"categories":[5,3],"tags":[],"_links":{"self":[{"href":"http:\/\/www.movimientocaamanista.com\/index.php?rest_route=\/wp\/v2\/posts\/1597"}],"collection":[{"href":"http:\/\/www.movimientocaamanista.com\/index.php?rest_route=\/wp\/v2\/posts"}],"about":[{"href":"http:\/\/www.movimientocaamanista.com\/index.php?rest_route=\/wp\/v2\/types\/post"}],"author":[{"embeddable":true,"href":"http:\/\/www.movimientocaamanista.com\/index.php?rest_route=\/wp\/v2\/users\/1"}],"replies":[{"embeddable":true,"href":"http:\/\/www.movimientocaamanista.com\/index.php?rest_route=%2Fwp%2Fv2%2Fcomments&post=1597"}],"version-history":[{"count":1,"href":"http:\/\/www.movimientocaamanista.com\/index.php?rest_route=\/wp\/v2\/posts\/1597\/revisions"}],"predecessor-version":[{"id":1598,"href":"http:\/\/www.movimientocaamanista.com\/index.php?rest_route=\/wp\/v2\/posts\/1597\/revisions\/1598"}],"wp:featuredmedia":[{"embeddable":true,"href":"http:\/\/www.movimientocaamanista.com\/index.php?rest_route=\/wp\/v2\/media\/1302"}],"wp:attachment":[{"href":"http:\/\/www.movimientocaamanista.com\/index.php?rest_route=%2Fwp%2Fv2%2Fmedia&parent=1597"}],"wp:term":[{"taxonomy":"category","embeddable":true,"href":"http:\/\/www.movimientocaamanista.com\/index.php?rest_route=%2Fwp%2Fv2%2Fcategories&post=1597"},{"taxonomy":"post_tag","embeddable":true,"href":"http:\/\/www.movimientocaamanista.com\/index.php?rest_route=%2Fwp%2Fv2%2Ftags&post=1597"}],"curies":[{"name":"wp","href":"https:\/\/api.w.org\/{rel}","templated":true}]}}