{"id":1620,"date":"2020-04-10T13:16:14","date_gmt":"2020-04-10T13:16:14","guid":{"rendered":"http:\/\/www.movimientocaamanista.com\/?p=1620"},"modified":"2020-04-10T13:16:15","modified_gmt":"2020-04-10T13:16:15","slug":"semana-santa-en-tiempos-de-coronavirus","status":"publish","type":"post","link":"http:\/\/www.movimientocaamanista.com\/?p=1620","title":{"rendered":"SEMANA SANTA EN TIEMPOS  DE CORONAVIRUS."},"content":{"rendered":"\n<p>Darvin Hiciano<\/p>\n\n\n\n<p>En los a\u00f1os que tengo de vida, nunca hab\u00eda visto en  el municipio de Nagua, en el Nordeste y en el pa\u00eds,  una semana santa donde la gente haya hecho uso del recogimiento personal en sus hogares como en la actualidad. Aunque debemos reconocer que no se trata de poner en pr\u00e1ctica la vivencia espiritual como lo hacen los feligreses cat\u00f3licos en esta \u00e9poca del a\u00f1o.<\/p>\n\n\n\n<p>En verdad se trata de algo muy particular  y especial y es que  la semana mayor ha llegado  acompa\u00f1ada de un fen\u00f3meno que muchos al principio lo vieron como algo pasajero y de corta duraci\u00f3n. <\/p>\n\n\n\n<p>Precisamente, se trata de la  llegada del  Covid 19 a nuestra sociedad, acompa\u00f1ado de  algunas  medidas como el toque de queda, completando de esa forma el conjunto de l\u00edmites que  nos  impiden  socializar en reducidos grupos de personas y as\u00ed dedicar m\u00e1s tiempo a la familia y  evitar posibles contagios.<\/p>\n\n\n\n<p>Sin embargo, es importante puntualizar, que el modo de vida del dominicano ha cambiado; tanto as\u00ed que la prisa ha disminuido en la cotidianidad  y  el tiempo no es un factor  preocupante como en otras fechas.<\/p>\n\n\n\n<p>Claro est\u00e1 que ese cambio de actuar  y pensar, se ve reflejado en la conciencia de la persona a medida que se va dando cuenta que el Virus no es un juego,  m\u00e1s que cualquier otra cosa, es una realidad que va golpeando a la familia dominicana, proporcionando el aumento de contagiados y fallecidos.<\/p>\n\n\n\n<p>El lema &#8220;qu\u00e9date en tu casa&#8221;, pasa a sustituir en esta semana, la frase de &#8220;Super semana Santa  2020 &#8220;, como cada a\u00f1o es costumbre nombrar la  llegada de esa conmemoraci\u00f3n.<\/p>\n\n\n\n<p>S\u00f3lo as\u00ed es posible evitar en este tiempo, los aparatosos accidentes que cobran vidas, las ri\u00f1as, la bebida alcoh\u00f3licas, las escandalosas bocinas a todo volumen, asi como otras pr\u00e1cticas que hacen posible<br>\nque el dominicano la asuma como una costumbre.<\/p>\n\n\n\n<p>En esta \u00e9poca del COVID 19  desapareci\u00f3 en nuestra sociedad  el machismo encarnado en los hombres. F\u00edjense que es muy escaso escuchar decir  que una  mujeres  cay\u00f3 asesinada en mano de un hombre.<\/p>\n\n\n\n<p>Muchas cosas han cambiado en la dominicanidad.<\/p>\n\n\n\n<p>El corona Virus nos trajo luto, pero tambi\u00e9n nos ha dado una gran ense\u00f1anza,  y es que la familia ha tenido que aprender a estar m\u00e1s unida y  practicar m\u00e1s la convivencia fraternal.<\/p>\n\n\n\n<p>Siempre aprendemos de los acontecimientos que llegan a nuestras vidas y m\u00e1s cuando nos marcan de una forma vivencial, tocando lo m\u00e1s  apreciado que tenemos por delante, la vida.<\/p>\n\n\n\n<p>En los a\u00f1os 80 y 90 era muy notorio en  nuestra sociedad  escuchar hablar de personas contagiados con el <br>\n(V Y H  ) sida.<\/p>\n\n\n\n<p>Ese acontecimiento sent\u00f3 un precedente en la idiosincrasia del dominicano, a tal sentido<br>\nque la poblaci\u00f3n al pasar los a\u00f1os  se  adapt\u00f3 a ese modo de vida guardando con extremo  cuidado  las medidas de lugar para no pasar a ser parte de las estad\u00edsticas de  contagiados  por  esa enfermedad.<\/p>\n\n\n\n<p>Con esa misma peculiaridad nos vamos acostumbrando  a vivir con el covid 19,  a tal punto de entender la necesidad de hacer  conciencia y que sino al  contrario no lo hacemos, nos espera lo peor.<\/p>\n\n\n\n<p>No  hay  otra  alternativa m\u00e1s adecuada que guardar distancia de la otra persona para el cuidado de la salud, hacer uso muy a  menudo de  la higiene personal, quedarno en nuestra casa y s\u00f3lo salir si es necesario.<\/p>\n\n\n\n<p>El cambio en nuestra vida es notable y no hay de otra para preservar la vida .<\/p>\n","protected":false},"excerpt":{"rendered":"<p>Darvin Hiciano En los a\u00f1os que tengo de vida, nunca hab\u00eda visto en el municipio de Nagua, en el Nordeste y en el pa\u00eds, una semana santa donde la gente haya hecho uso del recogimiento personal en sus hogares como en la actualidad. Aunque debemos reconocer que no se trata de poner en pr\u00e1ctica la [&hellip;]<\/p>\n","protected":false},"author":1,"featured_media":1621,"comment_status":"open","ping_status":"open","sticky":false,"template":"","format":"standard","meta":{"footnotes":""},"categories":[5,2],"tags":[],"_links":{"self":[{"href":"http:\/\/www.movimientocaamanista.com\/index.php?rest_route=\/wp\/v2\/posts\/1620"}],"collection":[{"href":"http:\/\/www.movimientocaamanista.com\/index.php?rest_route=\/wp\/v2\/posts"}],"about":[{"href":"http:\/\/www.movimientocaamanista.com\/index.php?rest_route=\/wp\/v2\/types\/post"}],"author":[{"embeddable":true,"href":"http:\/\/www.movimientocaamanista.com\/index.php?rest_route=\/wp\/v2\/users\/1"}],"replies":[{"embeddable":true,"href":"http:\/\/www.movimientocaamanista.com\/index.php?rest_route=%2Fwp%2Fv2%2Fcomments&post=1620"}],"version-history":[{"count":1,"href":"http:\/\/www.movimientocaamanista.com\/index.php?rest_route=\/wp\/v2\/posts\/1620\/revisions"}],"predecessor-version":[{"id":1622,"href":"http:\/\/www.movimientocaamanista.com\/index.php?rest_route=\/wp\/v2\/posts\/1620\/revisions\/1622"}],"wp:featuredmedia":[{"embeddable":true,"href":"http:\/\/www.movimientocaamanista.com\/index.php?rest_route=\/wp\/v2\/media\/1621"}],"wp:attachment":[{"href":"http:\/\/www.movimientocaamanista.com\/index.php?rest_route=%2Fwp%2Fv2%2Fmedia&parent=1620"}],"wp:term":[{"taxonomy":"category","embeddable":true,"href":"http:\/\/www.movimientocaamanista.com\/index.php?rest_route=%2Fwp%2Fv2%2Fcategories&post=1620"},{"taxonomy":"post_tag","embeddable":true,"href":"http:\/\/www.movimientocaamanista.com\/index.php?rest_route=%2Fwp%2Fv2%2Ftags&post=1620"}],"curies":[{"name":"wp","href":"https:\/\/api.w.org\/{rel}","templated":true}]}}