{"id":1636,"date":"2020-04-10T19:39:46","date_gmt":"2020-04-10T19:39:46","guid":{"rendered":"http:\/\/www.movimientocaamanista.com\/?p=1636"},"modified":"2020-04-10T19:39:47","modified_gmt":"2020-04-10T19:39:47","slug":"volver-mas-fuertes-la-rebelion-en-tiempos-de-cuarentena","status":"publish","type":"post","link":"http:\/\/www.movimientocaamanista.com\/?p=1636","title":{"rendered":"Volver m\u00e1s fuertes. La rebeli\u00f3n en tiempos de cuarentena"},"content":{"rendered":"\n<p>Cristian Gonz\u00e1lez Farf\u00e1n<\/p>\n\n\n\n<p>Fuente: <a href=\"https:\/\/rebelion.org\/volver-mas-fuertes-la-rebelion-en-tiempos-de-cuarentena\/\">Rebeli\u00f3n<\/a><\/p>\n\n\n\n<p>El coronavirus plantea una encrucijada al movimiento que se volc\u00f3 a las calles en octubre. Lejos de proyecciones catastrofistas, los protagonistas de la revuelta creen que las medidas de Sebasti\u00e1n Pi\u00f1era frente a la emergencia sanitaria se traducir\u00e1n en una segunda ofensiva popular tanto o m\u00e1s explosiva que la de hace seis meses.<\/p>\n\n\n\n<p>Tarde del viernes 3 de abril. Una toma a\u00e9rea registra un cami\u00f3n militar que da la vuelta completa a una desierta Plaza de la Dignidad. De un lado, un carabinero dirige el tr\u00e1nsito. En eso pasa una comitiva de veh\u00edculos. De uno de ellos baja el presidente, Sebasti\u00e1n Pi\u00f1era. Ronda la plaza y pronto enfila hacia la estatua del general Manuel Baquedano. Se sienta. Uno de los hombres que lo acompa\u00f1an le saca una foto. Pi\u00f1era vuelve a subir al veh\u00edculo y retoma la ruta hacia el sector oriente de la capital chilena.<\/p>\n\n\n\n<p>La secuencia ininterrumpida que mostr\u00f3 ese video desmiente la explicaci\u00f3n que dio el mandatario esa misma noche v\u00eda Twitter. La foto de Pi\u00f1era sentado a los pies del monumento a Baquedano, plagado de consignas en su contra, provoc\u00f3 indignaci\u00f3n, por ser una zona en que reg\u00eda la cuarentena total. \u201cProvocaci\u00f3n\u201d fue la palabra m\u00e1s repetida. \u201cMe baj\u00e9 un par de minutos a saludar a un grupo de carabineros y militares que ayudaban a dirigir el tr\u00e1nsito, me saqu\u00e9 una foto y continu\u00e9 mi camino. Lamento si esta acci\u00f3n pudo malinterpretarse\u201d, se disculp\u00f3 el jefe de Estado.<\/p>\n\n\n\n<p>\u201cEste gesto de Pi\u00f1era se inscribe en una serie de acciones. Lo interpretamos como un intento restituyente del gobierno, que ha sido fuertemente impugnado durante la revuelta y tiempo atr\u00e1s por medio del movimiento feminista\u201d, dijo a Brecha Alondra Carrillo, vocera de la Coordinadora Feminista 8M, una de las organizaciones articuladoras del feminismo en Chile.<\/p>\n\n\n\n<p>Esa hist\u00f3rica marcha del 8 de marzo, que convoc\u00f3 a m\u00e1s de 1 mill\u00f3n de mujeres s\u00f3lo en Santiago, auguraba un mes prol\u00edfico en manifestaciones contra Pi\u00f1era. La irrupci\u00f3n del coronavirus, sin embargo, apacigu\u00f3 el ardoroso momento. Poco antes de que se tomaran las medidas m\u00e1s dr\u00e1sticas contra la epidemia, el movimiento segu\u00eda firme exigiendo dignidad en los espacios p\u00fablicos. El alejamiento de las calles comenz\u00f3 con el estado de cat\u00e1strofe decretado por el gobierno el 18 de marzo. Acto seguido, se anunci\u00f3 el toque de queda, vigente hasta hoy entre las 22.00 y las 5.00 horas. El 26 de marzo el Ministerio de Salud (Minsal) dict\u00f3 las primeras cuarentenas totales en algunas comunas de la capital chilena. El plebiscito constitucional que se reclam\u00f3 en las protestas, fijado inicialmente para el 26 de abril, fue postergado para el 25 de octubre.<\/p>\n\n\n\n<p>\u201cNo hay que olvidar que la primera decisi\u00f3n de las autoridades, luego de decretar el estado de cat\u00e1strofe, fue mandar a pintar el caballo de Baquedano, en un intento de higienizaci\u00f3n de los rastros de la revuelta. Hay aqu\u00ed un acto de desmemoria, negacionismo y olvido del proceso pol\u00edtico chileno que todav\u00eda est\u00e1 en curso, aunque est\u00e9 interrumpido\u201d, agreg\u00f3 Alondra Carrillo.<\/p>\n\n\n\n<p>En eso coincide el historiador Sergio Grez, cuya obra se centra en el an\u00e1lisis de los movimientos populares en Chile. Seg\u00fan explic\u00f3 a Brecha, \u201cla rebeli\u00f3n popular no ha muerto, sino que est\u00e1 adquiriendo nuevas formas\u201d. Pero reconoce que \u201cla pandemia ha tenido la virtud, para Pi\u00f1era y los partidarios del statu quo, de sacar de las calles a un mont\u00f3n de personas y cortar moment\u00e1neamente las protestas populares, que se vendr\u00edan impetuosas en oto\u00f1o e invierno\u201d.<\/p>\n\n\n\n<p>Lo que Grez observa entre l\u00edneas es apenas un \u201creflujo obligado por la circunstancia\u201d, que durar\u00e1 \u201clo que dure el peak del coronavirus\u201d. Por ello, se atreve a pronosticar que la revuelta social \u201cse manifestar\u00e1 con tanta o m\u00e1s fuerza que el a\u00f1o pasado durante la primavera de 2020, cuando pasen los efectos m\u00e1s devastadores de la pandemia\u201d.<\/p>\n\n\n\n<p><strong>Faltan insumos b\u00e1sicos<\/strong><\/p>\n\n\n\n<p>En los protagonistas de la revuelta prevalece una mirada cr\u00edtica de las medidas adoptadas por la autoridad sanitaria para combatir el coronavirus. Ejemplo de ello fue el millonario arriendo del centro de eventos Espacio Riesco, situado en la zona norte de Santiago, para habilitarlo como hospital de emergencia. Seg\u00fan abogados citados en el portal del Ciper, el r\u00e9gimen de excepci\u00f3n constitucional decretado para el pa\u00eds durante 90 d\u00edas faculta al Estado para requisar bienes en circunstancias extraordinarias, como esta.<\/p>\n\n\n\n<p>Los n\u00fameros del covid-19 se mueven velozmente en el escenario actual. Hasta el cierre de esta edici\u00f3n, el Minsal contaba 5.116 contagiados y 43 fallecidos. Las cifras oficiales, sin embargo, han sido refutadas por gremios de la salud, como el del Colegio M\u00e9dico y la Confederaci\u00f3n Nacional de Funcionarias y Funcionarios de Salud Municipal (Confusam).<\/p>\n\n\n\n<p>\u201cLa crisis sanitaria es un caos. Este gobierno hace instructivos de c\u00f3mo enfrentar esta pandemia y a los tres d\u00edas los cambia. Hoy el problema m\u00e1s grave que tenemos en la salud p\u00fablica es que no contamos con los elementos de protecci\u00f3n. El gobierno se\u00f1ala en sus cadenas que ha gastado millones en estos insumos, pero no se reflejan en nuestro quehacer. El 80 por ciento de los funcionarios s\u00f3lo estamos con los insumos b\u00e1sicos: mascarillas y guantes desechables\u201d, explic\u00f3 a este semanario la presidenta de la Confusam, Gabriela Flores, cuya agrupaci\u00f3n ha tenido un protagonismo de larga data en los movimientos sociales. Seg\u00fan el catastro diario que hace la Confusam, hasta el 7 de abril hab\u00eda 170 trabajadores de la salud infectados por covid-19, 175 a la espera de los resultados de los ex\u00e1menes por probable contagio y 1.599 en cuarentena.<\/p>\n\n\n\n<p>\u201cEl derecho a la salud p\u00fablica no est\u00e1 consagrado en Chile\u201d, agreg\u00f3 Flores, para quien la pandemia se ha encargado de develar las diferencias entre las clases sociales en Chile. Cit\u00f3 el caso del m\u00e9dico de 61 a\u00f1os, de la sure\u00f1a ciudad de Temuco, que fue diagnosticado de covid-19 y luego trasladado a una cl\u00ednica privada de Santiago en un avi\u00f3n de la Fuerza A\u00e9rea de Chile, y el de Francis Zamora, un fot\u00f3grafo de 34 a\u00f1os de la comuna popular de Puente Alto que falleci\u00f3 la semana pasada por esa enfermedad, luego de que se le negara dos veces la realizaci\u00f3n del examen y se lo enviara a hacer cuarentena en su casa. La fiscal\u00eda investiga el caso de Zamora y la Contralor\u00eda General ha pedido un informe a la Fuerza A\u00e9rea.<\/p>\n\n\n\n<p>En definitiva, cree la presidenta de la Confusam, la negligencia del gobierno motivar\u00e1 a la gente que pide cambios estructurales a volver a repletar las calles: \u201cVolveremos a recoger el guante para exigir una salud p\u00fablica verdadera que d\u00e9 dignidad a las personas. Que sea un derecho y no un negocio. El movimiento no se ha debilitado. Resurgir\u00e1 para pedir lo que el pueblo mandat\u00f3\u201d.<\/p>\n\n\n\n<p><strong>Vacaciones en cuarentena<\/strong><\/p>\n\n\n\n<p>Tras decretar la suspensi\u00f3n de clases, el Ministerio de Educaci\u00f3n (Mineduc) lanz\u00f3 el programa online Aprendo en L\u00ednea, dirigido a estudiantes de ense\u00f1anza primaria y secundaria, para que avancen en los estudios mientras dura la emergencia. Las comunidades educativas, sin embargo, dicen que no hubo una consulta previa para tomar esta decisi\u00f3n, en circunstancias en las que un 44 por ciento de la poblaci\u00f3n chilena, seg\u00fan una encuesta de 2018 de la Subsecretar\u00eda de Telecomunicaciones, no tiene conexi\u00f3n fija a Internet.<\/p>\n\n\n\n<p>\u201cLas medidas nos parecen rid\u00edculas. No existen las condiciones para estudiar. Echan adelante procesos educativos mal dise\u00f1ados porque no nos escuchan. No todas las cuarentenas son iguales. No todas las casas de Chile tienen acceso a jab\u00f3n y alcohol gel. Un joven no se puede conectar a Internet a las ocho de la ma\u00f1ana sabiendo que al mismo tiempo tiene que hacerle desayuno a su hermano chico, porque los padres salen a trabajar\u201d, coment\u00f3 V\u00edctor Chanfreau, integrante de la Asamblea Coordinadora de Estudiantes Secundarios (Aces) y emblem\u00e1tico vocero estudiantil durante la \u201crebeli\u00f3n de los torniquetes\u201d en el metro de Santiago.<\/p>\n\n\n\n<p>Nieto de un detenido desaparecido durante la dictadura de Pinochet, Chanfreau asegur\u00f3 a Brecha que el movimiento estudiantil \u201cse est\u00e1 cuidando para volver a las calles\u201d y \u201cahora ha asumido un rol de retaguardia\u201d para ir en ayuda de las comunidades. Cont\u00f3 que, en este per\u00edodo de encierro obligado, la Aces ha conformado cuatro comit\u00e9s territoriales (de salud, abastecimiento, apoyo y protesta) para salvaguardar a la poblaci\u00f3n, ya que \u201cal gobierno no le importa proteger al pueblo, sino los intereses de los grandes empresarios\u201d.<\/p>\n\n\n\n<p>El Colegio de Profesores tambi\u00e9n ha expresado su malestar por los anuncios del Mineduc en el contexto de la pandemia. Especialmente ruidoso para el gremio de m\u00e1s de 100 mil afiliados es que se hayan adelantado las vacaciones de invierno al per\u00edodo de cuarentena. El martes, m\u00e1s de ochocientos colegios publicaron una carta dirigida al ministro de Educaci\u00f3n, Ra\u00fal Figueroa, para revertir el anuncio. Al cierre de esta edici\u00f3n, no ha habido una respuesta de la autoridad, y el receso de dos semanas deber\u00eda arrancar el lunes.<\/p>\n\n\n\n<p>\u201cAdelantar las vacaciones de invierno es no entender nada. Hay cientos de ni\u00f1os encerrados en sus casas. Muchos viven en sectores vulnerables. Para ellos, la cuarentena no es ninguna gracia, no es un descanso. Es una obsesi\u00f3n del ministerio cumplir con formalidades y calendarios en un contexto de anormalidad absoluta. Pedimos m\u00e1s humanidad y menos cumplimiento de normas\u201d, dijo a este semanario el presidente del Colegio de Profesores, Mario Aguilar.<\/p>\n\n\n\n<p><strong>Sin agua no hay lavado de manos<\/strong><\/p>\n\n\n\n<p>El derecho humano al agua constituye una de las banderas de lucha del movimiento social en curso. Rodrigo Mundaca es un activista con una dilatada trayectoria en esta causa y el vocero nacional del Movimiento de Defensa por el Acceso al Agua, la Tierra y la Protecci\u00f3n del Medioambiente. Vive en La Ligua, en la provincia de Petorca, unos 156 quil\u00f3metros al norte de Santiago. En dicha provincia conviven realidades opuestas. Los cerros est\u00e1n absolutamente secos e intervenidos por plantaciones gigantes de paltos. De los r\u00edos no hay casi rastro y cientos de animales vagan por el valle buscando infructuosamente una vertiente de agua. \u201cEn la provincia de Petorca existe un modelo de despojo en el territorio asociado al agronegocio de las paltas, que ha comprometido severamente la vida de las personas\u201d, explic\u00f3 Mundaca a Brecha.<\/p>\n\n\n\n<p>Ganador del prestigioso Premio Internacional de Derechos Humanos de N\u00faremberg 2019, Mundaca asegur\u00f3 que las grandes empresas de la palta han secado el valle y dejado a miles de familias sin acceso expedito al recurso h\u00eddrico. Sin ir m\u00e1s lejos, agreg\u00f3, \u201cel 70 por ciento de las familias de la provincia de Petorca recibe agua a trav\u00e9s de camiones aljibe\u201d y \u201ccerca de un mill\u00f3n y medio de personas en Chile tienen serias dificultades para acceder al agua potable\u201d.<\/p>\n\n\n\n<p>En virtud de ello, el dirigente abri\u00f3 una interrogante: \u201c\u00bfC\u00f3mo le pedimos a la gente que se lave las manos si no tiene acceso al agua potable?\u201d. Mundaca cont\u00f3 que en Petorca los camiones aljibe est\u00e1n entregando 50 litros de agua diarios por familia. \u201cEsa cantidad es absolutamente insuficiente para las medidas de higienizaci\u00f3n de las manos. Una hect\u00e1rea de paltos requiere un litro de agua por segundo para satisfacer toda la demanda de riego, es decir, 84.600 litros de agua por d\u00eda. Si gastamos dos litros aproximadamente en cada lavado de manos, una hect\u00e1rea de paltos equivale a 42.300 lavados de manos\u201d, fundament\u00f3 el activista, para quien es urgente derogar el c\u00f3digo de aguas, redactado en 1981, durante la dictadura, que concede a privados los derechos de aprovechamiento del agua.<\/p>\n\n\n\n<p>Greenpeace Chile, en tanto, lanz\u00f3 una campa\u00f1a llamada Suelta el Agua, con la que emplaza al gobierno a \u201cdise\u00f1ar un plan de distribuci\u00f3n de agua que garantice constancia, frecuencia y calidad\u201d, coment\u00f3 su director nacional, Mat\u00edas Asun. En conversaci\u00f3n con este semanario, Asun calcul\u00f3 que son 350 mil las personas en Chile que dependen de sistemas de agua potable rural y a quienes, sin embargo, se les corta peri\u00f3dicamente el suministro, por lo que no pueden cumplir con los protocolos de lavado de manos y sanitizaci\u00f3n.<\/p>\n\n\n\n<p>Mundaca estima que la revuelta vivir\u00e1 un segundo impulso despu\u00e9s de la peor fase de la pandemia, ya que el manejo de la crisis sanitaria demostr\u00f3 que \u201clos derechos sociales se transformaron en objetos de lucro, usura y exclusi\u00f3n\u201d. Para \u00e9l, hay pandemias en Chile que no han sido abordadas, como \u201cel modelo de desarrollo, que deja zonas de sacrificio y una matriz energ\u00e9tica que depende del carb\u00f3n y tiene privatizadas el agua y la tierra\u201d.<\/p>\n\n\n\n<p><strong>Las perspectivas de la revuelta<\/strong><\/p>\n\n\n\n<p>Un pol\u00e9mico dictamen de la Direcci\u00f3n del Trabajo, que decret\u00f3 la no obligatoriedad de pagar los sueldos de los trabajadores en cuarentena, y la hist\u00f3rica ca\u00edda de los fondos de pensiones, cuya p\u00e9rdida, se calcula, fue de 25 mil millones de d\u00f3lares s\u00f3lo durante marzo, han agudizado la inquina contra el gobierno, dijo Grez.<\/p>\n\n\n\n<p>\u201cEl virus le ha servido al gobierno para reponer fuerzas, sentirse m\u00e1s seguro, pasarles la cuenta a los movimientos populares y recuperar, as\u00ed, las posiciones perdidas, con un desparpajo y una seguridad que no ve\u00edamos hac\u00eda mucho tiempo. Pero, una vez m\u00e1s, se enga\u00f1an al creer que le han quebrado la moral al movimiento social. Esta es una inflexi\u00f3n t\u00e1ctica de la rebeli\u00f3n popular\u201d, advirti\u00f3 el historiador.<\/p>\n\n\n\n<p>El presidente del Movimiento NO + Afp \u2013coordinadora que clama por cambiar el actual sistema previsional de capitalizaci\u00f3n individual por otro solidario y tripartito\u2013, Luis Mesina, sostiene que la crisis sanitaria \u201cgolpea de manera mucho m\u00e1s brutal a Chile que a otros pa\u00edses de la regi\u00f3n\u201d porque no cuenta con seguridad social. A contrapelo de sus pares, Mesina es m\u00e1s cauto respecto de la supuesta nueva fuerza que adquirir\u00e1 la revuelta. \u201cCreo que los te\u00f3ricos se equivocan al decir que el 18 de octubre se repetir\u00e1 mec\u00e1nicamente. Es probable que ocurra, pero tambi\u00e9n que no. No todos los procesos son iguales. \u00bfCon qu\u00e9 ropa haremos huelga si el planeta entero est\u00e1 paralizado por el coronavirus?\u201d, se pregunt\u00f3.<\/p>\n\n\n\n<p>Si se reactiva el movimiento, dijo Mesina a Brecha, este requerir\u00e1 una direcci\u00f3n para \u201csalir con inteligencia\u201d a recuperar alguno de sus derechos: \u201cA\u00fan no recuperamos ni uno solo\u201d. Grez, en cambio, apuesta que las consecuencias econ\u00f3micas de la pandemia se traducir\u00e1n en \u201cun material altamente explosivo\u201d, que desembocar\u00e1 en una nueva \u201cofensiva\u201d del despertar de Chile.<\/p>\n\n\n\n<p>En tanto, Alondra Carrillo, del movimiento feminista, considera que \u201cel aislamiento f\u00edsico imposibilita las expresiones de rebeld\u00eda popular, que fueron una herramienta para subvertir el orden normal\u201d, pero que tambi\u00e9n es cierto que la rebeli\u00f3n sigue en pie. \u201cEs esta crisis el fundamento de la movilizaci\u00f3n del 8M y de la revuelta de octubre. Nada de eso puede haber desaparecido simplemente. Es imposible. Somos las mismas que salimos a la calle el 8 y el 9 de marzo las que hoy estamos velando por nuestro cuidado y organizando redes de solidaridad para dar respuestas donde el Estado no existe\u201d, especific\u00f3 la vocera de la Coordinadora 8M.<\/p>\n\n\n\n<p>Al no poder ocupar las calles, la Coordinadora 8M desplaz\u00f3 su activismo a plataformas virtuales que permitan generar rutinas de autocuidado y prevenci\u00f3n. Asimismo, levant\u00f3 un Plan de Emergencia Feminista frente al coronavirus, puesto que los casos de violencia de g\u00e9nero han aumentado debido al confinamiento prolongado. \u201cMuchos ni\u00f1os, ni\u00f1as y ni\u00f1es est\u00e1n obligados a mantenerse encerrados con su agresor, y ese es un escenario muy riesgoso para las mujeres\u201d, expres\u00f3 Carrillo. Entre los puntos del plan, destac\u00f3 la necesidad de crear redes de protecci\u00f3n entre los mismos vecinos para responder ante los casos de violencia de g\u00e9nero y establecer un mecanismo de denuncia en l\u00ednea.<\/p>\n\n\n\n<p>El futuro del movimiento social, afirm\u00f3 Carrillo, depender\u00e1 de lo que ocurra en estos meses de emergencia sanitaria. \u201cLa disputa pol\u00edtica a\u00fan est\u00e1 en juego. Eso lo sabe el gobierno. Por eso Pi\u00f1era fue a pararse a la Plaza de la Dignidad: saben que es un proceso en curso. Esto no es un par\u00e9ntesis, ni una pausa, ni una tregua\u201d, agreg\u00f3 la vocera, para quien la revuelta social y la movilizaci\u00f3n feminista est\u00e1n frente a un v\u00e9rtice hist\u00f3rico todav\u00eda abierto: \u201cDepender\u00e1 del sentido que podamos producir en esta crisis\u201d.<\/p>\n","protected":false},"excerpt":{"rendered":"<p>Cristian Gonz\u00e1lez Farf\u00e1n Fuente: Rebeli\u00f3n El coronavirus plantea una encrucijada al movimiento que se volc\u00f3 a las calles en octubre. Lejos de proyecciones catastrofistas, los protagonistas de la revuelta creen que las medidas de Sebasti\u00e1n Pi\u00f1era frente a la emergencia sanitaria se traducir\u00e1n en una segunda ofensiva popular tanto o m\u00e1s explosiva que la de [&hellip;]<\/p>\n","protected":false},"author":1,"featured_media":754,"comment_status":"open","ping_status":"open","sticky":false,"template":"","format":"standard","meta":{"footnotes":""},"categories":[5,3],"tags":[],"_links":{"self":[{"href":"http:\/\/www.movimientocaamanista.com\/index.php?rest_route=\/wp\/v2\/posts\/1636"}],"collection":[{"href":"http:\/\/www.movimientocaamanista.com\/index.php?rest_route=\/wp\/v2\/posts"}],"about":[{"href":"http:\/\/www.movimientocaamanista.com\/index.php?rest_route=\/wp\/v2\/types\/post"}],"author":[{"embeddable":true,"href":"http:\/\/www.movimientocaamanista.com\/index.php?rest_route=\/wp\/v2\/users\/1"}],"replies":[{"embeddable":true,"href":"http:\/\/www.movimientocaamanista.com\/index.php?rest_route=%2Fwp%2Fv2%2Fcomments&post=1636"}],"version-history":[{"count":1,"href":"http:\/\/www.movimientocaamanista.com\/index.php?rest_route=\/wp\/v2\/posts\/1636\/revisions"}],"predecessor-version":[{"id":1637,"href":"http:\/\/www.movimientocaamanista.com\/index.php?rest_route=\/wp\/v2\/posts\/1636\/revisions\/1637"}],"wp:featuredmedia":[{"embeddable":true,"href":"http:\/\/www.movimientocaamanista.com\/index.php?rest_route=\/wp\/v2\/media\/754"}],"wp:attachment":[{"href":"http:\/\/www.movimientocaamanista.com\/index.php?rest_route=%2Fwp%2Fv2%2Fmedia&parent=1636"}],"wp:term":[{"taxonomy":"category","embeddable":true,"href":"http:\/\/www.movimientocaamanista.com\/index.php?rest_route=%2Fwp%2Fv2%2Fcategories&post=1636"},{"taxonomy":"post_tag","embeddable":true,"href":"http:\/\/www.movimientocaamanista.com\/index.php?rest_route=%2Fwp%2Fv2%2Ftags&post=1636"}],"curies":[{"name":"wp","href":"https:\/\/api.w.org\/{rel}","templated":true}]}}