{"id":1751,"date":"2020-04-21T00:27:15","date_gmt":"2020-04-21T00:27:15","guid":{"rendered":"http:\/\/www.movimientocaamanista.com\/?p=1751"},"modified":"2020-04-21T00:27:16","modified_gmt":"2020-04-21T00:27:16","slug":"la-pandemia-y-la-dialectica-brasilena-de-la-barbarie","status":"publish","type":"post","link":"http:\/\/www.movimientocaamanista.com\/?p=1751","title":{"rendered":"La pandemia y la dial\u00e9ctica brasile\u00f1a de la barbarie"},"content":{"rendered":"\n<p>Rafael Heiber<\/p>\n\n\n\n<p>Fuente: <a href=\"https:\/\/rebelion.org\/la-pandemia-y-la-dialectica-brasilena-de-la-barbarie\/\">Rebeli\u00f3n<\/a><\/p>\n\n\n\n<p>Ya afecta a casi la mitad del planeta. En pocas semanas, el COVID-19 se ha transformado en pandemia, forzando par\u00e1lisis y confinamientos antes impensables. Desde entonces, han dado comienzo una serie de debates sobre los posibles paradigmas de una nueva normalidad y sobre la urgencia de \u201cotra\u201d globalizaci\u00f3n. En la mayor\u00eda de los casos hablamos de ret\u00f3ricas reformistas que utilizan reflexiones maduradas ya hace d\u00e9cadas en los circuitos intelectuales contra-hegem\u00f3nicos; en otros, de preguntas sobre la regulaci\u00f3n de las nuevas tecnolog\u00edas y de su papel en un nuevo contrato social, que dejan una brecha de incertidumbre: \u00bfestamos camino a un mundo m\u00e1s solidario o m\u00e1s autoritario?<\/p>\n\n\n\n<p>Los primeros estudios avalados por la comunidad cient\u00edfica, nos permiten afirmar que la humanidad ha tenido suerte. La pandemia se debe a un virus mucho m\u00e1s temido por su capacidad de propagaci\u00f3n que por su letalidad. Si tantos de nosotros permanecemos en cuarentena no es sino para evitar el contagio simult\u00e1neo de toda la poblaci\u00f3n, para mantener la m\u00e1xima normalidad en los sistemas de salud de modo que puedan atender tanto los casos m\u00e1s graves de COVID19 como las demandas rutinarias. Ning\u00fan gobierno condiciona el programa de restablecimiento del cotidiano a la fabricaci\u00f3n de una vacuna.<\/p>\n\n\n\n<p>Adem\u00e1s de los factores demogr\u00e1ficos, urbanos, culturales y socioecon\u00f3micos, se ha hecho patente que la intensidad de las actuales privaciones sociales y la par\u00e1lisis econ\u00f3mica es proporcional al sometimiento de los sistemas de salud a las normas de la administraci\u00f3n de empresas. Quedan en evidencia los l\u00edmites del aclamado dinamismo global, ahora incapaz de ofrecer insumos hospitalarios adecuados al 5% potencial de la poblaci\u00f3n con los s\u00edntomas m\u00e1s agudos de la enfermedad. La incapacidad de las zonas ricas del hemisferio norte para hacer frente al repentino n\u00famero de enfermos (Lombard\u00eda, Madrid, Nueva York y otras) s\u00f3lo prueba que estos sistemas de salud funcionaban perfectamente, de acuerdo con sus directrices administrativas. Err\u00f3neos son los principios de mercado aplicados a las esferas que escapan a su competencia. Suecia, un ejemplo tradicional de estado de bienestar, se consider\u00f3 preparada para abstenerse de imponer la cuarentena. Dentro de unos meses, una comparaci\u00f3n de circunstancias con sus vecinos n\u00f3rdicos, m\u00e1s cautelosos, pondr\u00e1 de relieve los grandes equ\u00edvocos globales de los \u00faltimos decenios.<\/p>\n\n\n\n<p>Es demasiado pronto para saber si esta pandemia abrir\u00e1 nuevos horizontes al mundo; si suspender\u00e1 definitivamente el \u00faltimo modelo de normalidad, o si el&nbsp;<em>status quo<\/em>&nbsp;volver\u00e1 ma\u00f1ana al&nbsp;<em>business as usual<\/em>. En resumen, a un mundo de acumulaciones injustificables, regulado con una mezcla de fantas\u00eda meritocr\u00e1tica, Estado fagocitado y caridad funcional. Lo que es seguro es que este cortocircuito precipita la tendencia geopol\u00edtica en curso -que comenz\u00f3 con la guerra contra el terrorismo de Bush y se coron\u00f3 con la llegada de Trump a la presidencia- a favor de China y en detrimento de los Estados Unidos; una tendencia amenazadora para un proyecto europeo casi en bancarrota, y temeraria para regiones como Am\u00e9rica Latina y \u00c1frica.<\/p>\n\n\n\n<p>En Brasil, donde el presidente despidi\u00f3 a su ministro de salud por defender la cuarentena, la pandemia plasm\u00f3 en el vocabulario pol\u00edtico un nuevo t\u00e9rmino notorio: pandemonio. Es el resultado de la actitud prejuiciosa, oscurantista y subordinada de Jair Bolsonaro a los intereses de su hom\u00f3logo Donald Trump, que borr\u00f3 del mapa la altivez de la diplomacia brasile\u00f1a y dio al ultraliberalismo el control total de las pol\u00edticas p\u00fablicas.&nbsp; Ya en 2016, este mismo sector llev\u00f3 a Michel Temer a la presidencia y aprob\u00f3 la reforma fiscal que los congresistas de la oposici\u00f3n llamaron \u201cel PEC de la Muerte\u201d. El gasto ya insuficiente en salud, ciencia y educaci\u00f3n fu congelado cara a los pr\u00f3ximos veinte a\u00f1os. El actual gobierno ha avanzado con esta doctrina de Estado M\u00ednimo, realizando privatizaciones perjudiciales para el patrimonio de los ciudadanos y una reforma de las pensiones que ha mantenido los privilegios tradicionales de los militares y de los altos cargos p\u00fablicos, siempre en detrimento de la masa empobrecida, para garantizar el flujo de capitales a las rentas financieras. El apoyo oficial del gobierno a los incendios forestales y al exterminio de los pueblos nativos fue, a nivel internacional, la cara m\u00e1s visible de un gobierno cuyas amenazas traspasan fronteras.<\/p>\n\n\n\n<p>La infinita negaci\u00f3n por parte de Bolsonaro de los riesgos del SARS-Cov2 coloca ahora al Brasil a las puertas de un verdadero genocidio residual, el riesgo de dejar morir a cientos de miles de \u201csubciudadanos prescindibles\u201d que no tendr\u00e1n ni ayuda ni despedida. Jair Bolsonaro apuesta por que la mayor\u00eda tampoco se convertir\u00e1 en estad\u00edsticas. Aunque nos enfrentamos a un virus extremadamente democr\u00e1tico, en la rep\u00fablica m\u00e1s desigual del planeta, la asistencia sanitaria es aristocr\u00e1tica. El viaje del SARS-Cov2 por el pa\u00eds lo confirma: tra\u00eddo por turistas adinerados que regresaban de Italia y los Estados Unidos, ha hecho de un portero y de un limpiador dom\u00e9stico sus primeras v\u00edctimas.<\/p>\n\n\n\n<p>En el sentido m\u00e1s hegeliano, Brasil ha alcanzado el tercer y \u00faltimo movimiento de su propia dial\u00e9ctica. En su primer acto, el conservadurismo como tesis; fruto de una sociedad colonialista, relacional, aristocr\u00e1tica y desigual. En el segundo; la vulgaridad como ant\u00edtesis, a trav\u00e9s de la instalaci\u00f3n de un modelo neoliberal, de individualismo alienante y subjetividad narcisista. Una ant\u00edtesis que no niega la tesis, que la absorbe y la asimila hasta que la contingencia permite el tercer acto: la barbarie como s\u00edntesis de la dial\u00e9ctica brasile\u00f1a. La barbarie representada por el reaccionarismo, el fanatismo neopentecostal, el anticientificismo, la necropol\u00edtica y las nuevas l\u00f3gicas de desinformaci\u00f3n; que refuerzan la ignorancia, el resentimiento y la iniquidad de quienes, activos como nunca antes, hicieron de Jair Bolsonaro su m\u00e1ximo representante, tambi\u00e9n llamado \u201cel mito\u201d.<\/p>\n\n\n\n<p>Bajo el modelo neoliberal a\u00fan vigente (el adoctrinamiento de Hayek y Mises ha funcionado eficientemente desde Thatcher y Reagan) es el odiado Estado el que sale con sus recursos m\u00e1s sustanciales a rescatar a los bancos y al mercado financiero. En este caso, invariablemente lo hace bajo justificaciones simplistas y capciosas. Al pueblo le bast\u00f3 un anuncio troyano: m\u00e1s autonom\u00eda para que el Banco Central proteja la econom\u00eda. Esto significar\u00e1 la transferencia directa de doscientos mil millones de d\u00f3lares del Tesoro Nacional a los banqueros. Una vez m\u00e1s, el control en manos de representantes del gran capital privado, seguidores del mantra que convierte toda crisis en oportunidad. Para los ciudadanos sin sustento durante la pandemia, la oferta del ministro Paulo Guedes era de 40 d\u00f3lares al mes, que los congresistas de la oposici\u00f3n elevaron a 120 d\u00f3lares.<\/p>\n\n\n\n<p>Como se esperaba desde que dio comienzo el actual gobierno, la mayor\u00eda de la derecha pseudo-civilizada y oportunista, abandon\u00f3 Bolsonaro. La llegada de la pandemia ayudar\u00e1 a este peligroso grupo de pol\u00edticos, empresarios y periodistas a afianzar una amnesia colectiva y a desconectarse de su antiguo&nbsp;<em>hospedero<\/em>. El capit\u00e1n Bolsonaro se queda con un gabinete comandado por sus hijos, con el apoyo de la bancada evang\u00e9lica y con la tutela de los generales, que ejercen un gobierno militar&nbsp;<em>de facto<\/em>.<\/p>\n\n\n\n<p><a href=\"https:\/\/www.huffpost.com\/entry\/brazil-opens-pandoras-box_b_10062206\">Si el golpe a Dilma Rousseff abri\u00f3 la Caja de Pandora<\/a>, esta pandemia amplificadora del pandemonio podr\u00eda decretar su cierre. En 2018 era razonable esperar que Bolsonaro no terminar\u00eda su mandato. Hoy en d\u00eda, est\u00e1 claro que puede que no cumpla ni la mitad. En menos de un a\u00f1o, se han sumado sospechas inc\u00f3modas a desavenencias pol\u00edticas: el asesinato del capit\u00e1n Adriano, condecorado oficialmente por la familia Bolsonaro y presunto asesino de Marielle Franco; la desaparici\u00f3n de Fabr\u00edcio Queiroz, principal asesor de la familia Bolsonaro en R\u00edo de Janeiro, conocido por dirigir milicias en la ciudad y por hacer dep\u00f3sitos en la cuenta de la actual Primera Dama; el s\u00fabito infarto del ex aliado y reci\u00e9n opositor pol\u00edtico, Gustavo Bebbiano. Hechos que s\u00f3lo se suman a las viejas pr\u00e1cticas de corrupci\u00f3n y desprestigio acumuladas durante casi tres d\u00e9cadas por la familia Bolsonaro en el poder legislativo del pa\u00eds. La figura pol\u00edtica de Bolsonaro es s\u00edntoma y pasar\u00e1, pero las causas permanecer\u00e1n: el reaccionarismo incorregible, el fundamentalismo en ascenso, la \u00e9lite innoble y el&nbsp;<em>lawfare<\/em>&nbsp;como herramienta de manipulaci\u00f3n pol\u00edtica. Cualquier intento de refundaci\u00f3n republicana deber\u00e1 enfrentarse a estos enemigos de la democracia y llevar a cabo un profundo examen de los fracasos acumulados durante las \u00faltimas cuatro d\u00e9cadas de ejercicio democr\u00e1tico.<\/p>\n\n\n\n<p>Para la comunidad global, la pandemia es tambi\u00e9n una oportunidad para reconstruir sus principios y luchar contra sus mitos. Uno de ellos, el mito liberal absolutista que exalta los logros de una modernidad triunfante, hecha posible por la indiscutible acumulaci\u00f3n exponencial de haceres y saberes. Sin embargo, ignora las alternativas del&nbsp;<em>deber-ser<\/em>&nbsp;del mundo que dicho capital cognitivo har\u00eda posible<strong>,&nbsp;<\/strong>pues se lo transforma en poder y espacio de dominaci\u00f3n. A finales de 2020, las muertes por accidentes de tr\u00e1fico y por la contaminaci\u00f3n atmosf\u00e9rica de los autom\u00f3viles ser\u00e1n m\u00e1s altas que las muertes por el SARS-Cov2. Esta estad\u00edstica se ha repetido durante d\u00e9cadas, pero la vida sigue&nbsp;astutamente programada para que la mayor cantidad de gente posible dependa del coche y lo desee. Cuando el calentamiento global o la desigualdad estructural causen un nivel de excepcionalidad similar al de esta pandemia, ser\u00e1 demasiado tarde para encontrar una alternativa.<\/p>\n\n\n\n<p><em><strong>Rafael Heiber&nbsp;<\/strong><\/em><strong>es g<\/strong><em><strong>e\u00f3grafo y doctor en sociolog\u00eda y CEO y cofundador del&nbsp;<a href=\"http:\/\/commonactionforum.net\/es\/\">Common Action Forum<\/a>&nbsp;(CAF).<\/strong><\/em><\/p>\n","protected":false},"excerpt":{"rendered":"<p>Rafael Heiber Fuente: Rebeli\u00f3n Ya afecta a casi la mitad del planeta. En pocas semanas, el COVID-19 se ha transformado en pandemia, forzando par\u00e1lisis y confinamientos antes impensables. Desde entonces, han dado comienzo una serie de debates sobre los posibles paradigmas de una nueva normalidad y sobre la urgencia de \u201cotra\u201d globalizaci\u00f3n. En la mayor\u00eda [&hellip;]<\/p>\n","protected":false},"author":1,"featured_media":1697,"comment_status":"open","ping_status":"open","sticky":false,"template":"","format":"standard","meta":{"footnotes":""},"categories":[5,3],"tags":[],"_links":{"self":[{"href":"http:\/\/www.movimientocaamanista.com\/index.php?rest_route=\/wp\/v2\/posts\/1751"}],"collection":[{"href":"http:\/\/www.movimientocaamanista.com\/index.php?rest_route=\/wp\/v2\/posts"}],"about":[{"href":"http:\/\/www.movimientocaamanista.com\/index.php?rest_route=\/wp\/v2\/types\/post"}],"author":[{"embeddable":true,"href":"http:\/\/www.movimientocaamanista.com\/index.php?rest_route=\/wp\/v2\/users\/1"}],"replies":[{"embeddable":true,"href":"http:\/\/www.movimientocaamanista.com\/index.php?rest_route=%2Fwp%2Fv2%2Fcomments&post=1751"}],"version-history":[{"count":1,"href":"http:\/\/www.movimientocaamanista.com\/index.php?rest_route=\/wp\/v2\/posts\/1751\/revisions"}],"predecessor-version":[{"id":1752,"href":"http:\/\/www.movimientocaamanista.com\/index.php?rest_route=\/wp\/v2\/posts\/1751\/revisions\/1752"}],"wp:featuredmedia":[{"embeddable":true,"href":"http:\/\/www.movimientocaamanista.com\/index.php?rest_route=\/wp\/v2\/media\/1697"}],"wp:attachment":[{"href":"http:\/\/www.movimientocaamanista.com\/index.php?rest_route=%2Fwp%2Fv2%2Fmedia&parent=1751"}],"wp:term":[{"taxonomy":"category","embeddable":true,"href":"http:\/\/www.movimientocaamanista.com\/index.php?rest_route=%2Fwp%2Fv2%2Fcategories&post=1751"},{"taxonomy":"post_tag","embeddable":true,"href":"http:\/\/www.movimientocaamanista.com\/index.php?rest_route=%2Fwp%2Fv2%2Ftags&post=1751"}],"curies":[{"name":"wp","href":"https:\/\/api.w.org\/{rel}","templated":true}]}}