{"id":1756,"date":"2020-04-22T10:45:12","date_gmt":"2020-04-22T10:45:12","guid":{"rendered":"http:\/\/www.movimientocaamanista.com\/?p=1756"},"modified":"2020-04-22T10:45:14","modified_gmt":"2020-04-22T10:45:14","slug":"pinera-peor-para-chile-que-la-covid","status":"publish","type":"post","link":"http:\/\/www.movimientocaamanista.com\/?p=1756","title":{"rendered":"Pi\u00f1era peor para Chile que la Covid"},"content":{"rendered":"\n<p>Hedelberto L\u00f3pez Blanch<\/p>\n\n\n\n<p>Fuente: <a href=\"https:\/\/rebelion.org\/pinera-peor-para-chile-que-la-covid\/\">Rebeli\u00f3n<\/a><\/p>\n\n\n\n<p>Cuando parec\u00eda que el r\u00e9gimen chileno de Sebasti\u00e1n Pi\u00f1era estaba al borde de la debacle tras grandes manifestaciones estudiantiles y obreras, la pandemia del nuevo coranovirus le trajo un inesperado alto de las revueltas callejeras lo que aprovech\u00f3 al presidente para decretar nuevas medidas neoliberales a favor de las compa\u00f1\u00edas y en detrimento del pueblo.&nbsp;&nbsp;<\/p>\n\n\n\n<p>Las masivas protestas en el pa\u00eds sudamericano se iniciaron en octubre del pasado a\u00f1o cuando el gobierno exacerb\u00f3 las penurias de la mayor\u00eda de la poblaci\u00f3n desfavorecida al imponer un aumento del 30 % en el precio del transporte.&nbsp;&nbsp;<\/p>\n\n\n\n<p>Miles de j\u00f3venes, estudiantes, obreros y clase media, a los que no les alcanza el dinero para sufragar la canasta b\u00e1sica familiar y los servicios privatizados de agua, electricidad, alcantarillado, educaci\u00f3n y atenci\u00f3n m\u00e9dica, salieron a las calles a rechazar la medida.&nbsp;&nbsp;<\/p>\n\n\n\n<p>Al estilo de la dictadura de Pinochet, el presidente orden\u00f3 reprimir las manifestaciones pac\u00edficas que se extendieron por todo el territorio con saldo 45 j\u00f3venes asesinados, centenares de heridos, miles de detenidos que sufrieron vejaciones y violaciones en las c\u00e1rceles del r\u00e9gimen.<\/p>\n\n\n\n<p>Los carabineros, adem\u00e1s de lanzar gases lacrim\u00f3genos, &nbsp;dispararon sin escr\u00fapulo sus escopetas de perdigones contra mujeres y hombres j\u00f3venes por lo que 545 perdieron la visi\u00f3n de uno o de sus dos ojos.&nbsp;&nbsp;&nbsp;&nbsp;<\/p>\n\n\n\n<p>La poblaci\u00f3n chilena esta hastiada de la privatizaci\u00f3n de los servicios b\u00e1sicos pues la mayor\u00eda tiene que endeudarse para poder acceder a la atenci\u00f3n m\u00e9dica, educaci\u00f3n, vivienda, agua, electricidad, servicio de alcantarillado.<\/p>\n\n\n\n<p>Tras la proliferaci\u00f3n del coronavirus en Chile (m\u00e1s de 11 500 contagiados y alrededor de 230 muertos) fue decretada una cuarentena obligatoria y el toque de queda por lo cual han cesado moment\u00e1neamente las manifestaciones.<\/p>\n\n\n\n<p>Esta situaci\u00f3n fue aprovechada por Pi\u00f1era para promulgar un decreto bajo la ley de Protecci\u00f3n del Trabajo, promulgada en 1996, que deja en total desprotecci\u00f3n a los empleados, pues &nbsp;establece que los patronos est\u00e1n exentos de pagar los trabajos de sus empleados y a su vez, estos no tienen el deber de asistir a sus puestos de trabajo.<\/p>\n\n\n\n<p>El anunci\u00f3 hecho por el presidente, estipula que el empleador solo pagar\u00e1 50 % de las cotizaciones laborales durante la suspensi\u00f3n del v\u00ednculo. Antes de estas indicaciones, el due\u00f1o ten\u00eda que abonar la totalidad de las cotizaciones del trabajador.<\/p>\n\n\n\n<p>Pi\u00f1era inform\u00f3 que quienes no pueden desempe\u00f1arse van a recibir el 70 % de su remuneraci\u00f3n durante el primer mes y &nbsp;el monto ir\u00e1 reduci\u00e9ndose gradualmente en los 10 meses siguientes. Los empleadores podr\u00e1n negociar con sus subordinados reducir en un 50 % la jornada laboral y en ese caso los salarios se reducir\u00e1n de modo proporcional.<\/p>\n\n\n\n<p>El informe publicado por el Congreso precisa que para sostener la relaci\u00f3n laboral, la nueva ley estipula que durante el estado de contingencia no ser\u00e1 obligatorio que los trabajadores presten servicio ni tampoco que los empleadores paguen sus respectivos trabajos.<\/p>\n\n\n\n<p>El dictamen gener\u00f3 numerosas declaraciones de condena en las redes sociales las cuales refer\u00edan que el Departamento de Trabajo, por instrucciones de Pi\u00f1era, dejaba sin remuneraci\u00f3n ni protecci\u00f3n a los empleados en las dif\u00edciles circunstancias que vive el pa\u00eds.<\/p>\n\n\n\n<p>La Central Unitaria de Trabajadores (CUT) emiti\u00f3 un comunicado y su secretario general Nolberto D\u00edaz, signific\u00f3: \u201clo que se est\u00e1 patrocinando es una carnicer\u00eda de trabajadores precarios que perder\u00e1n sus empleos y sin dinero en los bolsillos van a padecer una pandemia para lo cual todos deb\u00edamos estar preparados\u201d.<\/p>\n\n\n\n<p>En la naci\u00f3n sudamericana, el Producto Interno Bruto se concentra desde hace a\u00f1os en manos de unos pocos: el 1 % de la poblaci\u00f3n acumula el 33 % de la riqueza generada, mientras que el 50 % de los hogares de menores ingresos solo el 2,1 %.<\/p>\n\n\n\n<p>Como era de esperar, varias compa\u00f1\u00edas aplicaron de inmediato el dictamen como la Cadena MicroPlay de tiendas especializadas en juegos y accesorios la cual notific\u00f3 a sus trabajadores que tras el cierre de sus locales por la pandemia, a partir del 25 de marzo, suspender\u00e1 el pago a sus empleados.<\/p>\n\n\n\n<p>La empresa inmobiliaria Moller P\u00e9rez Cotapos indic\u00f3 que al suspender sus obligaciones laborales tambi\u00e9n concluyen sus derechos y obligaciones de contratos de trabajo lo que afectar\u00e1 las remuneraciones.<\/p>\n\n\n\n<p>La dr\u00e1stica decisi\u00f3n de la compa\u00f1\u00eda, amparada por el dictamen del gobierno motiv\u00f3 que la Fundaci\u00f3n Sol declarara que la Moller P\u00e9rez Cotapos sum\u00f3 utilidades por 20 000 millones de d\u00f3lares en los \u00faltimos dos a\u00f1os y que la crisis sanitaria la est\u00e1n pagando los trabajadores.<\/p>\n\n\n\n<p>El presidente Sebasti\u00e1n Pi\u00f1era, quien acumula una fabulosa fortuna estimada en 2 800 millones de d\u00f3lares, sigue apostando a imponer severas recetas neoliberales porque le importa m\u00e1s salvaguardar a las compa\u00f1\u00edas y sus due\u00f1os que a la mayor\u00eda de los chilenos. Innegablemente que sus dos a\u00f1os al frente de la naci\u00f3n austral han sido funestos para el pueblo.<\/p>\n","protected":false},"excerpt":{"rendered":"<p>Hedelberto L\u00f3pez Blanch Fuente: Rebeli\u00f3n Cuando parec\u00eda que el r\u00e9gimen chileno de Sebasti\u00e1n Pi\u00f1era estaba al borde de la debacle tras grandes manifestaciones estudiantiles y obreras, la pandemia del nuevo coranovirus le trajo un inesperado alto de las revueltas callejeras lo que aprovech\u00f3 al presidente para decretar nuevas medidas neoliberales a favor de las compa\u00f1\u00edas [&hellip;]<\/p>\n","protected":false},"author":1,"featured_media":754,"comment_status":"open","ping_status":"open","sticky":false,"template":"","format":"standard","meta":{"footnotes":""},"categories":[5,3],"tags":[],"_links":{"self":[{"href":"http:\/\/www.movimientocaamanista.com\/index.php?rest_route=\/wp\/v2\/posts\/1756"}],"collection":[{"href":"http:\/\/www.movimientocaamanista.com\/index.php?rest_route=\/wp\/v2\/posts"}],"about":[{"href":"http:\/\/www.movimientocaamanista.com\/index.php?rest_route=\/wp\/v2\/types\/post"}],"author":[{"embeddable":true,"href":"http:\/\/www.movimientocaamanista.com\/index.php?rest_route=\/wp\/v2\/users\/1"}],"replies":[{"embeddable":true,"href":"http:\/\/www.movimientocaamanista.com\/index.php?rest_route=%2Fwp%2Fv2%2Fcomments&post=1756"}],"version-history":[{"count":1,"href":"http:\/\/www.movimientocaamanista.com\/index.php?rest_route=\/wp\/v2\/posts\/1756\/revisions"}],"predecessor-version":[{"id":1757,"href":"http:\/\/www.movimientocaamanista.com\/index.php?rest_route=\/wp\/v2\/posts\/1756\/revisions\/1757"}],"wp:featuredmedia":[{"embeddable":true,"href":"http:\/\/www.movimientocaamanista.com\/index.php?rest_route=\/wp\/v2\/media\/754"}],"wp:attachment":[{"href":"http:\/\/www.movimientocaamanista.com\/index.php?rest_route=%2Fwp%2Fv2%2Fmedia&parent=1756"}],"wp:term":[{"taxonomy":"category","embeddable":true,"href":"http:\/\/www.movimientocaamanista.com\/index.php?rest_route=%2Fwp%2Fv2%2Fcategories&post=1756"},{"taxonomy":"post_tag","embeddable":true,"href":"http:\/\/www.movimientocaamanista.com\/index.php?rest_route=%2Fwp%2Fv2%2Ftags&post=1756"}],"curies":[{"name":"wp","href":"https:\/\/api.w.org\/{rel}","templated":true}]}}