{"id":1790,"date":"2020-04-24T10:26:50","date_gmt":"2020-04-24T10:26:50","guid":{"rendered":"http:\/\/www.movimientocaamanista.com\/?p=1790"},"modified":"2020-05-01T11:44:14","modified_gmt":"2020-05-01T11:44:14","slug":"en-el-55-aniversario-de-la-revolucion-de-abril-reivindicamos-la-pertinencia-de-su-ejemplo-y-contenido","status":"publish","type":"post","link":"http:\/\/www.movimientocaamanista.com\/?p=1790","title":{"rendered":"EN EL 55 ANIVERSARIO DE LA REVOLUCI\u00d3N DE ABRIL: REIVINDICAMOS LA PERTINENCIA DE SU EJEMPLO Y CONTENIDO"},"content":{"rendered":"\n<p>La crisis que estremece nuestra naci\u00f3n evidencia que el modelo  pol\u00edtico-institucional impuesto por la invasi\u00f3n militar de los EEUU en 1965, reforzado a largo de 55 a\u00f1os de recolonizaci\u00f3n econ\u00f3mica y cultural, y deteriorado en mayor grado por el impacto de la globalizaci\u00f3n neoliberal del capitalismo y la corrupci\u00f3n estatal, debe ser radicalmente superado. <\/p>\n\n\n\n<p>En estas circunstancias es imperioso reivindicar la pertinencia y contenidos de la Revoluci\u00f3n Constitucionalista que encabezaron los coroneles Fern\u00e1ndez Dom\u00ednguez y Caama\u00f1o, brutalmente  obstruida por la invasi\u00f3n militar de EEUU. El momento indica que el proyecto de naci\u00f3n que encarn\u00f3 la revoluci\u00f3n inconclusa de abril de 1965 debe ser retomado y renovado.<\/p>\n\n\n\n<p>Medio siglo de negaci\u00f3n de soberan\u00eda, perversi\u00f3n del sufragio, entronizaci\u00f3n de la corruptela y degradaci\u00f3n de la pol\u00edtica tradicional, crisis de salud y deterioro ambiental, fortalecen la pertinente de la rebeld\u00eda popular para refundar el Estado, sus instituciones y el proyecto de sociedad basado en democracia real, justicia y solidaridad.<\/p>\n\n\n\n<p>Se trata ya de una cuesti\u00f3n de vida o muerte, de supervivencia de la sociedad afectada y amenazada en su salud colectiva y en sus medios de vida. La pandemia, montada sobre la decadencia del sistema de dominaci\u00f3n, ha puesto al desnudo las lacras acumuladas.<\/p>\n\n\n\n<p>Es imprescindible una corte con ese pasado inmediato. <\/p>\n\n\n\n<p>Es imprescindible crear desde la indignaci\u00f3n y la rebeld\u00eda un nuevo sistema, y abril 65 es la referencia obligada.<\/p>\n\n\n\n<p>Continuidad de la gesta Trinitaria y la epopeya Restauradora, la Revoluci\u00f3n Constitucionalista fue un ejemplo de insumisi\u00f3n popular, poder y proceso constituyente; ejemplo de rescate de  la soberan\u00eda nacional, unidad c\u00edvico-militar y defensa de la Constituci\u00f3n m\u00e1s avanzada de la historia republicana; factores y procesos  que ahora es preciso relanzar.<\/p>\n\n\n\n<p>Si algo se destaca en su contenido pol\u00edtico es el esfuerzo trascendente por refundar la rep\u00fablica, construir un Estado realmente democr\u00e1tico, acompa\u00f1ado de un poder popular transformador; algo solo posible de lograr si lo viejo degradado en extremo es echado abajo y lo nuevo brota de un  Proceso Constituyente, que implica  un Cambio Radical, Asamblea Constituyente Popular y Soberana, nueva Constituci\u00f3n inspirada en la de 1963 y nuevas elecciones.<\/p>\n\n\n\n<p>El Movimiento Cama\u00f1ista-MC reitera en esta ocasi\u00f3n su indeclinable compromiso con estos prop\u00f3sitos.<\/p>\n\n\n\n<p><br>                                        \u00a1CAAMA\u00d1O VIVE, LA LUCHA SIGUE!<\/p>\n\n\n\n<p><\/p>\n","protected":false},"excerpt":{"rendered":"<p>La crisis que estremece nuestra naci\u00f3n evidencia que el modelo pol\u00edtico-institucional impuesto por la invasi\u00f3n militar de los EEUU en 1965, reforzado a largo de 55 a\u00f1os de recolonizaci\u00f3n econ\u00f3mica y cultural, y deteriorado en mayor grado por el impacto de la globalizaci\u00f3n neoliberal del capitalismo y la corrupci\u00f3n estatal, debe ser radicalmente superado. En [&hellip;]<\/p>\n","protected":false},"author":1,"featured_media":228,"comment_status":"open","ping_status":"open","sticky":false,"template":"","format":"standard","meta":{"footnotes":""},"categories":[24,5,16],"tags":[],"_links":{"self":[{"href":"http:\/\/www.movimientocaamanista.com\/index.php?rest_route=\/wp\/v2\/posts\/1790"}],"collection":[{"href":"http:\/\/www.movimientocaamanista.com\/index.php?rest_route=\/wp\/v2\/posts"}],"about":[{"href":"http:\/\/www.movimientocaamanista.com\/index.php?rest_route=\/wp\/v2\/types\/post"}],"author":[{"embeddable":true,"href":"http:\/\/www.movimientocaamanista.com\/index.php?rest_route=\/wp\/v2\/users\/1"}],"replies":[{"embeddable":true,"href":"http:\/\/www.movimientocaamanista.com\/index.php?rest_route=%2Fwp%2Fv2%2Fcomments&post=1790"}],"version-history":[{"count":1,"href":"http:\/\/www.movimientocaamanista.com\/index.php?rest_route=\/wp\/v2\/posts\/1790\/revisions"}],"predecessor-version":[{"id":1791,"href":"http:\/\/www.movimientocaamanista.com\/index.php?rest_route=\/wp\/v2\/posts\/1790\/revisions\/1791"}],"wp:featuredmedia":[{"embeddable":true,"href":"http:\/\/www.movimientocaamanista.com\/index.php?rest_route=\/wp\/v2\/media\/228"}],"wp:attachment":[{"href":"http:\/\/www.movimientocaamanista.com\/index.php?rest_route=%2Fwp%2Fv2%2Fmedia&parent=1790"}],"wp:term":[{"taxonomy":"category","embeddable":true,"href":"http:\/\/www.movimientocaamanista.com\/index.php?rest_route=%2Fwp%2Fv2%2Fcategories&post=1790"},{"taxonomy":"post_tag","embeddable":true,"href":"http:\/\/www.movimientocaamanista.com\/index.php?rest_route=%2Fwp%2Fv2%2Ftags&post=1790"}],"curies":[{"name":"wp","href":"https:\/\/api.w.org\/{rel}","templated":true}]}}