{"id":1870,"date":"2020-05-02T23:20:37","date_gmt":"2020-05-02T23:20:37","guid":{"rendered":"http:\/\/www.movimientocaamanista.com\/?p=1870"},"modified":"2020-05-02T23:20:38","modified_gmt":"2020-05-02T23:20:38","slug":"la-perspectiva-de-genero-en-la-lucha-contra-el-coronavirus","status":"publish","type":"post","link":"http:\/\/www.movimientocaamanista.com\/?p=1870","title":{"rendered":"La perspectiva de g\u00e9nero en la lucha contra el coronavirus"},"content":{"rendered":"\n<p>Carmen Fenoll<strong>,\u00a0<\/strong>Victoria Toro<\/p>\n\n\n\n<p>Fuente: <a href=\"https:\/\/rebelion.org\/la-perspectiva-de-genero-en-la-lucha-contra-el-coronavirus\/\">Rebeli\u00f3n<\/a><\/p>\n\n\n\n<p>La pandemia provocada por el SARS-CoV-2, causante de la covid-19, nos est\u00e1&nbsp;<strong>poniendo a prueba como sociedad<\/strong>. Tras esta crisis deberemos estar mejor preparados para que la vida sea m\u00e1s segura ante amenazas como la que estamos sufriendo, pero deberemos tambi\u00e9n, porque tenemos la oportunidad de hacerlo, trabajar para que la sociedad del d\u00eda despu\u00e9s sea m\u00e1s justa que la que dejamos atr\u00e1s. Y solo lo ser\u00e1 si somos capaces de analizar lo que est\u00e1 ocurriendo ahora en todas sus vertientes; una de ellas es, indiscutiblemente, la del&nbsp;<strong>g\u00e9nero<\/strong>.<\/p>\n\n\n\n<p>Conocer c\u00f3mo est\u00e1 afectando a las mujeres la enfermedad y la sacudida social que la acompa\u00f1a es una de las claves para saber d\u00f3nde hay que intervenir no solo ahora, sino tambi\u00e9n en el futuro.<\/p>\n\n\n\n<p>Por los datos que tenemos hasta el momento sabemos que el virus parece infectar de forma similar a mujeres y a hombres en cualquier rango de edad. Sin embargo, su letalidad es, al menos seg\u00fan los datos preliminares de varios pa\u00edses,&nbsp;<a href=\"https:\/\/www.mscbs.gob.es\/profesionales\/saludPublica\/ccayes\/alertasActual\/nCov-China\/documentos\/Actualizacion_88_COVID-19.pdf\" target=\"_blank\" rel=\"noreferrer noopener\">m\u00e1s alta en los varones<\/a>.<\/p>\n\n\n\n<p><strong>Investigar mejor<\/strong><\/p>\n\n\n\n<p>Se han propuesto algunas hip\u00f3tesis para explicar esta diferencia, pero distamos de comprender sus causas reales. Tampoco sabemos si la aparentemente similar susceptibilidad al&nbsp;<strong>contagio de mujeres y hombres<\/strong>&nbsp;est\u00e1 sesgada, pues algunos de los colectivos m\u00e1s expuestos \u2013como todo tipo de trabajadores hospitalarios y cuidadores en residencias\u2013 tienen una alt\u00edsima proporci\u00f3n de mujeres. Por ejemplo, en la regi\u00f3n china de Hubei donde comenz\u00f3 la enfermedad, las mujeres eran el&nbsp;<a href=\"https:\/\/rebelion.org\/Users\/localadmin\/Downloads\/women-workers-frontline-battle-against-coronavirus.html\" target=\"_blank\" rel=\"noreferrer noopener\">90 % del personal expuesto en primera l\u00ednea<\/a>.<\/p>\n\n\n\n<p>Dadas estas diferencias, se hace obvia la necesidad de que todas las investigaciones sobre tratamientos o vacunas para combatir la covid-19 incorporen la perspectiva de g\u00e9nero. Y eso solo se podr\u00e1 hacer si todas las administraciones asumen que para contar con datos cient\u00edficos v\u00e1lidos estos deben salir de dise\u00f1os experimentales robustos que incluyan la dimensi\u00f3n de g\u00e9nero, y que no deber\u00eda financiarse ning\u00fan estudio que no la contemple. Solo as\u00ed podr\u00e1n dise\u00f1arse pol\u00edticas efectivas para enfrentarse a la pr\u00f3xima emergencia sanitaria.<\/p>\n\n\n\n<p>Para contar con datos cient\u00edficos v\u00e1lidos estos deben salir de dise\u00f1os experimentales robustos que incluyan la dimensi\u00f3n de g\u00e9nero<\/p>\n\n\n\n<p>La covid-19 nos est\u00e1 afectando de muchas maneras. Una fundamental es que esta pandemia nos ha confinado, y los efectos del confinamiento, que son distintos para cada persona, tienen tambi\u00e9n diferencias en funci\u00f3n del g\u00e9nero. Seg\u00fan la&nbsp;<a href=\"https:\/\/www.agenciasinc.es\/Opinion\/Perspectiva-de-genero-en-la-lucha-contra-el-coronavirus\" target=\"_blank\" rel=\"noreferrer noopener\">Organizaci\u00f3n Internacional del Trabajo<\/a>, las mujeres realizan el 76,2% del total de horas de trabajo de cuidados no remunerado en todo el mundo en situaci\u00f3n normal.<\/p>\n\n\n\n<p>Con las escuelas cerradas y los ni\u00f1os y ni\u00f1as en las casas siguiendo sus clases y con tareas que precisan apoyo, las horas necesarias para atenderlo todo han aumentado brutalmente.<\/p>\n\n\n\n<p><strong>Reparto de tareas<\/strong><\/p>\n\n\n\n<p>Si no cambian los estereotipos tradicionales, la carga de trabajo asumida por las mujeres aumentar\u00e1 peligrosamente, y con ella crecer\u00e1n los efectos perniciosos que esa sobrecarga tiene sobre las mujeres: mayor estr\u00e9s, m\u00e1s problemas mentales y menos tiempo para dedicarlo a la vida profesional. Pero deber\u00edamos reflexionar sobre el hecho de que el confinamiento es tambi\u00e9n una oportunidad para que los varones se responsabilicen de su parte de este trabajo en el hogar, y convertir esta amenaza en una ocasi\u00f3n para el cambio.<\/p>\n\n\n\n<p>Seg\u00fan la Organizaci\u00f3n Internacional del Trabajo, las mujeres realizan el 76,2 % del total de horas de trabajo de cuidados no remunerado en todo el mundo en situaci\u00f3n normal<\/p>\n\n\n\n<p>El confinamiento tiene adem\u00e1s un riesgo a\u00f1adido en el caso de las mujeres que padecen violencia machista,&nbsp;<a href=\"https:\/\/www.publico.es\/sociedad\/violencia-genero-coronavirus-numero-llamadas-violencia-machista-016-marzo-alto-tres-ultimos-anos.html\" target=\"_blank\" rel=\"noreferrer noopener\">atrapadas en casa con su maltratador<\/a>. Los datos de algunos pa\u00edses que han hecho p\u00fablicas cifras estos d\u00edas se\u00f1alan que el problema se ha agravado considerablemente: en Francia los casos de violencia contra las mujeres aumentaron en un tercio en la primera semana de confinamiento y en Australia las b\u00fasquedas en Google de ayuda por violencia de g\u00e9nero subieron un 75% en ese mismo periodo.<\/p>\n\n\n\n<p>Seg\u00fan un estudio de la organizaci\u00f3n internacional de planificaci\u00f3n familiar Marie Stopes, m\u00e1s de 9,5 millones de mujeres y ni\u00f1as se arriesgan a&nbsp;<strong>perder el acceso a anticoncepci\u00f3n e interrupci\u00f3n voluntaria del embarazo<\/strong>&nbsp;este a\u00f1o por causa de la pandemia.<\/p>\n\n\n\n<p>El esfuerzo econ\u00f3mico que est\u00e1 suponiendo la lucha contra la pandemia de covid-19 y la posterior recuperaci\u00f3n econ\u00f3mica puede repercutir en las partidas de gasto social, como ya ocurri\u00f3 con los recientes brotes de \u00e9bola y zika.<\/p>\n\n\n\n<p>El desempleo producto de la&nbsp;<strong>covid-19 golpear\u00e1 duramente a mujeres y hombres<\/strong>, pero la vulnerabilidad del empleo femenino es mayor y, como advierte&nbsp;<a href=\"https:\/\/www.un.org\/womenwatch\/feature\/financialcrisis\/\" target=\"_blank\" rel=\"noreferrer noopener\">ONU Mujeres<\/a>, en todas las crisis econ\u00f3micas las mujeres sufren en mucha mayor medida.<\/p>\n\n\n\n<p><strong>Menor visibilidad<\/strong><\/p>\n\n\n\n<p>Tambi\u00e9n en la comunicaci\u00f3n sobre la covid-19 se observa un retroceso. Seg\u00fan un an\u00e1lisis preliminar hecho por las autoras los d\u00edas 17 y 18 de abril en cuatro diarios espa\u00f1oles \u2013<em>El Pa\u00eds, La Vanguardia, eldiario.es y ABC<\/em>\u2013, solo el 27 % de las fuentes consultadas en art\u00edculos relacionados con la pandemia eran mujeres, frente al 73 % de varones. Esta cifra es ligeramente m\u00e1s baja que la recogida en el estudio \u00ab<a href=\"https:\/\/www.agenciasinc.es\/Noticias\/La-prensa-espanola-solo-cita-a-cientificas-en-una-de-cada-cuatro-ocasiones\" target=\"_blank\" rel=\"noreferrer noopener\">La visibilidad de las cient\u00edficas espa\u00f1olas<\/a>\u00bb de Pablo Francescutti publicado en 2018 y que se\u00f1alaba que las mujeres citadas en art\u00edculos relacionados con ciencias de la vida en Espa\u00f1a eran el 29,5 %.<\/p>\n\n\n\n<p>Las mujeres tienen que incorporarse en condiciones de igualdad en todos los organismos asesores y de toma de decisiones sobre la pandemia y sobre la salida de la crisis<\/p>\n\n\n\n<p>Pero adem\u00e1s, si tenemos en cuenta que, seg\u00fan datos de la ONU, las mujeres que trabajan en la atenci\u00f3n al p\u00fablico en los&nbsp;<strong>sistemas sanitarios y sociales<\/strong>, los m\u00e1s relacionados con la lucha contra la covid-19,&nbsp;<a href=\"https:\/\/www.publico.es\/sociedad\/brecha-genero-onu-alerta-brecha-genero-pandemia-70-sanitarios-contagiados-son-mujeres.html\">son el 70 %<\/a>, la cifra de su reflejo en los medios de comunicaci\u00f3n es a\u00fan m\u00e1s injusta.<\/p>\n\n\n\n<p>Para afrontar la&nbsp;<strong>salida de esta crisis sanitaria<\/strong>, econ\u00f3mica y social es necesario analizar y corregir la desigualdad de todos estos \u00e1mbitos. Las mujeres tienen que incorporarse en condiciones de igualdad en todos los organismos asesores y de toma de decisiones sobre la pandemia y sobre la salida de la crisis.<\/p>\n\n\n\n<p>Las&nbsp;<strong>necesidades de mujeres y hombres son diferentes<\/strong>, y la forma en la que la pandemia afecta a unas y otros es distinta. Esas diferencias deben ser tenidas en cuenta a la hora de dise\u00f1ar tanto la lucha contra la enfermedad como una salida de esta crisis que no ahonde m\u00e1s a\u00fan las desigualdades.<\/p>\n","protected":false},"excerpt":{"rendered":"<p>Carmen Fenoll,\u00a0Victoria Toro Fuente: Rebeli\u00f3n La pandemia provocada por el SARS-CoV-2, causante de la covid-19, nos est\u00e1&nbsp;poniendo a prueba como sociedad. Tras esta crisis deberemos estar mejor preparados para que la vida sea m\u00e1s segura ante amenazas como la que estamos sufriendo, pero deberemos tambi\u00e9n, porque tenemos la oportunidad de hacerlo, trabajar para que la [&hellip;]<\/p>\n","protected":false},"author":1,"featured_media":1871,"comment_status":"open","ping_status":"open","sticky":false,"template":"","format":"standard","meta":{"footnotes":""},"categories":[4],"tags":[],"_links":{"self":[{"href":"http:\/\/www.movimientocaamanista.com\/index.php?rest_route=\/wp\/v2\/posts\/1870"}],"collection":[{"href":"http:\/\/www.movimientocaamanista.com\/index.php?rest_route=\/wp\/v2\/posts"}],"about":[{"href":"http:\/\/www.movimientocaamanista.com\/index.php?rest_route=\/wp\/v2\/types\/post"}],"author":[{"embeddable":true,"href":"http:\/\/www.movimientocaamanista.com\/index.php?rest_route=\/wp\/v2\/users\/1"}],"replies":[{"embeddable":true,"href":"http:\/\/www.movimientocaamanista.com\/index.php?rest_route=%2Fwp%2Fv2%2Fcomments&post=1870"}],"version-history":[{"count":1,"href":"http:\/\/www.movimientocaamanista.com\/index.php?rest_route=\/wp\/v2\/posts\/1870\/revisions"}],"predecessor-version":[{"id":1872,"href":"http:\/\/www.movimientocaamanista.com\/index.php?rest_route=\/wp\/v2\/posts\/1870\/revisions\/1872"}],"wp:featuredmedia":[{"embeddable":true,"href":"http:\/\/www.movimientocaamanista.com\/index.php?rest_route=\/wp\/v2\/media\/1871"}],"wp:attachment":[{"href":"http:\/\/www.movimientocaamanista.com\/index.php?rest_route=%2Fwp%2Fv2%2Fmedia&parent=1870"}],"wp:term":[{"taxonomy":"category","embeddable":true,"href":"http:\/\/www.movimientocaamanista.com\/index.php?rest_route=%2Fwp%2Fv2%2Fcategories&post=1870"},{"taxonomy":"post_tag","embeddable":true,"href":"http:\/\/www.movimientocaamanista.com\/index.php?rest_route=%2Fwp%2Fv2%2Ftags&post=1870"}],"curies":[{"name":"wp","href":"https:\/\/api.w.org\/{rel}","templated":true}]}}