{"id":1876,"date":"2020-05-03T14:29:15","date_gmt":"2020-05-03T14:29:15","guid":{"rendered":"http:\/\/www.movimientocaamanista.com\/?p=1876"},"modified":"2020-05-03T14:29:16","modified_gmt":"2020-05-03T14:29:16","slug":"la-peor-basura-no-esta-en-duquesa-esta-en-el-palacio-en-ministerios-y-ayuntamientos","status":"publish","type":"post","link":"http:\/\/www.movimientocaamanista.com\/?p=1876","title":{"rendered":"LA PEOR BASURA NO EST\u00c1 EN DUQUESA. EST\u00c1 EN EL PALACIO, EN MINISTERIOS Y AYUNTAMIENTOS"},"content":{"rendered":"\n<p>Movimiento Popular Dominicano (M.P.D.)<\/p>\n\n\n\n<p>La peor basura, la m\u00e1s peligrosa, contaminada y contaminante no est\u00e1 en Duquesa. Est\u00e1 en el Palacio de Gobierno, en los Ministerios del Ambiente y de Salud P\u00fablica, los Ayuntamientos del Gran Santo Domingo y la &#8220;Comisi\u00f3n&#8221; creada hace dos a\u00f1os dizque para resolver ese grave problema permanente y con recurrentes brotes de grandes proporciones.<\/p>\n\n\n\n<p>Hace varios d\u00edas que arde el gigantesco basurero localizado en Duquesa, otrora batey ca\u00f1ero y emplazamiento administrativo del Consejo Estatal del Az\u00facar (CEA), en lo que ahora es el municipio Santo Domingo Norte de la provincia Santo Domingo.<\/p>\n\n\n\n<p>Grandes humaredas, cenizas, holl\u00edn, gases y holores nauseabundos y hasta mareantes se sienten en todo el Distrito Nacional, as\u00ed como en cinco de los siete municipios y en cuatro distritos municipales de la provincia Santo Domingo.<\/p>\n\n\n\n<p>Pero tambi\u00e9n en determinadas horas del d\u00eda afecta a otras demarcaciones, como Haina y San Crist\u00f3bal.<\/p>\n\n\n\n<p>Esta asfixiante situaci\u00f3n les crea  problemas respiratorios a muchas personas, lo que viene a  sumarse como una maldici\u00f3n a la terrible pandemia del Covid-19.<\/p>\n\n\n\n<p>Hace 30 a\u00f1os que esta extensa regi\u00f3n, que concentra unos cuatro millones de habitantes, est\u00e1 sufriendo esta desgracia, que en determinados momentos  tiene brotes terribles.<\/p>\n\n\n\n<p>Acusaciones y contra-acusaciones van y vienen. Unos dicen o insin\u00faan que la oposici\u00f3n al alcalde que acaba de juramentarse en Santo Domingo Norte incendi\u00f3 el vergonzante basurero.<\/p>\n\n\n\n<p>Otros acusan a sectores politiqueros de otras cuadras. Es decir, le dan un matiz pol\u00edtico o politiquero al crimen  de Duquesa.<\/p>\n\n\n\n<p>Pocos hablan de actores que pueden actuar por intereses econ\u00f3micos. Pero lo cierto es que hay muchos asuntos politiqueros y econ\u00f3micos envueltos en un dep\u00f3sito de residuos s\u00f3lidos.<\/p>\n\n\n\n<p>En este basurero hay una compleja trama de intereses econ\u00f3micos. Todos sabemos que esos terrenos pertenecen al CEA, y que una mafia que opera-todav\u00eda- en esa instituci\u00f3n se busc\u00f3 una buena suma de dinero para sus bolsillos y le entreg\u00f3 de manera servil esos terrenos (m\u00e1s de un kil\u00f3metro cuadrado, m\u00e1s de un mill\u00f3n de metros cuadrados) a una empresa o asociaci\u00f3n de malhechores extranjeros, quienes se asociaron con mafiosos domimicanos y formaron la &#8220;empresa&#8221; Laj\u00fan para administrar el basurero.<\/p>\n\n\n\n<p>En el 2018, bajo el mandato del transitorio Ministro del Ambiente Francisco Dom\u00ednguez Brito, y de Domingo Contreras, de &#8220;Dominicana Limpia&#8221;, se cre\u00f3 una &#8220;Comisi\u00f3n&#8221; que le quit\u00f3 la &#8220;administraci\u00f3n&#8221; del basurero a Laj\u00fan, que hab\u00eda provocado una terrible crisis que amenazaba con una epidemia grave en toda la regi\u00f3n.<\/p>\n\n\n\n<p>Esa &#8220;comisi\u00f3n&#8221; hizo que Laj\u00fan huyera. Pero Laj\u00fan ha demandado al Gobierno dominicano por 300 millones de d\u00f3lares.<\/p>\n\n\n\n<p>Esa litis cursa en tribunales. Pero es uno de los componentes de la crisis de Duquesa. Es uno de los actores que insiden en la crisis del gigantesco basurero.<\/p>\n\n\n\n<p>Pero hay muchos otros intereses, como llevamos dicho. Incluso, se rumora que hay quienes afilan sus cuchillos, se frotan las manos y apuestan a que ese &#8220;vertedero&#8221; sea trasladado m\u00e1s al Norte donde unos turpenes detentan terrenos, que tambi\u00e9n fueron del CEA, y aspiran a venderlos por sumas atron\u00f3micas, como hizo Walther Musa, el saliente alcalde de Puerto Plata.<\/p>\n\n\n\n<p>Y todav\u00eda quedan otros intereses tan hediondos y tan contagiosos como la basura de Duquesa.<\/p>\n\n\n\n<p>La poblaci\u00f3n de esta vasta regi\u00f3n, afectada toda por esa otra pandemia, debe empoderarse y exigir soluci\u00f3n inmediata a este c\u00e1ncer de 30 a\u00f1os.<\/p>\n\n\n\n<p>En t\u00e9rminos de responsabilidad por el criminal incendio, que no puede ser fortuito, hay que hacer una profunda investigaci\u00f3n para determinar los verdaderos culpables, materiales e intelectuales, si los hay.<\/p>\n\n\n\n<p>Pero esa investigaci\u00f3n no puede quedarse encubierta. Tiene que darse a conocer abierta y ampliamente. Adem\u00e1s, los autores tienen que pagar por esa terrible agresi\u00f3n a los habitantes de una vasta regi\u00f3n y del ambiente en general. No puede haber inter\u00e9s oculto que impida el castigo merecido.<\/p>\n\n\n\n<p>Respecto a las medidas que se han tomado, no s\u00f3lo son insuficientes, sino incapaces de apagar el incendio a corto plazo.<\/p>\n\n\n\n<p>A ese basurero llegan a diario mas de 200 camiones con un promedio de cuatro mil toneladas de residuos s\u00f3lidos, que incluyen elementos peligrosos, como desechos hospitalarios, pl\u00e1sticos duros y blandos, diferentes materiales inflamables de laboratorios, deseschos de equipos tecnol\u00f3gicos, etc\u00e9tera.<\/p>\n\n\n\n<p>Adem\u00e1s, la materia org\u00e1nica descompuesta genera gas metano y otras sustancias qu\u00edmicas que pueden volverse peligrosas para los humanos, para otros seres vivos y para el ambiente en general.<\/p>\n\n\n\n<p>El hecho de que all\u00ed haya una enorme acumulaci\u00f3n de metano dice que no es con agua que se debe tratar de apagar esa basura. Se necesitan otras sustancias para extinguir el fuego. Los especialistas lo saben.<\/p>\n\n\n\n<p>Adem\u00e0s, la estrategia no puede ser la que repetidas veces vemos aplicar en los fuegos forestales. Se necesita implementar acciones de &#8220;corta fuego&#8221;, abriendo trochas para separar y aislar las \u00e1reas que arden.<\/p>\n\n\n\n<p>Se necesita usar equipos como &#8220;gredar&#8221; o &#8220;buld\u00f3zer, para abrir esas trochas. Se necesita remover los montones incendiados para poder aplicar directamenrmte las sustancias extintoras.<\/p>\n\n\n\n<p>Los camiones tanqueros de los bomberos podr\u00edan usar sus mangueras a presi\u00f3n para rociar determinadas espumas.<\/p>\n\n\n\n<p>Sin embargo, lo que est\u00e1 a la vista es un gran negocio dentro del lucrativo negocio. Los equipos contratados, como son las &#8220;comesolas&#8221; (retro-excavadoras&#8221;) no son eficientes. No basta con remover montones de basura y hacer otros montones.<\/p>\n\n\n\n<p>Se necesita de acciones eficaces. No es hora de hacer negocios con esa desgracia. No es hora de acusaciones y contra-acusaciones politiqueras sin ahondar para solucionar la crisis.<\/p>\n\n\n\n<p>SOLUCI\u00d3N INMEDIATA AL PROBLEMA DE DUQUESA.<\/p>\n\n\n\n<p>QUE LOS RESPONSABLES PAGUEN EL CRIMEN.<\/p>\n\n\n\n<p>SOLUCION TOTAL Y DEFINITIVA.<\/p>\n\n\n\n<p>SI NO HAY SOLUCION, TENEMOS QUE BUSCARLA EN LAS CALLES.<\/p>\n\n\n\n<p>El partido de Pablo Mart\u00ednez, El Moreno y El Men presente.<\/p>\n\n\n\n<p>Comit\u00e9 Pol\u00edtico del Comit\u00e9 Central<\/p>\n","protected":false},"excerpt":{"rendered":"<p>Movimiento Popular Dominicano (M.P.D.) La peor basura, la m\u00e1s peligrosa, contaminada y contaminante no est\u00e1 en Duquesa. Est\u00e1 en el Palacio de Gobierno, en los Ministerios del Ambiente y de Salud P\u00fablica, los Ayuntamientos del Gran Santo Domingo y la &#8220;Comisi\u00f3n&#8221; creada hace dos a\u00f1os dizque para resolver ese grave problema permanente y con recurrentes [&hellip;]<\/p>\n","protected":false},"author":1,"featured_media":1874,"comment_status":"open","ping_status":"open","sticky":false,"template":"","format":"standard","meta":{"footnotes":""},"categories":[5,16],"tags":[],"_links":{"self":[{"href":"http:\/\/www.movimientocaamanista.com\/index.php?rest_route=\/wp\/v2\/posts\/1876"}],"collection":[{"href":"http:\/\/www.movimientocaamanista.com\/index.php?rest_route=\/wp\/v2\/posts"}],"about":[{"href":"http:\/\/www.movimientocaamanista.com\/index.php?rest_route=\/wp\/v2\/types\/post"}],"author":[{"embeddable":true,"href":"http:\/\/www.movimientocaamanista.com\/index.php?rest_route=\/wp\/v2\/users\/1"}],"replies":[{"embeddable":true,"href":"http:\/\/www.movimientocaamanista.com\/index.php?rest_route=%2Fwp%2Fv2%2Fcomments&post=1876"}],"version-history":[{"count":1,"href":"http:\/\/www.movimientocaamanista.com\/index.php?rest_route=\/wp\/v2\/posts\/1876\/revisions"}],"predecessor-version":[{"id":1877,"href":"http:\/\/www.movimientocaamanista.com\/index.php?rest_route=\/wp\/v2\/posts\/1876\/revisions\/1877"}],"wp:featuredmedia":[{"embeddable":true,"href":"http:\/\/www.movimientocaamanista.com\/index.php?rest_route=\/wp\/v2\/media\/1874"}],"wp:attachment":[{"href":"http:\/\/www.movimientocaamanista.com\/index.php?rest_route=%2Fwp%2Fv2%2Fmedia&parent=1876"}],"wp:term":[{"taxonomy":"category","embeddable":true,"href":"http:\/\/www.movimientocaamanista.com\/index.php?rest_route=%2Fwp%2Fv2%2Fcategories&post=1876"},{"taxonomy":"post_tag","embeddable":true,"href":"http:\/\/www.movimientocaamanista.com\/index.php?rest_route=%2Fwp%2Fv2%2Ftags&post=1876"}],"curies":[{"name":"wp","href":"https:\/\/api.w.org\/{rel}","templated":true}]}}