{"id":1901,"date":"2020-05-06T00:05:58","date_gmt":"2020-05-06T00:05:58","guid":{"rendered":"http:\/\/www.movimientocaamanista.com\/?p=1901"},"modified":"2020-05-06T00:06:00","modified_gmt":"2020-05-06T00:06:00","slug":"una-respuesta-sin-estado-de-emergencia","status":"publish","type":"post","link":"http:\/\/www.movimientocaamanista.com\/?p=1901","title":{"rendered":"Una respuesta sin estado de emergencia"},"content":{"rendered":"\n<p>Violette Goarant<\/p>\n\n\n\n<p>Fuente: <a href=\"https:\/\/rebelion.org\/una-respuesta-sin-estado-de-emergencia\/\">Rebeli\u00f3n<\/a><\/p>\n\n\n\n<p>Al contrario que la mayor\u00eda de pa\u00edses europeos, Suecia ha optado por un m\u00e9todo no coercitivo para contener la pandemia de la covid-19. El Gobierno preconiza restricciones de desplazamiento o contacto social, pero no impone el confinamiento total<\/p>\n\n\n\n<p>\u201cSalga a aprovechar sus parques p\u00fablicos\u201d. El cartel municipal que anuncia la primavera en las calles de Estocolmo podr\u00eda parecer una provocaci\u00f3n hacia los 4.000 millones de personas confinadas en otras partes del mundo. Es verdad que, a finales de este mes de marzo, la estaci\u00f3n de metro de Abrahamsberg est\u00e1 desierta en hora punta. El uso de los transportes p\u00fablicos se ha reducido en dos terceras partes en un mes aunque todo o casi todo funciona. El panel de luces rojas que anuncia el pr\u00f3ximo metro emite en bucle el mensaje del momento: \u201cViaje s\u00f3lo si es estrictamente necesario\u201d. Enfrente, llega un autob\u00fas. Equipado con guantes de pl\u00e1stico azules, el conductor se\u00f1ala la puerta trasera, por la que hay que subir. En el retrovisor, su mirada escruta a los pasajeros, ahora menos numerosos, aislados por un cord\u00f3n sanitario que inutiliza la fila de asientos que est\u00e1 a su espalda.<\/p>\n\n\n\n<p>La capital sueca aminora suavemente el ritmo para frenar la progresi\u00f3n del coronavirus siguiendo las recomendaciones de la Agencia de Salud P\u00fablica. Desde el 29 de marzo, las reuniones de m\u00e1s de 50 personas est\u00e1n prohibidas. En el caso de los institutos y universidades, se \u201crecomienda\u201d el trabajo y los estudios a distancia. Pero los establecimientos que acogen p\u00fablico siguen abiertos: escuelas, bibliotecas o gimnasios. Los bares y restaurantes deben contar con espacio suficiente y servir solo en mesa. En las piscinas, la ausencia habitual de socorrista da la pauta: cada uno asume sus responsabilidades tanto para evitar ahogarse como para evitar transmitir o atrapar el virus.<\/p>\n\n\n\n<p>El 1 de abril, la ministra de Salud y Asuntos Sociales record\u00f3 la consigna oficial: \u201cMantenga las distancias y asuma su responsabilidad personal\u201d. De normal, ese principio est\u00e1 ya tan arraigado en la sociedad que, por educaci\u00f3n, un simple constipado lleva a anular una cena o a trabajar desde casa. Los suecos est\u00e1n acostumbrados a mantener las distancias en los transportes o espacios p\u00fablicos. El teletrabajo forma parte de su vida cotidiana. Con un 90% de internautas habituales, Suecia mantiene una desenfrenada carrera de transici\u00f3n digital, lo que facilita la aplicaci\u00f3n de las recomendaciones, as\u00ed como la supervisi\u00f3n de datos anonimizados sobre los movimientos de la poblaci\u00f3n por parte de la Agencia de Salud P\u00fablica\u202f(<a href=\"https:\/\/mail-attachment.googleusercontent.com\/attachment\/u\/3\/?ui=2&amp;ik=b96cd7c5f5&amp;attid=0.1&amp;permmsgid=msg-f:1665798267079424725&amp;th=171e1ab2b8bafad5&amp;view=att&amp;disp=inline&amp;saddbat=ANGjdJ95utKxjlTQpXZ-2KPuMfzpTKF5pkTpfuRyhP5KeCmO0FDaV9QWbGYGEeFLkKzz1yraoXbgq0BJvfSwNkmcPqAJWX8VDWssVjDvs-UItUMWHJFTLF8WjnSZtQ1zmPTS8WyaqRFis8jSmEjyd8Y3YYcq42trKqOE8VyDvjcq9OVFBsNflZLFEFZgK9ftgRzg5SDvqQ1cYEY85ttazKmV57qC-XvJQMdPKYZY-6Ef1vinyKvJVGu-AGFddqgXt78Urip26SdWOVTINpz3Ojo7BUTQqkl3X2SBTrdRLINcW6LeE2sxeAlamcdMPZtoOx4ZdBoSI4HP3_nTZJ5dnPtIqx7fe0CVid5mBjvAdXqmcM4sHwGZ8yXdkljrx4YlxQxH9gM07Jj5M6YeleO9-2rFiSwujE7MOEP8HTpP6ww2xJ38JSa1E8k8AOaG-6KnjraEmh8Fn1FjDsVoPDu6XOjlGancNTo7Cn5L0ZW4nnE_TyIdkkJ1XzXH02lhG5TNA1RzzrA_pnJbyh8iSRmnH4ktAMtbxQ1okOnx_-0isqKUg2l7lLOO-2CvjqwvmubDBgVUxt3XVXcpiEX3UWYJaS4M0-uSwygTScNivduM55NAmZdSjWo-lHCyLDc-ycQHyiW4pMfVDyON7rTus6a4QPiP8r28ZU_PbRcJbDy_D_5q2KkqCeYViTC2e_7lzjs#0.1_nb1\">1<\/a>). Del ocio a los tr\u00e1mites administrativos en l\u00ednea, pasando por las entregas a domicilio, Internet favorece el aislamiento social. Lo que parec\u00eda perjudicial en tiempos de normalidad, parece saludable en las \u00faltimas semanas.<\/p>\n\n\n\n<p>Los suecos, que conf\u00edan en sus instituciones, apoyan esta estrategia. El confinamiento total no tendr\u00e1 lugar, ya que ser\u00eda contrario a su Constituci\u00f3n, que garantiza a todos los suecos \u201clibertad para desplazarse dentro del Estado o para abandonarlo\u201d. \u201cEs importante pensar en el d\u00eda despu\u00e9s, cuando miremos en el retrovisor para ver si hemos sabido respetar las libertades y derechos fundamentales que tanto estimamos\u201d, subraya Titti Mattsson, profesora de Derecho P\u00fablico en la Universidad de Lund\u202f(<a href=\"https:\/\/mail-attachment.googleusercontent.com\/attachment\/u\/3\/?ui=2&amp;ik=b96cd7c5f5&amp;attid=0.1&amp;permmsgid=msg-f:1665798267079424725&amp;th=171e1ab2b8bafad5&amp;view=att&amp;disp=inline&amp;saddbat=ANGjdJ95utKxjlTQpXZ-2KPuMfzpTKF5pkTpfuRyhP5KeCmO0FDaV9QWbGYGEeFLkKzz1yraoXbgq0BJvfSwNkmcPqAJWX8VDWssVjDvs-UItUMWHJFTLF8WjnSZtQ1zmPTS8WyaqRFis8jSmEjyd8Y3YYcq42trKqOE8VyDvjcq9OVFBsNflZLFEFZgK9ftgRzg5SDvqQ1cYEY85ttazKmV57qC-XvJQMdPKYZY-6Ef1vinyKvJVGu-AGFddqgXt78Urip26SdWOVTINpz3Ojo7BUTQqkl3X2SBTrdRLINcW6LeE2sxeAlamcdMPZtoOx4ZdBoSI4HP3_nTZJ5dnPtIqx7fe0CVid5mBjvAdXqmcM4sHwGZ8yXdkljrx4YlxQxH9gM07Jj5M6YeleO9-2rFiSwujE7MOEP8HTpP6ww2xJ38JSa1E8k8AOaG-6KnjraEmh8Fn1FjDsVoPDu6XOjlGancNTo7Cn5L0ZW4nnE_TyIdkkJ1XzXH02lhG5TNA1RzzrA_pnJbyh8iSRmnH4ktAMtbxQ1okOnx_-0isqKUg2l7lLOO-2CvjqwvmubDBgVUxt3XVXcpiEX3UWYJaS4M0-uSwygTScNivduM55NAmZdSjWo-lHCyLDc-ycQHyiW4pMfVDyON7rTus6a4QPiP8r28ZU_PbRcJbDy_D_5q2KkqCeYViTC2e_7lzjs#0.1_nb2\">2<\/a>). A diferencia de sus vecinos n\u00f3rdicos, que han cerrado sus escuelas y fronteras, Suecia no dispone de leyes de excepci\u00f3n que permitan instaurar un estado de emergencia en tiempos de paz.<\/p>\n\n\n\n<p>No obstante, desde el mes de febrero, las autoridades actuaron. Desde que cient\u00edficos confirmaron en la revista Science que se trataba de una pandemia, m\u00e9dicos especializados de protecci\u00f3n civil o de los servicios sociales hablan casi diariamente desde el atril de la Agencia de Salud P\u00fablica. A sus voces se suma con regularidad la del primer ministro socialdem\u00f3crata Stefan L\u00f6fven, atento a las recomendaciones de los cient\u00edficos y en contacto con los diferentes l\u00edderes de los partidos. A las personas consideradas de riesgo, como las personas mayores de 70 a\u00f1os o con problemas respiratorios, se les insta a limitar sus contactos sociales y a pasearse por espacios aireados. La ayuda a la hora de realizar la compra es organizada por voluntarios. Est\u00e1 prohibido visitar a familiares en las residencias de la tercera edad. A principios de marzo, se form\u00f3 un Grupo Nacional de Lucha contra la Pandemia y se realizaron test. Aunque el n\u00famero de diagn\u00f3sticos (95 por cada 10.000 habitantes) es muy superior al de Francia, es menor que el de los dem\u00e1s pa\u00edses n\u00f3rdicos, sobre todo que el de Islandia, donde, a mediados de abril, m\u00e1s de 1 de cada 10 habitantes se hab\u00eda sometido al test. Con el correr de los d\u00edas, aparecieron delgados paneles de plexigl\u00e1s ante las cajas de las tiendas y se se\u00f1alizaron en el suelo y los pasillos los espacios destinados a las colas de espera. Tambi\u00e9n se produjo escasez de gel hidroalcoh\u00f3lico, papel higi\u00e9nico, arroz o levadura. Los eventos culturales se han cancelado para, en algunos casos, resucitar en la Red. Cuando se pasea alrededor de un lago, una sola tos hace que la gente vuelva la cabeza. Los ciudadanos de Estocolmo, normalmente de fiesta la noche del s\u00e1bado que sigue a la paga del mes, se quedan en casa.<\/p>\n\n\n\n<p>Desde principios de marzo, sesenta mil personas han sido despedidas y cien mil est\u00e1n en paro t\u00e9cnico. Semejante aumento en tan poco tiempo no se hab\u00eda visto desde 1922. El Gobierno calcula que la tasa de paro podr\u00eda pasar del 6,8% al 9%, incluso al 13% este a\u00f1o\u202f(<a href=\"https:\/\/mail-attachment.googleusercontent.com\/attachment\/u\/3\/?ui=2&amp;ik=b96cd7c5f5&amp;attid=0.1&amp;permmsgid=msg-f:1665798267079424725&amp;th=171e1ab2b8bafad5&amp;view=att&amp;disp=inline&amp;saddbat=ANGjdJ95utKxjlTQpXZ-2KPuMfzpTKF5pkTpfuRyhP5KeCmO0FDaV9QWbGYGEeFLkKzz1yraoXbgq0BJvfSwNkmcPqAJWX8VDWssVjDvs-UItUMWHJFTLF8WjnSZtQ1zmPTS8WyaqRFis8jSmEjyd8Y3YYcq42trKqOE8VyDvjcq9OVFBsNflZLFEFZgK9ftgRzg5SDvqQ1cYEY85ttazKmV57qC-XvJQMdPKYZY-6Ef1vinyKvJVGu-AGFddqgXt78Urip26SdWOVTINpz3Ojo7BUTQqkl3X2SBTrdRLINcW6LeE2sxeAlamcdMPZtoOx4ZdBoSI4HP3_nTZJ5dnPtIqx7fe0CVid5mBjvAdXqmcM4sHwGZ8yXdkljrx4YlxQxH9gM07Jj5M6YeleO9-2rFiSwujE7MOEP8HTpP6ww2xJ38JSa1E8k8AOaG-6KnjraEmh8Fn1FjDsVoPDu6XOjlGancNTo7Cn5L0ZW4nnE_TyIdkkJ1XzXH02lhG5TNA1RzzrA_pnJbyh8iSRmnH4ktAMtbxQ1okOnx_-0isqKUg2l7lLOO-2CvjqwvmubDBgVUxt3XVXcpiEX3UWYJaS4M0-uSwygTScNivduM55NAmZdSjWo-lHCyLDc-ycQHyiW4pMfVDyON7rTus6a4QPiP8r28ZU_PbRcJbDy_D_5q2KkqCeYViTC2e_7lzjs#0.1_nb3\">3<\/a>).<\/p>\n\n\n\n<p>Suecia no es un pa\u00eds excepcional en el que todo es orden y belleza. \u201cEl pa\u00eds est\u00e1 mal preparado \u2013constata Stefan L\u00f6fven\u2013. Sus reservas estrat\u00e9gicas se han vaciado paulatinamente desde la Guerra Fr\u00eda\u201d. El sistema sanitario sueco tambi\u00e9n paga el precio de treinta a\u00f1os de privatizaciones y recortes presupuestarios, con 2,2 camas de hospital por cada 1000 habitantes\u202f(<a href=\"https:\/\/mail-attachment.googleusercontent.com\/attachment\/u\/3\/?ui=2&amp;ik=b96cd7c5f5&amp;attid=0.1&amp;permmsgid=msg-f:1665798267079424725&amp;th=171e1ab2b8bafad5&amp;view=att&amp;disp=inline&amp;saddbat=ANGjdJ95utKxjlTQpXZ-2KPuMfzpTKF5pkTpfuRyhP5KeCmO0FDaV9QWbGYGEeFLkKzz1yraoXbgq0BJvfSwNkmcPqAJWX8VDWssVjDvs-UItUMWHJFTLF8WjnSZtQ1zmPTS8WyaqRFis8jSmEjyd8Y3YYcq42trKqOE8VyDvjcq9OVFBsNflZLFEFZgK9ftgRzg5SDvqQ1cYEY85ttazKmV57qC-XvJQMdPKYZY-6Ef1vinyKvJVGu-AGFddqgXt78Urip26SdWOVTINpz3Ojo7BUTQqkl3X2SBTrdRLINcW6LeE2sxeAlamcdMPZtoOx4ZdBoSI4HP3_nTZJ5dnPtIqx7fe0CVid5mBjvAdXqmcM4sHwGZ8yXdkljrx4YlxQxH9gM07Jj5M6YeleO9-2rFiSwujE7MOEP8HTpP6ww2xJ38JSa1E8k8AOaG-6KnjraEmh8Fn1FjDsVoPDu6XOjlGancNTo7Cn5L0ZW4nnE_TyIdkkJ1XzXH02lhG5TNA1RzzrA_pnJbyh8iSRmnH4ktAMtbxQ1okOnx_-0isqKUg2l7lLOO-2CvjqwvmubDBgVUxt3XVXcpiEX3UWYJaS4M0-uSwygTScNivduM55NAmZdSjWo-lHCyLDc-ycQHyiW4pMfVDyON7rTus6a4QPiP8r28ZU_PbRcJbDy_D_5q2KkqCeYViTC2e_7lzjs#0.1_nb4\">4<\/a>), es decir cuatro veces menos que Alemania y seis veces menos que Jap\u00f3n. Hospitales, centros m\u00e9dicos y residencias de ancianos sufren escasez de material y de personal sanitario formado. Como en el resto de Europa, la estrategia consiste en no saturar los servicios de salud, mientras que Ej\u00e9rcito y reservistas instalan hospitales de campa\u00f1a \u2013todav\u00eda sin utilizar a mediados de abril en Estocolmo\u2013.<\/p>\n\n\n\n<p>Aunque son minoritarias, algunas voces se han alzado reclamando el confinamiento, bas\u00e1ndose en el balance de los dem\u00e1s pa\u00edses n\u00f3rdicos. Sin embargo, a diferencia de muchos pa\u00edses, Suecia contabiliza las muertes que ocurren en las residencias de ancianos, en los hogares y en los hospitales. \u201cPosiblemente registrar\u00edamos m\u00e1s muertes si contabiliz\u00e1ramos como Suecia\u201d, reconocieron tambi\u00e9n las autoridades noruegas. Asimismo, desde el 10 de abril, el n\u00famero de nuevos casos bajaba sensiblemente, al igual que el de nuevos pacientes ingresados en unidades de cuidados intensivos\u202f(<a href=\"https:\/\/mail-attachment.googleusercontent.com\/attachment\/u\/3\/?ui=2&amp;ik=b96cd7c5f5&amp;attid=0.1&amp;permmsgid=msg-f:1665798267079424725&amp;th=171e1ab2b8bafad5&amp;view=att&amp;disp=inline&amp;saddbat=ANGjdJ95utKxjlTQpXZ-2KPuMfzpTKF5pkTpfuRyhP5KeCmO0FDaV9QWbGYGEeFLkKzz1yraoXbgq0BJvfSwNkmcPqAJWX8VDWssVjDvs-UItUMWHJFTLF8WjnSZtQ1zmPTS8WyaqRFis8jSmEjyd8Y3YYcq42trKqOE8VyDvjcq9OVFBsNflZLFEFZgK9ftgRzg5SDvqQ1cYEY85ttazKmV57qC-XvJQMdPKYZY-6Ef1vinyKvJVGu-AGFddqgXt78Urip26SdWOVTINpz3Ojo7BUTQqkl3X2SBTrdRLINcW6LeE2sxeAlamcdMPZtoOx4ZdBoSI4HP3_nTZJ5dnPtIqx7fe0CVid5mBjvAdXqmcM4sHwGZ8yXdkljrx4YlxQxH9gM07Jj5M6YeleO9-2rFiSwujE7MOEP8HTpP6ww2xJ38JSa1E8k8AOaG-6KnjraEmh8Fn1FjDsVoPDu6XOjlGancNTo7Cn5L0ZW4nnE_TyIdkkJ1XzXH02lhG5TNA1RzzrA_pnJbyh8iSRmnH4ktAMtbxQ1okOnx_-0isqKUg2l7lLOO-2CvjqwvmubDBgVUxt3XVXcpiEX3UWYJaS4M0-uSwygTScNivduM55NAmZdSjWo-lHCyLDc-ycQHyiW4pMfVDyON7rTus6a4QPiP8r28ZU_PbRcJbDy_D_5q2KkqCeYViTC2e_7lzjs#0.1_nb5\">5<\/a>).<\/p>\n\n\n\n<p>\u201cNo, la estrategia de Suecia no es la inmunidad colectiva\u201d. Durante la rueda de prensa de la Agencia de Salud P\u00fablica sueca del pasado 4 de abril, el epidemi\u00f3logo jefe Anders Tegnell fue acorralado a preguntas sobre la diferencia de resultados respecto a los pa\u00edses vecinos que seg\u00fan afirma, b\u00e1sicamente, es fruto de un desfase temporal. No obstante, a una periodista de la televisi\u00f3n finlandesa le dijo lo siguiente: \u201cPienso que todos los pa\u00edses conf\u00edan en una inmunidad colectiva. Ya que solo cuando haya muchas personas inmunizadas, la tasa de propagaci\u00f3n disminuir\u00e1 por s\u00ed sola de manera duradera\u201d\u202f(<a href=\"https:\/\/mail-attachment.googleusercontent.com\/attachment\/u\/3\/?ui=2&amp;ik=b96cd7c5f5&amp;attid=0.1&amp;permmsgid=msg-f:1665798267079424725&amp;th=171e1ab2b8bafad5&amp;view=att&amp;disp=inline&amp;saddbat=ANGjdJ95utKxjlTQpXZ-2KPuMfzpTKF5pkTpfuRyhP5KeCmO0FDaV9QWbGYGEeFLkKzz1yraoXbgq0BJvfSwNkmcPqAJWX8VDWssVjDvs-UItUMWHJFTLF8WjnSZtQ1zmPTS8WyaqRFis8jSmEjyd8Y3YYcq42trKqOE8VyDvjcq9OVFBsNflZLFEFZgK9ftgRzg5SDvqQ1cYEY85ttazKmV57qC-XvJQMdPKYZY-6Ef1vinyKvJVGu-AGFddqgXt78Urip26SdWOVTINpz3Ojo7BUTQqkl3X2SBTrdRLINcW6LeE2sxeAlamcdMPZtoOx4ZdBoSI4HP3_nTZJ5dnPtIqx7fe0CVid5mBjvAdXqmcM4sHwGZ8yXdkljrx4YlxQxH9gM07Jj5M6YeleO9-2rFiSwujE7MOEP8HTpP6ww2xJ38JSa1E8k8AOaG-6KnjraEmh8Fn1FjDsVoPDu6XOjlGancNTo7Cn5L0ZW4nnE_TyIdkkJ1XzXH02lhG5TNA1RzzrA_pnJbyh8iSRmnH4ktAMtbxQ1okOnx_-0isqKUg2l7lLOO-2CvjqwvmubDBgVUxt3XVXcpiEX3UWYJaS4M0-uSwygTScNivduM55NAmZdSjWo-lHCyLDc-ycQHyiW4pMfVDyON7rTus6a4QPiP8r28ZU_PbRcJbDy_D_5q2KkqCeYViTC2e_7lzjs#0.1_nb6\">6<\/a>).<\/p>\n\n\n\n<p>La gesti\u00f3n de la pandemia pone a prueba la cultura del consenso. Hecho hist\u00f3rico, el Gobierno minoritario \u2013que re\u00fane a socialdem\u00f3cratas y ecologistas con el apoyo sin participaci\u00f3n del Partido de Izquierda\u2013 ha obtenido poderes extraordinarios por un periodo de tres meses. Desde el 18 de abril, puede gestionar diariamente la crisis de la covid-19 sin que el Parlamento tenga m\u00e1s que un control a posteriori. Sin embargo, este modo de gobierno por decreto no implica poder absoluto: \u201cNo es posible legislar contra un virus \u2013proclama Stefan L\u00f6fven, que contin\u00faa apelando al sentido com\u00fan de la poblaci\u00f3n\u2013. La crisis va a ser larga, va a ser dif\u00edcil\u201d. Desde principios de abril, el famoso cartel \u201cSalga a aprovechar sus parques p\u00fablicos\u201d ha desaparecido de las calles.<\/p>\n\n\n\n<p>(<a href=\"https:\/\/mail-attachment.googleusercontent.com\/attachment\/u\/3\/?ui=2&amp;ik=b96cd7c5f5&amp;attid=0.1&amp;permmsgid=msg-f:1665798267079424725&amp;th=171e1ab2b8bafad5&amp;view=att&amp;disp=inline&amp;saddbat=ANGjdJ95utKxjlTQpXZ-2KPuMfzpTKF5pkTpfuRyhP5KeCmO0FDaV9QWbGYGEeFLkKzz1yraoXbgq0BJvfSwNkmcPqAJWX8VDWssVjDvs-UItUMWHJFTLF8WjnSZtQ1zmPTS8WyaqRFis8jSmEjyd8Y3YYcq42trKqOE8VyDvjcq9OVFBsNflZLFEFZgK9ftgRzg5SDvqQ1cYEY85ttazKmV57qC-XvJQMdPKYZY-6Ef1vinyKvJVGu-AGFddqgXt78Urip26SdWOVTINpz3Ojo7BUTQqkl3X2SBTrdRLINcW6LeE2sxeAlamcdMPZtoOx4ZdBoSI4HP3_nTZJ5dnPtIqx7fe0CVid5mBjvAdXqmcM4sHwGZ8yXdkljrx4YlxQxH9gM07Jj5M6YeleO9-2rFiSwujE7MOEP8HTpP6ww2xJ38JSa1E8k8AOaG-6KnjraEmh8Fn1FjDsVoPDu6XOjlGancNTo7Cn5L0ZW4nnE_TyIdkkJ1XzXH02lhG5TNA1RzzrA_pnJbyh8iSRmnH4ktAMtbxQ1okOnx_-0isqKUg2l7lLOO-2CvjqwvmubDBgVUxt3XVXcpiEX3UWYJaS4M0-uSwygTScNivduM55NAmZdSjWo-lHCyLDc-ycQHyiW4pMfVDyON7rTus6a4QPiP8r28ZU_PbRcJbDy_D_5q2KkqCeYViTC2e_7lzjs#0.1_nh1\">1<\/a>)\u202f\u201c<a href=\"https:\/\/www.folkhalsomyndigheten.se\/nyheter-och-press\/nyhetsarkiv\/2020\/april\/folkhalsomyndigheten-tar-hjalp-av-mobildata\/\" rel=\"noreferrer noopener\" target=\"_blank\">Folkh\u00e4lsomyndigheten tar hj\u00e4lp av mobildata<\/a>\u201d, sitio web de la Agencia de Salud P\u00fablica sueca, 8 de abril de 2020.<\/p>\n\n\n\n<p>(<a href=\"https:\/\/mail-attachment.googleusercontent.com\/attachment\/u\/3\/?ui=2&amp;ik=b96cd7c5f5&amp;attid=0.1&amp;permmsgid=msg-f:1665798267079424725&amp;th=171e1ab2b8bafad5&amp;view=att&amp;disp=inline&amp;saddbat=ANGjdJ95utKxjlTQpXZ-2KPuMfzpTKF5pkTpfuRyhP5KeCmO0FDaV9QWbGYGEeFLkKzz1yraoXbgq0BJvfSwNkmcPqAJWX8VDWssVjDvs-UItUMWHJFTLF8WjnSZtQ1zmPTS8WyaqRFis8jSmEjyd8Y3YYcq42trKqOE8VyDvjcq9OVFBsNflZLFEFZgK9ftgRzg5SDvqQ1cYEY85ttazKmV57qC-XvJQMdPKYZY-6Ef1vinyKvJVGu-AGFddqgXt78Urip26SdWOVTINpz3Ojo7BUTQqkl3X2SBTrdRLINcW6LeE2sxeAlamcdMPZtoOx4ZdBoSI4HP3_nTZJ5dnPtIqx7fe0CVid5mBjvAdXqmcM4sHwGZ8yXdkljrx4YlxQxH9gM07Jj5M6YeleO9-2rFiSwujE7MOEP8HTpP6ww2xJ38JSa1E8k8AOaG-6KnjraEmh8Fn1FjDsVoPDu6XOjlGancNTo7Cn5L0ZW4nnE_TyIdkkJ1XzXH02lhG5TNA1RzzrA_pnJbyh8iSRmnH4ktAMtbxQ1okOnx_-0isqKUg2l7lLOO-2CvjqwvmubDBgVUxt3XVXcpiEX3UWYJaS4M0-uSwygTScNivduM55NAmZdSjWo-lHCyLDc-ycQHyiW4pMfVDyON7rTus6a4QPiP8r28ZU_PbRcJbDy_D_5q2KkqCeYViTC2e_7lzjs#0.1_nh2\">2<\/a>)\u202f\u201c<a href=\"https:\/\/www.svt.se\/nyheter\/vetenskap\/darfor-kan-sverige-inte-utfarda-utegangsforbud\" rel=\"noreferrer noopener\" target=\"_blank\">D\u00e4rf\u00f6r kan Sverige inte utf\u00e4rda uteg\u00e5ngsf\u00f6rbud<\/a>\u201d,&nbsp;SVT&nbsp;Nyheter, Estocolmo, 2 de abril de 2020.<\/p>\n\n\n\n<p>(<a href=\"https:\/\/mail-attachment.googleusercontent.com\/attachment\/u\/3\/?ui=2&amp;ik=b96cd7c5f5&amp;attid=0.1&amp;permmsgid=msg-f:1665798267079424725&amp;th=171e1ab2b8bafad5&amp;view=att&amp;disp=inline&amp;saddbat=ANGjdJ95utKxjlTQpXZ-2KPuMfzpTKF5pkTpfuRyhP5KeCmO0FDaV9QWbGYGEeFLkKzz1yraoXbgq0BJvfSwNkmcPqAJWX8VDWssVjDvs-UItUMWHJFTLF8WjnSZtQ1zmPTS8WyaqRFis8jSmEjyd8Y3YYcq42trKqOE8VyDvjcq9OVFBsNflZLFEFZgK9ftgRzg5SDvqQ1cYEY85ttazKmV57qC-XvJQMdPKYZY-6Ef1vinyKvJVGu-AGFddqgXt78Urip26SdWOVTINpz3Ojo7BUTQqkl3X2SBTrdRLINcW6LeE2sxeAlamcdMPZtoOx4ZdBoSI4HP3_nTZJ5dnPtIqx7fe0CVid5mBjvAdXqmcM4sHwGZ8yXdkljrx4YlxQxH9gM07Jj5M6YeleO9-2rFiSwujE7MOEP8HTpP6ww2xJ38JSa1E8k8AOaG-6KnjraEmh8Fn1FjDsVoPDu6XOjlGancNTo7Cn5L0ZW4nnE_TyIdkkJ1XzXH02lhG5TNA1RzzrA_pnJbyh8iSRmnH4ktAMtbxQ1okOnx_-0isqKUg2l7lLOO-2CvjqwvmubDBgVUxt3XVXcpiEX3UWYJaS4M0-uSwygTScNivduM55NAmZdSjWo-lHCyLDc-ycQHyiW4pMfVDyON7rTus6a4QPiP8r28ZU_PbRcJbDy_D_5q2KkqCeYViTC2e_7lzjs#0.1_nh3\">3<\/a>)\u202f<em>Svenska Dagbladet<\/em>, Estocolmo, 15 de abril de 2020.<\/p>\n\n\n\n<p>(<a href=\"https:\/\/mail-attachment.googleusercontent.com\/attachment\/u\/3\/?ui=2&amp;ik=b96cd7c5f5&amp;attid=0.1&amp;permmsgid=msg-f:1665798267079424725&amp;th=171e1ab2b8bafad5&amp;view=att&amp;disp=inline&amp;saddbat=ANGjdJ95utKxjlTQpXZ-2KPuMfzpTKF5pkTpfuRyhP5KeCmO0FDaV9QWbGYGEeFLkKzz1yraoXbgq0BJvfSwNkmcPqAJWX8VDWssVjDvs-UItUMWHJFTLF8WjnSZtQ1zmPTS8WyaqRFis8jSmEjyd8Y3YYcq42trKqOE8VyDvjcq9OVFBsNflZLFEFZgK9ftgRzg5SDvqQ1cYEY85ttazKmV57qC-XvJQMdPKYZY-6Ef1vinyKvJVGu-AGFddqgXt78Urip26SdWOVTINpz3Ojo7BUTQqkl3X2SBTrdRLINcW6LeE2sxeAlamcdMPZtoOx4ZdBoSI4HP3_nTZJ5dnPtIqx7fe0CVid5mBjvAdXqmcM4sHwGZ8yXdkljrx4YlxQxH9gM07Jj5M6YeleO9-2rFiSwujE7MOEP8HTpP6ww2xJ38JSa1E8k8AOaG-6KnjraEmh8Fn1FjDsVoPDu6XOjlGancNTo7Cn5L0ZW4nnE_TyIdkkJ1XzXH02lhG5TNA1RzzrA_pnJbyh8iSRmnH4ktAMtbxQ1okOnx_-0isqKUg2l7lLOO-2CvjqwvmubDBgVUxt3XVXcpiEX3UWYJaS4M0-uSwygTScNivduM55NAmZdSjWo-lHCyLDc-ycQHyiW4pMfVDyON7rTus6a4QPiP8r28ZU_PbRcJbDy_D_5q2KkqCeYViTC2e_7lzjs#0.1_nh4\">4<\/a>)\u202fDatos de la Organizaci\u00f3n para la Cooperaci\u00f3n y el Desarrollo Econ\u00f3mico (OCDE) para 2018.<\/p>\n\n\n\n<p>(<a href=\"https:\/\/mail-attachment.googleusercontent.com\/attachment\/u\/3\/?ui=2&amp;ik=b96cd7c5f5&amp;attid=0.1&amp;permmsgid=msg-f:1665798267079424725&amp;th=171e1ab2b8bafad5&amp;view=att&amp;disp=inline&amp;saddbat=ANGjdJ95utKxjlTQpXZ-2KPuMfzpTKF5pkTpfuRyhP5KeCmO0FDaV9QWbGYGEeFLkKzz1yraoXbgq0BJvfSwNkmcPqAJWX8VDWssVjDvs-UItUMWHJFTLF8WjnSZtQ1zmPTS8WyaqRFis8jSmEjyd8Y3YYcq42trKqOE8VyDvjcq9OVFBsNflZLFEFZgK9ftgRzg5SDvqQ1cYEY85ttazKmV57qC-XvJQMdPKYZY-6Ef1vinyKvJVGu-AGFddqgXt78Urip26SdWOVTINpz3Ojo7BUTQqkl3X2SBTrdRLINcW6LeE2sxeAlamcdMPZtoOx4ZdBoSI4HP3_nTZJ5dnPtIqx7fe0CVid5mBjvAdXqmcM4sHwGZ8yXdkljrx4YlxQxH9gM07Jj5M6YeleO9-2rFiSwujE7MOEP8HTpP6ww2xJ38JSa1E8k8AOaG-6KnjraEmh8Fn1FjDsVoPDu6XOjlGancNTo7Cn5L0ZW4nnE_TyIdkkJ1XzXH02lhG5TNA1RzzrA_pnJbyh8iSRmnH4ktAMtbxQ1okOnx_-0isqKUg2l7lLOO-2CvjqwvmubDBgVUxt3XVXcpiEX3UWYJaS4M0-uSwygTScNivduM55NAmZdSjWo-lHCyLDc-ycQHyiW4pMfVDyON7rTus6a4QPiP8r28ZU_PbRcJbDy_D_5q2KkqCeYViTC2e_7lzjs#0.1_nh5\">5<\/a>)\u202fEstad\u00edsticas oficiales de la Agencia de Salud P\u00fablica sueca.<\/p>\n\n\n\n<p>(<a href=\"https:\/\/mail-attachment.googleusercontent.com\/attachment\/u\/3\/?ui=2&amp;ik=b96cd7c5f5&amp;attid=0.1&amp;permmsgid=msg-f:1665798267079424725&amp;th=171e1ab2b8bafad5&amp;view=att&amp;disp=inline&amp;saddbat=ANGjdJ95utKxjlTQpXZ-2KPuMfzpTKF5pkTpfuRyhP5KeCmO0FDaV9QWbGYGEeFLkKzz1yraoXbgq0BJvfSwNkmcPqAJWX8VDWssVjDvs-UItUMWHJFTLF8WjnSZtQ1zmPTS8WyaqRFis8jSmEjyd8Y3YYcq42trKqOE8VyDvjcq9OVFBsNflZLFEFZgK9ftgRzg5SDvqQ1cYEY85ttazKmV57qC-XvJQMdPKYZY-6Ef1vinyKvJVGu-AGFddqgXt78Urip26SdWOVTINpz3Ojo7BUTQqkl3X2SBTrdRLINcW6LeE2sxeAlamcdMPZtoOx4ZdBoSI4HP3_nTZJ5dnPtIqx7fe0CVid5mBjvAdXqmcM4sHwGZ8yXdkljrx4YlxQxH9gM07Jj5M6YeleO9-2rFiSwujE7MOEP8HTpP6ww2xJ38JSa1E8k8AOaG-6KnjraEmh8Fn1FjDsVoPDu6XOjlGancNTo7Cn5L0ZW4nnE_TyIdkkJ1XzXH02lhG5TNA1RzzrA_pnJbyh8iSRmnH4ktAMtbxQ1okOnx_-0isqKUg2l7lLOO-2CvjqwvmubDBgVUxt3XVXcpiEX3UWYJaS4M0-uSwygTScNivduM55NAmZdSjWo-lHCyLDc-ycQHyiW4pMfVDyON7rTus6a4QPiP8r28ZU_PbRcJbDy_D_5q2KkqCeYViTC2e_7lzjs#0.1_nh6\">6<\/a>)\u202f<a href=\"https:\/\/svenska.yle.fi\/\" rel=\"noreferrer noopener\" target=\"_blank\">Yle<\/a>, Helsinki, 4 de abril de 2020.<\/p>\n","protected":false},"excerpt":{"rendered":"<p>Violette Goarant Fuente: Rebeli\u00f3n Al contrario que la mayor\u00eda de pa\u00edses europeos, Suecia ha optado por un m\u00e9todo no coercitivo para contener la pandemia de la covid-19. El Gobierno preconiza restricciones de desplazamiento o contacto social, pero no impone el confinamiento total \u201cSalga a aprovechar sus parques p\u00fablicos\u201d. El cartel municipal que anuncia la primavera [&hellip;]<\/p>\n","protected":false},"author":1,"featured_media":1902,"comment_status":"open","ping_status":"open","sticky":false,"template":"","format":"standard","meta":{"footnotes":""},"categories":[5,3],"tags":[],"_links":{"self":[{"href":"http:\/\/www.movimientocaamanista.com\/index.php?rest_route=\/wp\/v2\/posts\/1901"}],"collection":[{"href":"http:\/\/www.movimientocaamanista.com\/index.php?rest_route=\/wp\/v2\/posts"}],"about":[{"href":"http:\/\/www.movimientocaamanista.com\/index.php?rest_route=\/wp\/v2\/types\/post"}],"author":[{"embeddable":true,"href":"http:\/\/www.movimientocaamanista.com\/index.php?rest_route=\/wp\/v2\/users\/1"}],"replies":[{"embeddable":true,"href":"http:\/\/www.movimientocaamanista.com\/index.php?rest_route=%2Fwp%2Fv2%2Fcomments&post=1901"}],"version-history":[{"count":1,"href":"http:\/\/www.movimientocaamanista.com\/index.php?rest_route=\/wp\/v2\/posts\/1901\/revisions"}],"predecessor-version":[{"id":1903,"href":"http:\/\/www.movimientocaamanista.com\/index.php?rest_route=\/wp\/v2\/posts\/1901\/revisions\/1903"}],"wp:featuredmedia":[{"embeddable":true,"href":"http:\/\/www.movimientocaamanista.com\/index.php?rest_route=\/wp\/v2\/media\/1902"}],"wp:attachment":[{"href":"http:\/\/www.movimientocaamanista.com\/index.php?rest_route=%2Fwp%2Fv2%2Fmedia&parent=1901"}],"wp:term":[{"taxonomy":"category","embeddable":true,"href":"http:\/\/www.movimientocaamanista.com\/index.php?rest_route=%2Fwp%2Fv2%2Fcategories&post=1901"},{"taxonomy":"post_tag","embeddable":true,"href":"http:\/\/www.movimientocaamanista.com\/index.php?rest_route=%2Fwp%2Fv2%2Ftags&post=1901"}],"curies":[{"name":"wp","href":"https:\/\/api.w.org\/{rel}","templated":true}]}}