{"id":1918,"date":"2020-05-06T22:20:08","date_gmt":"2020-05-06T22:20:08","guid":{"rendered":"http:\/\/www.movimientocaamanista.com\/?p=1918"},"modified":"2020-05-14T10:25:55","modified_gmt":"2020-05-14T10:25:55","slug":"covid-19-crisis-dudas-y-certezas","status":"publish","type":"post","link":"http:\/\/www.movimientocaamanista.com\/?p=1918","title":{"rendered":"COVID 19-CRISIS: DUDAS Y CERTEZAS"},"content":{"rendered":"\n<p>Narciso Isa Conde<\/p>\n\n\n\n<p>Entre todo lo que se dice y desdice, son muchas las incertidumbres, dudas y sospechas pendientes de respuestas y confirmaciones en el curso de esta singular mega-crisis.<\/p>\n\n\n\n<p>Entre ellas sobresalen las siguientes:<\/p>\n\n\n\n<p><strong>-Si este virus se estructur\u00f3 o no en laboratorio.<\/strong><\/p>\n\n\n\n<p><strong>-Si es o no un producto de los impactos de determinados procesos agroindustriales sobre la naturaleza no humana.<\/strong><\/p>\n\n\n\n<p><strong>-Si surgi\u00f3 en China y se expandi\u00f3, o si adem\u00e1s brot\u00f3 tambi\u00e9n aut\u00f3nomamente en otros puntos del planeta.<\/strong><\/p>\n\n\n\n<p><strong>-Si Bill Gates y otros magnates, actualmente vinculados al tema salud,&nbsp; han operado o no como inductores de \u00e9sta y otras pandemias.<\/strong><\/p>\n\n\n\n<p><strong>&#8211; Si se inscribe o no este caso en una de las vertientes de la guerra biol\u00f3gica y si al mismo tiempo su impacto se sali\u00f3 del control de sus gestores.<\/strong><\/p>\n\n\n\n<p><strong>&#8211; Si algo tiene esto que ver o no con las pugnas intestinas entre facciones del poder imperialista estadounidense y el manejo de su parte de las contradicciones derivadas de la guerra econ\u00f3mica entre determinadas superpotencias.<\/strong><\/p>\n\n\n\n<p><strong>-Si el agravamiento de la crisis de salud ser\u00e1 superada total o parcialmente, y en cuales tiempos.<\/strong><\/p>\n\n\n\n<p><strong>-Si esta pandemia es o no la expresi\u00f3n de otra fase de la crisis mundial de salud cargada de nuevas y peores amenazas.<\/strong><\/p>\n\n\n\n<p><strong>-Si se impondr\u00e1 o no, por su eficacia y ausencia de da\u00f1os colaterales significativos, uno u otro protocolo curativo o una u otra f\u00f3rmula preventiva que despejen la incertidumbre de lo desconocido y prolonguen o no su manipulaci\u00f3n para hacer grandes negocios.<\/strong><\/p>\n\n\n\n<p><strong>-Si la depresi\u00f3n de la econom\u00eda capitalista mundial y de cada uno de sus componentes ser\u00e1 de corto, mediano o largo plazo, y en cuales dimensiones y profundidades.<\/strong><\/p>\n\n\n\n<p><strong>&#8211; Si el fracasado modelo con predominio del capital financiero especulativo forzar\u00e1 a otras modalidades con m\u00e1s asiento en la econom\u00eda real y a optar por un patr\u00f3n micro-electr\u00f3nico-inform\u00e1tico-rob\u00f3tico-cibern\u00e9tico m\u00e1s generalizado y m\u00e1s vinculado a la producci\u00f3n que a la especulaci\u00f3n.<\/strong><\/p>\n\n\n\n<p><strong>&nbsp;&nbsp;&nbsp;&nbsp;&nbsp;&nbsp;&nbsp;&nbsp;&nbsp;&nbsp;&nbsp;&nbsp;&nbsp;&nbsp;&nbsp;&nbsp;&nbsp;&nbsp;&nbsp;&nbsp; &#8212;&#8212;&#8212;&#8212;&#8212;&#8212;&#8212;&#8212;&#8212;&#8212;&#8212;&#8212;&#8212;&#8212;&#8212;&#8212;&#8212;&#8212;&#8212;&#8212;&#8212;&#8212;&#8211;<\/strong><\/p>\n\n\n\n<p>Los hechos, los resultados de procesos en marcha, la prueba del acierto y el error, y el descubrimiento de no pocas cosas ocultas, no tardar\u00e1n en dar respuestas a estas dudas, sospechas e incertidumbres; independientemente del derecho de cada quien a sospechar, a marcar tendencias y formular predicciones apoyadas en ellas.<\/p>\n\n\n\n<p>Tengo las m\u00edas, que coinciden con las de pocos cr\u00edticos del sistema capitalista-imperialista, especialmente relacionadas con su actual fase de decadencia; plagada de perversiones hasta el colmo de preferir, si no se lo impedimos, morir matando a la vez a una significativa de la humanidad oprimida y excluida.<\/p>\n\n\n\n<p>\u00b7&nbsp;&nbsp;&nbsp;&nbsp;&nbsp;&nbsp;&nbsp;&nbsp;&nbsp;<strong>CONFIRMACIONES.<\/strong><\/p>\n\n\n\n<p>Pero las dudas e incertidumbres, todav\u00eda no despejadas, no anulan importantes confirmaciones y certezas, tales como estas que ahora me llegan a la mente dado lo que ha pasado en el mundo y en mi peque\u00f1o y querido terru\u00f1o en estas \u00faltimas semanas:<\/p>\n\n\n\n<p><strong>-Que la pandemia del Covid 19 paraliz\u00f3 gran parte de la econom\u00eda hasta generar una de las depresiones m\u00e1s impresionantes&nbsp; en la historia del capitalismo, evidenciando que el capital es una relaci\u00f3n social en la que las empresas y la fortunas acumuladas, aun quedando intactas, no pueden funcionar sin la fuerza f\u00edsica y mental de los\/as trabajadores\/as.<\/strong><\/p>\n\n\n\n<p><strong>-Que previamente se present\u00f3 una marcada tendencia a una nueva recesi\u00f3n econ\u00f3mica dentro del actual modelo capitalista altamente financierizado y especulativo, amenazado en convertirse en una depresi\u00f3n superior a la del 2008 y 2013.<\/strong><\/p>\n\n\n\n<p><strong>-Que en intereses de prologar la normalidad de la din\u00e1mica econ\u00f3mica y la continua obtenci\u00f3n de ganancias, la clase dominante-gobernante y la propia OMS tardaron en muchas partes del mundo en aplicar las medidas necesarias para contener la expansi\u00f3n.<\/strong><\/p>\n\n\n\n<p><strong>-Que esta pandemia desnud\u00f3 la vulnerabilidad de la restructuraci\u00f3n neoliberal del capitalismo puesta en marcha a finales del pasado siglo y la gran fragilidad provocada por la privatizaci\u00f3n de las \u00e1reas p\u00fablicas y sociales, especialmente en el campo de los sistemas de salud y seguridad social, combinada con intensos procesos de empobrecimiento humano, depredaci\u00f3n ambiental y gansterizaci\u00f3n pol\u00edtica-empresarial.<\/strong><\/p>\n\n\n\n<p><strong>&#8211; Que los Estados y gobiernos al servicio de esa estrategia del gran capital, comprometidos con el desmonte de las conquistas sociales hist\u00f3ricas del mundo del trabajo, con los voraces intereses de las burgues\u00edas transnacionales y locales, y las pr\u00e1cticas corruptas de las partidocracias, han decidido imponerles a los pueblos los costos de esta crisis, protegiendo lo acumulado y concentrando poder y &nbsp;riquezas.<\/strong><\/p>\n\n\n\n<p><strong>-Que en &nbsp;ese tenor han sido despedidos y suspendidos, despojados de sueldo y salarios, sin las compensaciones adecuadas o con precarias asistencias gubernamentales, enormes contingentes de trabajadores asalariados.<\/strong><\/p>\n\n\n\n<p><strong>-Que igualmente el mundo de la llamada econom\u00eda informal o marginal ha sido empujado a un empobrecimiento brutal; mientras la par\u00e1lisis y la tendencia a la quiebra amenaza la existencia de centenares de millones de medianas, peque\u00f1as y micro empresas. Fen\u00f3meno que se agrava en los pa\u00edses de la periferia capitalista con grandes masas de emigrantes en los pa\u00edses centrales gravemente afectados por la pandemia, forzados a disminuir las remesas.<\/strong><\/p>\n\n\n\n<p><strong>-Que no es un secreto la creciente dependencia financiera de la OMS respecto a los grandes laboratorios farmac\u00e9uticos, fundaciones y mega-empresas vinculadas a las tecnolog\u00edas de punta de las comunicaciones, inform\u00e1tica-microelectr\u00f3nica-cibern\u00e9tica-rob\u00f3tica.<\/strong><\/p>\n\n\n\n<p><strong>-Que tampoco lo es el aprovechamiento que hacen &nbsp;esas corporaciones del gran negocio de la salud, incluidos medicamentos, equipos y vacunas, y de las instalaciones sistemas electr\u00f3nicos de data, monitoreo y control empleado en estas emergencias y sus correspondientes secuelas.<\/strong><\/p>\n\n\n\n<p><strong>En todo esto se destaca el rol, tanto en el pasado reciente como en la actualidad, de figuras de magnates como Bill Gates, Georges Soros,&nbsp; Steven Rockefeller, la familia Rochielt y asociados.<\/strong><\/p>\n\n\n\n<p><strong>&#8211; Que actualmente Bill Gates est\u00e1 financiando la fase experimental de una de las vacunas anti-Covid 19 en la Universidad de Pensilvania-EEUU, que de seguro no ser\u00e1 distribuida gratuitamente.<\/strong><\/p>\n\n\n\n<p><strong>&#8211; Que llama la atenci\u00f3n como investigaciones, terapias y formulas alternativas fuera del control del capital transnacional &nbsp;-muchas de ellas con resultados promisorios y ensayos probatorios de su eficacia- son sistem\u00e1ticamente bloqueadas y marginadas, pese a que protocolos oficiales no han dado los resultados operados.<\/strong><\/p>\n\n\n\n<p><strong>&#8211; Que todo esto ha estado acompa\u00f1ado de un ambiente de miedo y un empleo de la fuerza militar-policial y sistemas de sometimiento y control que potencia el autoritarismo en un contexto que el signo cruelmente clasista de las recetas emanadas de los poderes establecidos augura justificadas rebeld\u00edas sociales e impugnaciones pol\u00edticas significativas<\/strong>.<\/p>\n\n\n\n<p><strong>-Que, aparente o reales, aparecen dos concepciones diferentes en la c\u00fapula del poder estadounidense respecto a las angustias que genera su decadencia: las de los que priorizan la globalizaci\u00f3n de sus capitales y las de quienes -aun persistiendo en su rol imperial- procuran un cierto repliegue hacia dentro de corte conservador, nacionalista y neofascista<\/strong>.<\/p>\n\n\n\n<p><strong>&#8212;&#8212;&#8212;&#8212;&#8212;&#8212;&#8212;&#8212;&#8212;&#8212;&#8212;&#8212;&#8212;&#8212;&#8212;&#8212;&#8212;&#8212;&#8212;&#8212;<\/strong><\/p>\n\n\n\n<p>Es cierto, por tanto, que todos y todas estamos azotados\/as por la misma tormenta viral, pero no andamos en iguales embarcaciones; ni lo vientos destructivos, previos y actuales del&nbsp;<strong>hurac\u00e1n capital<\/strong>, nos dan con la misma intensidad.<\/p>\n\n\n\n<p>Es cierto que el Covid infecta al pobre o al rico por igual y ha perjudicado muchas actividades econ\u00f3micas a diferentes niveles,&nbsp; pero los vol\u00famenes difieren y develan desigualdades colosales y discriminaciones grotescas. Nunca las empresas despiden a sus due\u00f1os, ni los pobres pueden hacer negocios multimillonarios con la pandemia que ha provocado y las carencias que ha generado este virus.<\/p>\n\n\n\n<p>&nbsp;Todo parece indicar que el FMI, el Banco Mundial y los Estados y gobiernos bajo control del gran capital supranacional y las burgues\u00edas locales asociadas a \u00e9l, con d\u00f3ciles y perversas partidocracias a su servicio, se preparan para una restructuraci\u00f3n y un reordenamiento de su dominio post-pandemia.<\/p>\n\n\n\n<p>Apuntan hacia cambios de modelos de acumulaci\u00f3n, productividad y preferencias en cuanto a formas de explotaci\u00f3n, expoliaci\u00f3n y saqueo, que procurar\u00e1 prolongar su crisis de decadencia, sacrificando dentro de su esfera de influencia parcial a una parte m\u00e1s grande de la humanidad y de la Madre Tierra.<\/p>\n\n\n\n<p>Pero ciertamente ese c\u00e1lculo sist\u00e9mico no tiene en cuenta las pr\u00f3ximas palabras y acciones de los pueblos compelidos por una situaci\u00f3n post pandemia inaceptable e insoportable a un progresivo proceso de insumisi\u00f3n generalizada.<\/p>\n\n\n\n<p>Nada ser\u00e1 igual que antes, ni para ellos ni para nosotros\/as.<\/p>\n\n\n\n<p>La dominaci\u00f3n pinta mucho peor y la rebeld\u00eda de pueblos mucho mayor, entre otras grandes mutaciones.<\/p>\n","protected":false},"excerpt":{"rendered":"<p>Narciso Isa Conde Entre todo lo que se dice y desdice, son muchas las incertidumbres, dudas y sospechas pendientes de respuestas y confirmaciones en el curso de esta singular mega-crisis. Entre ellas sobresalen las siguientes: -Si este virus se estructur\u00f3 o no en laboratorio. -Si es o no un producto de los impactos de determinados [&hellip;]<\/p>\n","protected":false},"author":1,"featured_media":1919,"comment_status":"open","ping_status":"open","sticky":false,"template":"","format":"standard","meta":{"footnotes":""},"categories":[20,5,16],"tags":[],"_links":{"self":[{"href":"http:\/\/www.movimientocaamanista.com\/index.php?rest_route=\/wp\/v2\/posts\/1918"}],"collection":[{"href":"http:\/\/www.movimientocaamanista.com\/index.php?rest_route=\/wp\/v2\/posts"}],"about":[{"href":"http:\/\/www.movimientocaamanista.com\/index.php?rest_route=\/wp\/v2\/types\/post"}],"author":[{"embeddable":true,"href":"http:\/\/www.movimientocaamanista.com\/index.php?rest_route=\/wp\/v2\/users\/1"}],"replies":[{"embeddable":true,"href":"http:\/\/www.movimientocaamanista.com\/index.php?rest_route=%2Fwp%2Fv2%2Fcomments&post=1918"}],"version-history":[{"count":1,"href":"http:\/\/www.movimientocaamanista.com\/index.php?rest_route=\/wp\/v2\/posts\/1918\/revisions"}],"predecessor-version":[{"id":1920,"href":"http:\/\/www.movimientocaamanista.com\/index.php?rest_route=\/wp\/v2\/posts\/1918\/revisions\/1920"}],"wp:featuredmedia":[{"embeddable":true,"href":"http:\/\/www.movimientocaamanista.com\/index.php?rest_route=\/wp\/v2\/media\/1919"}],"wp:attachment":[{"href":"http:\/\/www.movimientocaamanista.com\/index.php?rest_route=%2Fwp%2Fv2%2Fmedia&parent=1918"}],"wp:term":[{"taxonomy":"category","embeddable":true,"href":"http:\/\/www.movimientocaamanista.com\/index.php?rest_route=%2Fwp%2Fv2%2Fcategories&post=1918"},{"taxonomy":"post_tag","embeddable":true,"href":"http:\/\/www.movimientocaamanista.com\/index.php?rest_route=%2Fwp%2Fv2%2Ftags&post=1918"}],"curies":[{"name":"wp","href":"https:\/\/api.w.org\/{rel}","templated":true}]}}