{"id":1989,"date":"2020-05-12T10:17:54","date_gmt":"2020-05-12T10:17:54","guid":{"rendered":"http:\/\/www.movimientocaamanista.com\/?p=1989"},"modified":"2020-05-12T10:17:55","modified_gmt":"2020-05-12T10:17:55","slug":"capitalismo-y-crimen-contra-el-trabajo-mundial","status":"publish","type":"post","link":"http:\/\/www.movimientocaamanista.com\/?p=1989","title":{"rendered":"Capitalismo y crimen contra el trabajo mundial"},"content":{"rendered":"\n<p>Jos\u00e9 Luis Bed\u00f3n<\/p>\n\n\n\n<p>Fuente: <a href=\"https:\/\/rebelion.org\/capitalismo-y-crimen-contra-el-trabajo-mundial\/\">Rebeli\u00f3n<\/a><\/p>\n\n\n\n<p>Seg\u00fan estimaciones de la Organizaci\u00f3n Internacional del Trabajo, (OIT), 305 millones de personas perder\u00e1n en todo el mundo sus empleos a tiempo completo, a causa de las medidas de confinamiento que aplican los gobiernos para hacer frente a la pandemia del Covid-19 [1]. Adem\u00e1s 1.600 millones de trabajadores de la \u201ceconom\u00eda informal\u201d perder\u00e1n completamente sus fuentes de sustento y pasar\u00e1n del subempleo al desempleo total, en el que ya est\u00e1n m\u00e1s de 470 millones de personas. La misma organizaci\u00f3n sosten\u00eda, antes de la cat\u00e1strofe laboral desatada, que los 3.300 millones de trabajadores, que tienen empleo y remuneraci\u00f3n, no disponen de \u201cgarant\u00edas sobre condiciones de trabajo decentes ni ingresos adecuados\u201d[2].<\/p>\n\n\n\n<p>El Director general de la OIT, Guy Ryder, sostienen que \u201cPara millones de trabajadores la ausencia de ingresos equivale a falta de alimentos, de seguridad y de futuro. Millones de empresas en el mundo est\u00e1n al borde del colapso. Carecen de ahorros y de acceso al cr\u00e9dito. Estos son los verdaderos rostros del mundo del trabajo. Si no se les ayuda ahora, sencillamente perecer\u00e1n\u00bb.<\/p>\n\n\n\n<p>La organizaci\u00f3n no gubernamental Oxfam, en enero de 2020, en su informe:&nbsp;<em>Tiempo para el cuidado<\/em>, public\u00f3 que los 2.153 milmillonarios que hay en el mundo poseen m\u00e1s riqueza que 4.600 millones de personas (el 60% de la poblaci\u00f3n mundial). \u201cEn Am\u00e9rica Latina y el Caribe el 20% de la poblaci\u00f3n concentra el 83% de la riqueza. El n\u00famero de milmillonarios en la regi\u00f3n ha pasado de 27 a 104 desde el a\u00f1o 2000. En grave contraste, la pobreza extrema est\u00e1 aumentando. En 2019, 66 millones de personas, es decir, un 10,7% de la poblaci\u00f3n viv\u00eda en extrema pobreza, de acuerdo a datos de la Comisi\u00f3n Econ\u00f3mica para Am\u00e9rica Latina y el Caribe (CEPAL)\u201d.[3]<\/p>\n\n\n\n<p>La pandemia como las medidas de arresto domiciliario agudizan el desempleo y agravan una situaci\u00f3n preexistente de explotaci\u00f3n, marginalidad, desigualdad y contradicci\u00f3n social, que en el Ecuador ya alcanza los 400 mil despidos y un riesgo potencial que afectar\u00e1 a m\u00e1s de 743 mil trabajadores del sector p\u00fablico y privado, seg\u00fan un informe de la C\u00e1mara de Industrias y Producci\u00f3n.<\/p>\n\n\n\n<p>Hasta diciembre de 2019 la Encuesta Nacional de Empleo, Desmpleo y Subempleo, (Enemdu), del Instituto Nacional de Estad\u00edsticas y Censos (INEC), inform\u00f3 que alrededor de 5 millones de ecuatorianos \u201cest\u00e1n entre el desempleo y la informalidad\u201d. [4]<\/p>\n\n\n\n<p>En medio de esta tr\u00e1gica situaci\u00f3n y en flagrante contradicci\u00f3n con lo manifestado por la OIT respecto a la enfermedad del Covid-19, como una enfermedad profesional que afecta principalmente a los trabajadores y trabajadoras de la salud, entre los que habr\u00edan 1.500 contagiados y m\u00e1s de una decena de v\u00edctimas mortales en el pa\u00eds, el gobierno de Moreno, enemigo de los trabajadores, confirma su ausencia de humanidad y neuronas, y emite el 28 de abril de 2020 la resoluci\u00f3n 022 del Ministerio de Trabajo, determinando que la enfermedad del nuevo coronavirus (Covid-19) no constituye un accidente de trabajo ni una enfermedad profesional.<\/p>\n\n\n\n<p>Moreno y el estult\u00edsimo grupo de sus asesores y secretarios desoyen lo dicho por la OIT en el sentido de que el coronavirus provoca \u201cun trastorno de estr\u00e9s postraum\u00e1tico\u201d que es contra\u00eddo por exposici\u00f3n en el trabajo, y que \u00aben la medida en que los trabajadores sufran de estas afecciones y est\u00e9n incapacitados para trabajar como resultado de actividades relacionadas con el trabajo, deber\u00edan tener derecho a una indemnizaci\u00f3n monetaria, a asistencia m\u00e9dica y a los servicios conexos, seg\u00fan lo establecido en el Convenio sobre las prestaciones en caso de accidentes del trabajo y enfermedades profesionales, 1964\u00bb. Igualmente que en el caso de los familiares a cargo (c\u00f3nyuge e hijos) de la persona que muere por la enfermedad del Covid-19 contra\u00edda en el marco de actividades relacionadas con el trabajo, la OIT indica que ellos, tambi\u00e9n, tienen derecho a recibir prestaciones monetarias o una indemnizaci\u00f3n, as\u00ed como una asignaci\u00f3n o prestaci\u00f3n funeraria[5]. Esto es precisamente lo que intenta negar el gobierno a los trabajadores de la salud, considerados en la propaganda oficial como los \u201ch\u00e9roes de la patria\u201d que enfrentan a la pandemia pero que en los hechos son las primeras v\u00edctimas y no las \u00fanicas, no solo de la enfermedad sino de un r\u00e9gimen torpe como cruel, que a las puertas del primero de mayo: d\u00eda de los trabajadores, se permite tal humillaci\u00f3n.<\/p>\n\n\n\n<p>Que se recuerde hoy m\u00e1s que nunca que son las clases trabajadoras del mundo las que con su fuerza de trabajo colaborativa: f\u00edsica e intelectual crean y producen la riqueza del mundo y no el capital, que se limita a explotar y acumular injusta y ego\u00edstamente el plusvalor creado con el sudor, las l\u00e1grimas y la sangre de una vasta red social de proletarios precarizados, negados ahora incluso de los m\u00ednimos medios de subsistencia y cobertura de sus necesidades, como queda demostrado en la historia y en estas semanas de encierro forzado de millones de trabajadores en todo el mundo con la excusa de la pandemia del Covid-19.<\/p>\n\n\n\n<p>Como lo descubri\u00f3 con profundidad Marx: El capital considera al trabajador y su fuerza de trabajo una \u201cmercanc\u00eda especial\u201d (una cosa y no un ser humano) que al ser consumida en el proceso de producci\u00f3n, produce m\u00e1s valor que lo que ella misma vale, produce plus valor que se apropia el capitalista. El trabajador que no tiene otra cosa que vender, vende su fuerza de trabajo en el mercado, a cambio de un precio que es el salario, que el capitalista paga para que la mercanc\u00eda especial pueda reproducirse, paga como a toda mercanc\u00eda, por el tiempo de trabajo socialmente necesario que se necesita para producirla, seg\u00fan las condiciones t\u00e9cnicas de cada \u00e9poca y lugar. Es decir, que el capitalista fija a su gusto y saz\u00f3n los bienes de subsistencia como comida, ropa y vivienda que supone son necesarias para el trabajador y su familia. El capitalista calcula cu\u00e1nto necesita el obrero para vivir, con el objetivo de que cada d\u00eda ese obrero vuelva a trabajar y producir con un salario que es aparentemente \u201cigual\u201d al trabajo realizado.<\/p>\n\n\n\n<p>En esto consiste la explotaci\u00f3n del hombre por el hombre, del trabajador por el capitalista, la lucha de clases est\u00e1 viva y lo impregna todo, incluso la pandemia y el encierro, que no es igual para todos, es desesperaci\u00f3n para quienes sienten hambre y siempre tienen necesidades insatisfechas.<\/p>\n\n\n\n<p>La relaci\u00f3n de dominaci\u00f3n Amo-Esclavo desarrollada por Hegel define que \u201chay amos y hay siervos porque en unos el esp\u00edritu de dominaci\u00f3n es m\u00e1s fuerte que su miedo a morir en la lucha por el reconocimiento.&nbsp;<em>Si el siervo se constituye en tanto siervo por su miedo a morir es porque el amo se constituye en tanto amo por su decisi\u00f3n de matar<\/em>. La pulsi\u00f3n de muerte le es esencial al esp\u00edritu de dominaci\u00f3n\u201d.[6]<\/p>\n\n\n\n<p>Ahora que el miedo a la pandemia est\u00e1 demasiado inflado por los medios masivos, los gobiernos y sus fuerzas represivas normativas, policiales y militares, ahora que \u201chay un gran desorden bajo el cielo, la situaci\u00f3n es excelente\u201d habr\u00eda repetido Mao Zedong.<\/p>\n\n\n\n<p>La reclusi\u00f3n obligatoria del toque de queda no deber\u00eda ser suficiente no solo para protestar y denunciar el crimen masivo del desempleo y el subempleo, sino deber\u00eda ser el detonante de una gigantesca rebeli\u00f3n global en contra de las condiciones opresivas. Es la hora del \u201cesp\u00edritu emancipatorio radical\u201d como dir\u00eda Slavoj Zizek, que sue\u00f1e e imagine \u201cun mundo posible y mejor al igual que realizable\u201d, como dec\u00eda Lenin. Lo mismo que en t\u00e9rminos de Lacan, deber\u00edamos reconocer la situaci\u00f3n presente como el momento de la \u201cinconsistencia del gran otro [que] abre el espacio para el acto\u201d.[7]<\/p>\n\n\n\n<p><strong>Notas<\/strong><\/p>\n\n\n\n<p>1)&nbsp;<a href=\"https:\/\/actualidad.rt.com\/actualidad\/351587-alertan-300-millones-perderan-trabajo-covid\">https:\/\/actualidad.rt.com\/actualidad\/351587-alertan-300-millones-perderan-trabajo-covid<\/a><\/p>\n\n\n\n<p>2) ttps:\/\/www.americaeconomia.com\/economia-mercados\/finanzas\/la-oit-preve-que-el-numero-de-desempleados-aumente-en-25m-en-el-mundo.<\/p>\n\n\n\n<p>3)&nbsp;<a href=\"https:\/\/www.oxfam.org\/es\/notas-prensa\/los-milmillonarios-del-mundo-poseen-mas-riqueza-que-4600-millones-de-personas\">https:\/\/www.oxfam.org\/es\/notas-prensa\/los-milmillonarios-del-mundo-poseen-mas-riqueza-que-4600-millones-de-personas<\/a><\/p>\n\n\n\n<p>4)&nbsp;<a href=\"https:\/\/www.elcomercio.com\/actualidad\/emergencia-covid19-riesgo-ecuador.html\">https:\/\/www.elcomercio.com\/actualidad\/emergencia-covid19-riesgo-ecuador.html<\/a><\/p>\n\n\n\n<p>5)&nbsp;<a href=\"https:\/\/www.vistazo.com\/seccion\/pais\/politica-nacional\/ministerio-de-trabajo-resuelve-que-el-covid-19-no-es-un-accidente-de\">https:\/\/www.vistazo.com\/seccion\/pais\/politica-nacional\/ministerio-de-trabajo-resuelve-que-el-covid-19-no-es-un-accidente-de<\/a><\/p>\n\n\n\n<p>6) Feinmann, Jos\u00e9 Pablo,&nbsp;<em>Filosof\u00eda Pol\u00edtica del poder medi\u00e1tico<\/em>, Ed. Planeta, 2013, p.20.<\/p>\n\n\n\n<p>7) Zizek Slavoj,&nbsp;<em>Viviendo el final de los tiempos<\/em>, Ed. Akal, 2012, p.26.<\/p>\n","protected":false},"excerpt":{"rendered":"<p>Jos\u00e9 Luis Bed\u00f3n Fuente: Rebeli\u00f3n Seg\u00fan estimaciones de la Organizaci\u00f3n Internacional del Trabajo, (OIT), 305 millones de personas perder\u00e1n en todo el mundo sus empleos a tiempo completo, a causa de las medidas de confinamiento que aplican los gobiernos para hacer frente a la pandemia del Covid-19 [1]. Adem\u00e1s 1.600 millones de trabajadores de la [&hellip;]<\/p>\n","protected":false},"author":1,"featured_media":1990,"comment_status":"open","ping_status":"open","sticky":false,"template":"","format":"standard","meta":{"footnotes":""},"categories":[5,3],"tags":[],"_links":{"self":[{"href":"http:\/\/www.movimientocaamanista.com\/index.php?rest_route=\/wp\/v2\/posts\/1989"}],"collection":[{"href":"http:\/\/www.movimientocaamanista.com\/index.php?rest_route=\/wp\/v2\/posts"}],"about":[{"href":"http:\/\/www.movimientocaamanista.com\/index.php?rest_route=\/wp\/v2\/types\/post"}],"author":[{"embeddable":true,"href":"http:\/\/www.movimientocaamanista.com\/index.php?rest_route=\/wp\/v2\/users\/1"}],"replies":[{"embeddable":true,"href":"http:\/\/www.movimientocaamanista.com\/index.php?rest_route=%2Fwp%2Fv2%2Fcomments&post=1989"}],"version-history":[{"count":1,"href":"http:\/\/www.movimientocaamanista.com\/index.php?rest_route=\/wp\/v2\/posts\/1989\/revisions"}],"predecessor-version":[{"id":1991,"href":"http:\/\/www.movimientocaamanista.com\/index.php?rest_route=\/wp\/v2\/posts\/1989\/revisions\/1991"}],"wp:featuredmedia":[{"embeddable":true,"href":"http:\/\/www.movimientocaamanista.com\/index.php?rest_route=\/wp\/v2\/media\/1990"}],"wp:attachment":[{"href":"http:\/\/www.movimientocaamanista.com\/index.php?rest_route=%2Fwp%2Fv2%2Fmedia&parent=1989"}],"wp:term":[{"taxonomy":"category","embeddable":true,"href":"http:\/\/www.movimientocaamanista.com\/index.php?rest_route=%2Fwp%2Fv2%2Fcategories&post=1989"},{"taxonomy":"post_tag","embeddable":true,"href":"http:\/\/www.movimientocaamanista.com\/index.php?rest_route=%2Fwp%2Fv2%2Ftags&post=1989"}],"curies":[{"name":"wp","href":"https:\/\/api.w.org\/{rel}","templated":true}]}}