{"id":1998,"date":"2020-05-12T11:05:33","date_gmt":"2020-05-12T11:05:33","guid":{"rendered":"http:\/\/www.movimientocaamanista.com\/?p=1998"},"modified":"2020-05-12T11:05:36","modified_gmt":"2020-05-12T11:05:36","slug":"el-exito-cubano-con-la-covid-19-explicado-desde-dentro","status":"publish","type":"post","link":"http:\/\/www.movimientocaamanista.com\/?p=1998","title":{"rendered":"El \u00e9xito cubano con la Covid-19, explicado desde dentro"},"content":{"rendered":"\n<p>Andreu Arnils<\/p>\n\n\n\n<p>Fuente: <a href=\"https:\/\/kaosenlared.net\/el-exito-cubano-con-la-covid-19-explicado-desde-dentro\/\">Kaos en la Red<\/a><\/p>\n\n\n\n<p>Cuba es uno de los pa\u00edses del mundo con uno de los sistemas sanitarios m\u00e1s reconocidos, y durante la pandemia de la Covid-19 se ha vuelto a demostrar. Las&nbsp;<a href=\"https:\/\/www.worldometers.info\/coronavirus\/\">cifras<\/a>&nbsp;los avalan: ayer ten\u00eda 67 muertos y una proporci\u00f3n de 6 por cada mill\u00f3n de habitantes. Mucho mejor que Portugal (102) y Alemania (81) y ya no hablamos de Suecia (265), los EE. UU. (205) o el estado espa\u00f1ol (540 por cada mill\u00f3n). En Cuba 6. La media mundial, 31. Y en Espa\u00f1a 540. A ra\u00edz de su prestigio ya hace a\u00f1os que los cubanos tienen 28.000 m\u00e9dicos en misiones internacionales, y durante la epidemia actual&nbsp;<a href=\"https:\/\/www.diariandorra.ad\/noticies\/entrevista\/2020\/04\/12\/ajudarem_que_els_pacients_puguin_recuperar_mes_rapid_159648_1132.html\">un equipo fue<\/a>&nbsp;hasta Andorra a colaborar. El Estado espa\u00f1ol no permiti\u00f3 que una parte llegara al Pa\u00eds Valenci\u00e0 y Catalunya, como se hab\u00eda pedido.<\/p>\n\n\n\n<p>Las diferencias ya se ven con los largos y detallados informes m\u00e9dicos publicados por el ministerio cubano. Seg\u00fan el&nbsp;<a href=\"https:\/\/salud.msp.gob.cu\/?p=5068\">informe<\/a>&nbsp;del 2 de mayo, muri\u00f3 una persona, tienen 2.744 ingresadas en los hospitales y 6.515 las vigilan desde casa. Estos informes explican, sin dar nombres, caso a caso. Los cr\u00edticos, los graves, y los fallecidos. Todos. Por ejemplo, el fallecido del informe citado se explica as\u00ed:<\/p>\n\n\n\n<p>\u00abHa fallecido ciudadano cubano de cincuenta y ocho a\u00f1os, procedente del Centro de Protecci\u00f3n Social, del municipio Cotorro. Presentaba antecedentes patol\u00f3gicos personales de alcoholismo, dolencia pulmonar obstructiva cr\u00f3nica. Ingres\u00f3 porque presentaba diarreas y decaimiento. En el examen f\u00edsico, se constat\u00f3 marcado deterioro f\u00edsico y nutricional, presencia de sibilantes en ambos campos pulmonares, estabilidad hemodin\u00e1mica. Present\u00f3 de manera repentina disnea intensa, bradicardia, hipotensi\u00f3n y cianosis. Ha tenido una parada cardiorespiratoria, se han hecho maniobras de reanimaci\u00f3n cardiopulmonar que no han estado efectivas. Lamentamos profundamente los hechos y transmitimos a los familiares y amigos nuestros condolencias m\u00e1s sinceras.\u00bb<\/p>\n\n\n\n<p>Uno por uno, cr\u00edticos, graves y positivos de Covid-19 son explicados en los informes diarios. Inimaginable en nuestra tierra.<\/p>\n\n\n\n<p><strong>\u2018Nosotros somos fuertes en la prevenci\u00f3n\u2019<\/strong><\/p>\n\n\n\n<p>Hace pocos d\u00edas el ministerio de salud cubano inform\u00f3 de los&nbsp;<a href=\"https:\/\/www.cubacute.com\/2020\/04\/21\/kaletra-interferon-y-cloroquina-los-tres-medicamentos-que-utiliza-cuba-para-combatir-el-coronavirus\/\">tres medicamentos<\/a>&nbsp;que usa en los casos m\u00e1s graves. Son el antirretroviral Kaletra, el Interferon Alfa-2b y la cloroquina. Pero la gran fortaleza del sistema cubano no es la tecnolog\u00eda punta o los recursos. Es la salud p\u00fablica, la medicina de base y la prevenci\u00f3n. Lo explica a VilaWeb la doctora Tania Gonz\u00e1lez V\u00e1zquez, m\u00e9dica de Atenci\u00f3n Primaria en el barrio del Vedado de La Habana, y durante veinte a\u00f1os profesora en la Universidad de Ciencias M\u00e9dicas a la Escuela Latinoamericana. \u2018Nosotros en Cuba somos fuertes en la prevenci\u00f3n, y con la Covid-19 esto nos ha ayudado mucho. Usamos medicamentos monoclonales o incluso homeopat\u00eda, unas gotas sublinguales que estimulan el sistema inmunol\u00f3gico y que ya us\u00e1bamos para el dengue. Hacemos terapia anticipatoria para evitar que los pacientes empeoren, usamos retrovirales, antibi\u00f3ticos, y el Interferon Alfa 2B por v\u00eda intramuscular. Tambi\u00e9n oseltamivir. Todo esto ayuda a prevenir. Porque parte del \u00e9xito es que no esperamos que est\u00e9n graves. En Cuba no tenemos recursos, y con el bloqueo, todav\u00eda menos; la situaci\u00f3n se ha agravado. Pero tenemos formaci\u00f3n y estamos avezados a trabajar sin recursos. Es la poblaci\u00f3n, por ejemplo, la que ha hecho las mascarillas de tres capas de tela, gruesas. En cambio, de guantes, a veces vamos escasos.\u2019<\/p>\n\n\n\n<p>La doctora Gonz\u00e1lez trabaja en la policl\u00ednica Corinthia, en La Habana, que cubre a 22.000 personas con 23 consultorios. Ella personalmente atiende 1.033 personas, de las cuales 342 son personas mayores, repartidas en 417 familias: \u2018Hemos dividido las policl\u00ednicas en dos zonas: una para enfermos con problemas respiratorios y otra para las otras dolencias. Las dos zonas no se comunican. En la nuestra hemos tenido nueve casos y dos muertos\u201d.<\/p>\n\n\n\n<p><strong>\u2018Quedarme en Cuba ha sido buena idea\u2019<\/strong><\/p>\n\n\n\n<p>Lena Sol\u00e0 Nogu\u00e9, nacida en Barcelona, reside en Cuba largas temporadas desde el a\u00f1o 2015 porque trabaja en el estudio del artista pl\u00e1stico Wilfredo Prieto. Hace semanas tuvo que decidir si se quedaba a pasar la pandemia o volv\u00eda a Catalunya: \u2018Al final decid\u00ed quedarme aqu\u00ed y creo que ha sido una buena idea,\u2019 afirma en declaraciones a VilaWeb. \u2018La vivo mucho m\u00e1s relajada que vosotros. Veo que hay un control bastante m\u00e1s afinado aqu\u00ed que no el descontrol que he visto de los gobiernos europeos. Cuba falla en muchos casos, pero en momentos de crisis o emergencias es un pa\u00eds que da buenos resultados. Lo ves con ciclones o huracanes, con pocos difuntos, y ahora se ha vuelto a ver. Bajo esta apariencia de la ruina, la sanidad funciona. De otro modo, pero funcionan. Aqu\u00ed la gente tiene mucho m\u00e1s conocimiento m\u00e9dico b\u00e1sico que nosotros. La poblaci\u00f3n, en general, est\u00e1 m\u00e1s informada\u2019<\/p>\n\n\n\n<p>Estos son algunos aspectos claves del \u00e9xito de la gesti\u00f3n de la Covid-19 en la isla.<\/p>\n\n\n\n<p><strong>Confinamiento.<\/strong><\/p>\n\n\n\n<p>\u2018La gente est\u00e1 obligada a estar en casa, y si sales por necesidad tienes que ir con mascarilla. Por otra parte, hay barrios, o edificios aislados. No se puede entrar ni se puede salir y los controla la polic\u00eda. La gente cumple el confinamiento. Tenemos de todo, porque no se tiene percepci\u00f3n de riesgo. Pasa siempre. Todo el mundo cree que \u201ca m\u00ed no me tocar\u00e1\u201d,\u2019 dice la doctora Gonz\u00e1lez. \u2018Encuentro que en Barcelona se hizo muy tarde el confinamiento, y aqu\u00ed realmente con solo cuatro casos ya se empezaron a cerrar cosas,\u2019 dice Lena Sol\u00e0. \u2018Pero incluso antes de que lo dijeran las autoridades. Todo el mundo se adelant\u00f3. La gente pidi\u00f3 que cerraran la escuela antes de que lo pidieran las autoridades. Camiones con meg\u00e1fonos avisan de evitar salidas innecesarias y controlan que todo el mundo lleve mascarilla o vaya en grupo. La mayor\u00eda no puede ir a trabajar.\u2019<\/p>\n\n\n\n<p><strong>Ni\u00f1os<\/strong><\/p>\n\n\n\n<p>\u2018Los ni\u00f1os tienen que estar en casa y reciben las clases por televisi\u00f3n. De 8.00 a 9.00 dan clases de un curso, de 9.00 a 10.00 otro, y etc\u00e9tera. Y as\u00ed pueden seguir las clases. A pesar de que cada vez hay m\u00e1s personas que usan el m\u00f3vil, y que con los datos muy a menudo se accede en internet, es sobre todo la televisi\u00f3n la que funciona. Todo el mundo la sigue. Y los ni\u00f1os, estos d\u00edas, siguen el curso por la televisi\u00f3n,\u2019 dice Lena Sol\u00e0.<\/p>\n\n\n\n<p><strong>Pesquisas<\/strong><\/p>\n\n\n\n<p>\u2018Vayamos a las casas de la gente, porque no todo el mundo tiene m\u00f3vil o tel\u00e9fono y, sin entrar, les preguntamos si tienen s\u00edntomas, malestar, cu\u00e1ntas personas viven, si hay personas mayores o si han estado en contacto con casos confirmados. Casa por casa. Lo hacemos en toda la poblaci\u00f3n. Es mucha gente y para eso se han movilizado estudiantes de enfermer\u00eda. Pero tambi\u00e9n la poblaci\u00f3n que ha perdido el trabajo. Yo, por ejemplo, con un trabajador de una empresa de telef\u00f3nica y un profesor universitario. Los dos me ayudan con las pesquisas. La universidad y la empresa de telef\u00f3nica les paga el 60% del sueldo, pero trabajan conmigo, no con ellos,\u2019 dice la doctora.<\/p>\n\n\n\n<p><strong>Centros de aislamiento<\/strong><\/p>\n\n\n\n<p>\u2018Junto con la atenci\u00f3n primaria y los hospitales, existen centros de aislamiento. Algunos son hoteles peque\u00f1os o escuelas que se han habilitado. Aqu\u00ed va gente que no tiene s\u00edntomas, pero que sabemos que han estado en contacto con enfermos. O en contacto con personas no infectadas pero que han estado en contacto con casos confirmados. Los aislamos catorce d\u00edas en celdas de dos personas y les hacemos seguimiento. Si muestran s\u00edntomas, se van al hospital. Y, si no, cuando salen del centro de aislamiento yo les hago seguimiento en su casa\u2019, dice la doctora.<\/p>\n\n\n\n<p><strong>Hospitales<\/strong><\/p>\n\n\n\n<p>\u2018Hemos empezado a usar plasma de pacientes recuperados y se usa con pacientes muy graves y da buenos resultados. Ya lo hac\u00edamos con el \u00c9bola\u2019 dice la doctora.<\/p>\n\n\n\n<p><strong>Aeropuertos<\/strong><\/p>\n\n\n\n<p>\u2018A todo el mundo que entraba al pa\u00eds le tom\u00e1bamos la temperatura y lo ingres\u00e1bamos catorce d\u00edas en los centros de aislamiento. Tuviera s\u00edntomas o no. Y con vigilancia diaria. Y a los mayores de sesenta a\u00f1os les d\u00e1bamos estimulador de las c\u00e9lulas. Cuando les damos el alta a los viajeros les hacemos un seguimiento en su casa,\u2019 afirma la doctora. \u2018Los cubanos, cuando entran, antes de coger la maleta, tienen que pasar por un control m\u00e9dico: despu\u00e9s lo env\u00edan a un consultorio. Esto ha pasado siempre, no es de ahora. Cada vez que entraban, antes de recoger las maletas, explicaban donde hab\u00edan estado\u2019, concluye Lena Sol\u00e0 Nogu\u00e9.<\/p>\n","protected":false},"excerpt":{"rendered":"<p>Andreu Arnils Fuente: Kaos en la Red Cuba es uno de los pa\u00edses del mundo con uno de los sistemas sanitarios m\u00e1s reconocidos, y durante la pandemia de la Covid-19 se ha vuelto a demostrar. Las&nbsp;cifras&nbsp;los avalan: ayer ten\u00eda 67 muertos y una proporci\u00f3n de 6 por cada mill\u00f3n de habitantes. Mucho mejor que Portugal [&hellip;]<\/p>\n","protected":false},"author":1,"featured_media":1999,"comment_status":"open","ping_status":"open","sticky":false,"template":"","format":"standard","meta":{"footnotes":""},"categories":[5,3],"tags":[],"_links":{"self":[{"href":"http:\/\/www.movimientocaamanista.com\/index.php?rest_route=\/wp\/v2\/posts\/1998"}],"collection":[{"href":"http:\/\/www.movimientocaamanista.com\/index.php?rest_route=\/wp\/v2\/posts"}],"about":[{"href":"http:\/\/www.movimientocaamanista.com\/index.php?rest_route=\/wp\/v2\/types\/post"}],"author":[{"embeddable":true,"href":"http:\/\/www.movimientocaamanista.com\/index.php?rest_route=\/wp\/v2\/users\/1"}],"replies":[{"embeddable":true,"href":"http:\/\/www.movimientocaamanista.com\/index.php?rest_route=%2Fwp%2Fv2%2Fcomments&post=1998"}],"version-history":[{"count":1,"href":"http:\/\/www.movimientocaamanista.com\/index.php?rest_route=\/wp\/v2\/posts\/1998\/revisions"}],"predecessor-version":[{"id":2000,"href":"http:\/\/www.movimientocaamanista.com\/index.php?rest_route=\/wp\/v2\/posts\/1998\/revisions\/2000"}],"wp:featuredmedia":[{"embeddable":true,"href":"http:\/\/www.movimientocaamanista.com\/index.php?rest_route=\/wp\/v2\/media\/1999"}],"wp:attachment":[{"href":"http:\/\/www.movimientocaamanista.com\/index.php?rest_route=%2Fwp%2Fv2%2Fmedia&parent=1998"}],"wp:term":[{"taxonomy":"category","embeddable":true,"href":"http:\/\/www.movimientocaamanista.com\/index.php?rest_route=%2Fwp%2Fv2%2Fcategories&post=1998"},{"taxonomy":"post_tag","embeddable":true,"href":"http:\/\/www.movimientocaamanista.com\/index.php?rest_route=%2Fwp%2Fv2%2Ftags&post=1998"}],"curies":[{"name":"wp","href":"https:\/\/api.w.org\/{rel}","templated":true}]}}