{"id":2017,"date":"2020-05-14T23:10:47","date_gmt":"2020-05-14T23:10:47","guid":{"rendered":"http:\/\/www.movimientocaamanista.com\/?p=2017"},"modified":"2020-05-14T23:10:54","modified_gmt":"2020-05-14T23:10:54","slug":"en-marcha-la-constitucion-de-una-internacional-progresista-impulsada-por-chomsky-varoufakis-y-naomi-klein-entre-otros","status":"publish","type":"post","link":"http:\/\/www.movimientocaamanista.com\/?p=2017","title":{"rendered":"En marcha la constituci\u00f3n de una \u2018Internacional Progresista\u2019 impulsada por Chomsky, Varoufakis y Naomi Klein entre otros"},"content":{"rendered":"\n<p>Kaos. Internacional<\/p>\n\n\n\n<p>Fuente: <a href=\"https:\/\/kaosenlared.net\/en-marcha-la-constitucion-de-una-internacional-progresista-impulsada-por-chomsky-varoufakis-o-naomi-klein-entre-otros\/\">Kaos en la Red<\/a><\/p>\n\n\n\n<p>El movimiento democr\u00e1tico paneuropeo transfronterizo, DiEM25, y el Instituto Sanders, fundado en 2017 por Jane Sanders, dieron a luz este lunes a la Internacional Progresista, una organizaci\u00f3n avalada por m\u00e1s de 40 intelectuales de todo el mundo, entre los que destacan Noam Chomsky, Naomi Klein, Yanis Varoufakis o Fernando Haddad entre otros.<\/p>\n\n\n\n<p>Los impulsores de la Internacional Progresista afirman que la crisis sanitaria provocada por el coronavirus y la subsiguiente crisis econ\u00f3mica hacen obligatorio que las fuerzas progresistas del mundo se unan&nbsp;para defender y sostener un Estado de bienestar, los derechos laborales y la cooperaci\u00f3n entre pa\u00edses, adem\u00e1s de consolidar un mundo m\u00e1s democr\u00e1tico, igualitario, ecologista, pac\u00edfico y en el que prime la econom\u00eda colaborativa.<\/p>\n\n\n\n<p>La idea es simple: \u201cfomentar la uni\u00f3n,&nbsp;coordinaci\u00f3n y movilizaci\u00f3n de activistas, asociaciones, sindicatos, movimientos sociales y partidos en defensa de la democracia, la solidaridad, la igualdad y la sostenibilidad\u201d, y&nbsp; \u201cfrenar el avance del autoritarismo\u201d.<\/p>\n\n\n\n<p>El Movimiento pretende ser punto de encuentro entre activistas y organizadores de todo el mundo para compartir recursos, intercambiar herramientas, organizar acciones que trascienden las fronteras y hacer que la solidaridad sea m\u00e1s que un mero eslogan.<\/p>\n\n\n\n<p>El proyecto arranc\u00f3 este lunes con el lanzamiento de su&nbsp;<a href=\"https:\/\/progressive.international\/\" target=\"_blank\" rel=\"noreferrer noopener\">web<\/a>&nbsp;, donde cualquiera puede inscribirse como miembro, y cuenta con el apoyo de m\u00e1s de 40 intelectuales de toda \u00edndole y condici\u00f3n, desde escritores hasta pol\u00edticos.<\/p>\n\n\n\n<p>Financiado exclusivamente con aportes individuales de sus miembros y donaciones, la Internacional Progresista tiene previsto celebrar un congreso en Reikiavik organizado por el partido de Jakobsd\u00f3ttir, el Movimiento de Izquierda-Verde donde planificar todas las acciones del a\u00f1o.<\/p>\n\n\n\n<p>Seg\u00fan la visi\u00f3n de la Progresista Internacional, aspira a un mundo:<\/p>\n\n\n\n<ul><li><strong>Democr\u00e1tico<\/strong>, donde el pueblo tenga el poder de dar forma a sus instituciones y sociedades.<\/li><li><strong>Descolonizado<\/strong>, donde todas las naciones determinen su destino colectivo libres de opresi\u00f3n.<\/li><li><strong>Justo<\/strong>, que repare la desigualdad en nuestras sociedades y los legados de nuestra historia.<\/li><li><strong>Igualitario<\/strong>, que sirva los intereses de muchas y no s\u00f3lo de pocas personas.<\/li><li><strong>Liberados<\/strong>, donde todas las identidades disfruten los mismos derechos, el reconocimiento, y poder.<\/li><li><strong>Solidario<\/strong>, donde la lucha de cada uno sea la lucha de todas y todos.<\/li><li><strong>Sostenible<\/strong>, que respete los l\u00edmites planetarios y proteja a las comunidades en primera l\u00ednea.<\/li><li><strong>Ecol\u00f3gico<\/strong>, que ponga a los seres humanos en armon\u00eda con su h\u00e1bitat.<\/li><li><strong>Pac\u00edfico<\/strong>, donde la violencia de la guerra sea sustituida con la diplomacia de los pueblos.<\/li><li><strong>Poscapitalista<\/strong>, que recompense todas formas laborales mientras se elimina el culto de trabajo.<\/li><li><strong>Pr\u00f3spero<\/strong>, que invierta en un futuro dichoso de abundancia compartida.<\/li><li><strong>Pluralista<\/strong>, donde la diferencia sea celebrada como una fortaleza.<\/li><\/ul>\n","protected":false},"excerpt":{"rendered":"<p>Kaos. Internacional Fuente: Kaos en la Red El movimiento democr\u00e1tico paneuropeo transfronterizo, DiEM25, y el Instituto Sanders, fundado en 2017 por Jane Sanders, dieron a luz este lunes a la Internacional Progresista, una organizaci\u00f3n avalada por m\u00e1s de 40 intelectuales de todo el mundo, entre los que destacan Noam Chomsky, Naomi Klein, Yanis Varoufakis o [&hellip;]<\/p>\n","protected":false},"author":1,"featured_media":2018,"comment_status":"open","ping_status":"open","sticky":false,"template":"","format":"standard","meta":{"footnotes":""},"categories":[5,3],"tags":[],"_links":{"self":[{"href":"http:\/\/www.movimientocaamanista.com\/index.php?rest_route=\/wp\/v2\/posts\/2017"}],"collection":[{"href":"http:\/\/www.movimientocaamanista.com\/index.php?rest_route=\/wp\/v2\/posts"}],"about":[{"href":"http:\/\/www.movimientocaamanista.com\/index.php?rest_route=\/wp\/v2\/types\/post"}],"author":[{"embeddable":true,"href":"http:\/\/www.movimientocaamanista.com\/index.php?rest_route=\/wp\/v2\/users\/1"}],"replies":[{"embeddable":true,"href":"http:\/\/www.movimientocaamanista.com\/index.php?rest_route=%2Fwp%2Fv2%2Fcomments&post=2017"}],"version-history":[{"count":1,"href":"http:\/\/www.movimientocaamanista.com\/index.php?rest_route=\/wp\/v2\/posts\/2017\/revisions"}],"predecessor-version":[{"id":2019,"href":"http:\/\/www.movimientocaamanista.com\/index.php?rest_route=\/wp\/v2\/posts\/2017\/revisions\/2019"}],"wp:featuredmedia":[{"embeddable":true,"href":"http:\/\/www.movimientocaamanista.com\/index.php?rest_route=\/wp\/v2\/media\/2018"}],"wp:attachment":[{"href":"http:\/\/www.movimientocaamanista.com\/index.php?rest_route=%2Fwp%2Fv2%2Fmedia&parent=2017"}],"wp:term":[{"taxonomy":"category","embeddable":true,"href":"http:\/\/www.movimientocaamanista.com\/index.php?rest_route=%2Fwp%2Fv2%2Fcategories&post=2017"},{"taxonomy":"post_tag","embeddable":true,"href":"http:\/\/www.movimientocaamanista.com\/index.php?rest_route=%2Fwp%2Fv2%2Ftags&post=2017"}],"curies":[{"name":"wp","href":"https:\/\/api.w.org\/{rel}","templated":true}]}}