{"id":2073,"date":"2020-05-20T11:31:47","date_gmt":"2020-05-20T11:31:47","guid":{"rendered":"http:\/\/www.movimientocaamanista.com\/?p=2073"},"modified":"2020-05-20T21:04:28","modified_gmt":"2020-05-20T21:04:28","slug":"elon-musk-un-heroe-fallido","status":"publish","type":"post","link":"http:\/\/www.movimientocaamanista.com\/?p=2073","title":{"rendered":"Elon Musk, un h\u00e9roe fallido"},"content":{"rendered":"\n<p>Laura Villadiego<\/p>\n\n\n\n<p>Fuente: <a href=\"https:\/\/rebelion.org\/elon-musk-un-heroe-fallido\/\">Rebeli\u00f3n<\/a><\/p>\n\n\n\n<p>Hace dos a\u00f1os, cuando el mundo entero estaba pendiente de&nbsp;<a href=\"https:\/\/www.rtve.es\/noticias\/20180710\/rescatados-12-ninos-entrenador-atrapados-cueva-tailandia\/1762440.shtml\" target=\"_blank\" rel=\"noreferrer noopener\">doce ni\u00f1os atrapados en una cueva<\/a>&nbsp;inundada en Tailandia, Elon Musk no pudo contenerse y acudi\u00f3 al rescate. De un d\u00eda para otro, el controvertido&nbsp;<strong>CEO de Tesla<\/strong>&nbsp;se present\u00f3 en el pa\u00eds asi\u00e1tico con un sofisticado submarino que, seg\u00fan el magnate, resolver\u00eda al instante la dif\u00edcil operaci\u00f3n de salvamento. Los ni\u00f1os salieron con vida de la cueva, pero no fue el submarino lo que les salv\u00f3. De hecho, el aparato ni siquiera lleg\u00f3 a entrar en la gruta. Era demasiado grande.<\/p>\n\n\n\n<p>Pero el \u2018hero\u00edsmo\u2019 de Musk levant\u00f3 m\u00e1s de una ampolla en Tailandia. Uno de los submarinistas brit\u00e1nicos que particip\u00f3 en las tareas de rescate,&nbsp;<strong>Vernon Unsworth<\/strong>, asegur\u00f3 que la aparici\u00f3n estelar de Musk no era m\u00e1s que una \u201ctreta publicitaria\u201d y sugiri\u00f3 que su presencia no era bien recibida. \u201cSe le pidi\u00f3 enseguida que se fuera, as\u00ed tendr\u00eda que haber hecho\u201d, dijo en una entrevista a la&nbsp;<em>CNN<\/em>. La disputa acab\u00f3 en los tribunales despu\u00e9s de que el multimillonario&nbsp;<a href=\"https:\/\/www.lavanguardia.com\/cribeo\/fast-news\/20180716\/47426471375\/elon-musk-llama-pedofilo-a-uno-de-los-submarinistas-que-rescataron-a-los-ninos-de-tailandia.html\" target=\"_blank\" rel=\"noreferrer noopener\">llamara al buzo \u201cped\u00f3filo\u201d en un mensaje de Twitter<\/a>.<\/p>\n\n\n\n<p>Elon Musk tiene una habilidad extraordinaria para acaparar titulares cada vez que pulsa la tecla de enviar en la red social, pero tiene una especial virtud para hacerlo en momentos delicados. La mayor&nbsp;<strong>pandemia<\/strong>&nbsp;que se ha visto en el \u00faltimo siglo no es una excepci\u00f3n. As\u00ed, durante las \u00faltimas semanas, Elon Musk ha usado los 280 caracteres que ofrece Twitter para atacar las restricciones impuestas por la&nbsp;<strong>crisis del coronavirus<\/strong>&nbsp;que le obligaron a&nbsp;<strong>cerrar la planta de Tesla en California<\/strong>. \u201cDevolved la libertad a la gente\u201d; \u201ces el momento de liberarnos por el bien del progreso\u201d, han sido dos de las quejas que ha tuiteado.<\/p>\n\n\n\n<p>La guinda la puso la semana pasada cuando el empresario anunci\u00f3 que la f\u00e1brica reiniciar\u00eda la producci\u00f3n a pesar de que las restricciones segu\u00edan en pie. \u201cTesla va a restablecer la producci\u00f3n hoy en contra de las normas del condado de Alameda. Voy a estar en la l\u00ednea con todos los dem\u00e1s. Si alguien es arrestado, pido que sea s\u00f3lo yo\u201d. De nuevo, su nombre y el de su empresa sal\u00edan en las noticias; de nuevo, Musk consegu\u00eda una campa\u00f1a de imagen tremendamente barata. Y, de paso, que el condado cambiara las reglas y le permitiera abrir.<\/p>\n\n\n\n<p>Los aires de grandeza han acompa\u00f1ado a Musk desde que el hurac\u00e1n medi\u00e1tico pusiera sus ojos en \u00e9l. \u201cLos h\u00e9roes de los libros que le\u00eda [cuando era joven],&nbsp;<em>El Se\u00f1or de los Anillos<\/em>&nbsp;o la&nbsp;<em>Serie de la Fundaci\u00f3n<\/em>, siempre me hac\u00edan sentir el deber de salvar el mundo\u201d, le dijo a un periodista de la revista&nbsp;<em>New Yorker&nbsp;<\/em>en una entrevista para un perfil publicado en 2009. Entonces, el Roadster, el&nbsp;<strong>primer veh\u00edculo el\u00e9ctrico de Tesla<\/strong>, llevaba poco m\u00e1s de un a\u00f1o en circulaci\u00f3n y la cuenta de Twitter de Musk s\u00f3lo ten\u00eda unos meses. Pero el art\u00edculo ya se hac\u00eda eco de las muchas controversias que el sudafricano -naci\u00f3 en Pretoria aunque se mud\u00f3 a Canad\u00e1 y despu\u00e9s Estados Unidos- causaba en Silicon Valley. \u201cLa gente que normalmente me conoce se lleva una buena impresi\u00f3n. En general; [es decir] si no los he despedido\u201d, respondi\u00f3 Musk a esos comentarios. La pol\u00e9mica aument\u00f3 con los a\u00f1os, y en los documentos del caso legal contra el buzo, Musk era descrito como \u201cun multimillonario con la piel fina que est\u00e1 obsesionado con su imagen p\u00fablica y que tiene un historial en el que ignora la verdad de forma intencionada y vengativa para mantener una imagen publicitaria creada\u201d,&nbsp;<a href=\"https:\/\/www.forbes.com\/sites\/daviddawkins\/2019\/10\/09\/elon-musk-brands-himself-an-idiot-in-thai-cave-rescue-defamation-lawsuit\/#115469aa462b\" target=\"_blank\" rel=\"noreferrer noopener\">seg\u00fan&nbsp;<em>Forbes<\/em><\/a>.<\/p>\n\n\n\n<p>Pero la grandeza no es s\u00f3lo de ego, tambi\u00e9n de anhelos. As\u00ed, el perfil del&nbsp;<em>New Yorker<\/em>&nbsp;dibuja a un tipo que tiene hijos s\u00f3lo porque \u201ces el deber de los inteligentes y los educados el reproducirse\u201d, pero tambi\u00e9n un so\u00f1ador incansable que no para hasta lograr sus objetivos.<\/p>\n\n\n\n<p>Con la muerte de Steve Jobs en 2011, Musk se postul\u00f3 como el candidato perfecto a&nbsp;<strong>nuevo gur\u00fa del sector tecnol\u00f3gico<\/strong>. Y no le falta curr\u00edculo. Su nombre ha estado asociado a algunos de los grandes proyectos tecnol\u00f3gicos de las \u00faltimas d\u00e9cadas, como PayPal, SpaceX, o la ya mencionada Tesla.<\/p>\n\n\n\n<p>Su campa\u00f1a m\u00e1s exitosa ha sido, tal vez, el culto que se ha forjado como salvador del planeta ante la&nbsp;<strong>emergencia clim\u00e1tica<\/strong>. Tiene sentido cuando Tesla se dedica, fundamentalmente, a fabricar&nbsp;<a href=\"https:\/\/www.climatica.lamarea.com\/?p=9850&amp;preview=true&amp;_thumbnail_id=9857\" target=\"_blank\" rel=\"noreferrer noopener\">veh\u00edculos el\u00e9ctricos<\/a>&nbsp;y a promover la energ\u00eda solar. Musk, por supuesto, ha sido una pieza central de esta estrategia de marketing con sus charlas, sus tweets, y su continua presencia en los medios. Si tuviera que depender \u00fanicamente de sus ventas, Tesla probablemente habr\u00eda cerrado sus puertas hace mucho.<\/p>\n\n\n\n<p>Muchos temen que detr\u00e1s haya poco m\u00e1s que una cortina de humo que funciona a base de subsidios estatales. Seg\u00fan la p\u00e1gina de la compa\u00f1\u00eda, el principal objetivo de Tesla es \u201cacelerar la transici\u00f3n mundial a una energ\u00eda sostenible\u201d. Y no se puede negar que est\u00e1n poniendo su parte, no s\u00f3lo por los millones invertidos, sino tambi\u00e9n por liberar sus patentes para que cualquiera pueda utilizarlas.<\/p>\n\n\n\n<p>Pero la visi\u00f3n de Musk se basa sobre los mismos principios que crearon el problema: un mundo de sobreconsumo que deja las opciones m\u00e1s sostenibles a los que m\u00e1s abusan de ellas, los ricos. Y esto hace que pierdan todo su sentido. \u00c9l mismo es parte de ese modo de vida y,&nbsp;<a href=\"https:\/\/www.washingtonpost.com\/business\/economy\/elon-musks-highflying-2018-what-150000-miles-in-a-private-jet-reveal-about-his-excruciating-year\/2019\/01\/29\/83b5604e-20ee-11e9-8b59-0a28f2191131_story.html\" target=\"_blank\" rel=\"noreferrer noopener\">seg\u00fan<em>&nbsp;The Washington Post<\/em><\/a>,&nbsp;<strong>Elon Musk recorri\u00f3 en 2018 casi 250.000 kil\u00f3metros en avi\u00f3n<\/strong>&nbsp;-seis veces la circunferencia del planeta por el ecuador-, no s\u00f3lo para viajar largas distancias por motivos laborales, sino para ir tambi\u00e9n de una punta a otra de Los \u00c1ngeles y ahorrar tiempo en los trayectos. \u201cEl calendario fren\u00e9tico de Musk fue posible gracias a un nivel de comodidad y lujo que pocos pueden permitirse\u201d, dec\u00eda el peri\u00f3dico norteamericano. Quiz\u00e1 as\u00ed se entienda mejor la obsesi\u00f3n de Elon Musk con establecer una colonia humana en Marte. Ni \u00e9l mismo est\u00e1 dispuesto a hacer lo que realmente ser\u00eda necesario para frenar la crisis clim\u00e1tica.<\/p>\n","protected":false},"excerpt":{"rendered":"<p>Laura Villadiego Fuente: Rebeli\u00f3n Hace dos a\u00f1os, cuando el mundo entero estaba pendiente de&nbsp;doce ni\u00f1os atrapados en una cueva&nbsp;inundada en Tailandia, Elon Musk no pudo contenerse y acudi\u00f3 al rescate. De un d\u00eda para otro, el controvertido&nbsp;CEO de Tesla&nbsp;se present\u00f3 en el pa\u00eds asi\u00e1tico con un sofisticado submarino que, seg\u00fan el magnate, resolver\u00eda al instante [&hellip;]<\/p>\n","protected":false},"author":1,"featured_media":2074,"comment_status":"open","ping_status":"open","sticky":false,"template":"","format":"standard","meta":{"footnotes":""},"categories":[4],"tags":[],"_links":{"self":[{"href":"http:\/\/www.movimientocaamanista.com\/index.php?rest_route=\/wp\/v2\/posts\/2073"}],"collection":[{"href":"http:\/\/www.movimientocaamanista.com\/index.php?rest_route=\/wp\/v2\/posts"}],"about":[{"href":"http:\/\/www.movimientocaamanista.com\/index.php?rest_route=\/wp\/v2\/types\/post"}],"author":[{"embeddable":true,"href":"http:\/\/www.movimientocaamanista.com\/index.php?rest_route=\/wp\/v2\/users\/1"}],"replies":[{"embeddable":true,"href":"http:\/\/www.movimientocaamanista.com\/index.php?rest_route=%2Fwp%2Fv2%2Fcomments&post=2073"}],"version-history":[{"count":1,"href":"http:\/\/www.movimientocaamanista.com\/index.php?rest_route=\/wp\/v2\/posts\/2073\/revisions"}],"predecessor-version":[{"id":2075,"href":"http:\/\/www.movimientocaamanista.com\/index.php?rest_route=\/wp\/v2\/posts\/2073\/revisions\/2075"}],"wp:featuredmedia":[{"embeddable":true,"href":"http:\/\/www.movimientocaamanista.com\/index.php?rest_route=\/wp\/v2\/media\/2074"}],"wp:attachment":[{"href":"http:\/\/www.movimientocaamanista.com\/index.php?rest_route=%2Fwp%2Fv2%2Fmedia&parent=2073"}],"wp:term":[{"taxonomy":"category","embeddable":true,"href":"http:\/\/www.movimientocaamanista.com\/index.php?rest_route=%2Fwp%2Fv2%2Fcategories&post=2073"},{"taxonomy":"post_tag","embeddable":true,"href":"http:\/\/www.movimientocaamanista.com\/index.php?rest_route=%2Fwp%2Fv2%2Ftags&post=2073"}],"curies":[{"name":"wp","href":"https:\/\/api.w.org\/{rel}","templated":true}]}}