{"id":2088,"date":"2020-05-20T20:46:05","date_gmt":"2020-05-20T20:46:05","guid":{"rendered":"http:\/\/www.movimientocaamanista.com\/?p=2088"},"modified":"2020-05-20T21:02:59","modified_gmt":"2020-05-20T21:02:59","slug":"reinician-las-protestas-en-haiti-pese-a-la-pandemia","status":"publish","type":"post","link":"http:\/\/www.movimientocaamanista.com\/?p=2088","title":{"rendered":"Reinician las protestas en Hait\u00ed pese a la pandemia"},"content":{"rendered":"\n<p><a href=\"http:\/\/www.ultimasnoticias.com.ve\/noticias\/mundo\/reinician-las-protestas-en-haiti-pese-a-la-pandemia\/\">\u00daltimas Noticias<\/a><\/p>\n\n\n\n<p>Una nueva jornada de protestas est\u00e1 convocada en Hait\u00ed, para exigir la renuncia del presidente Jovenel Mo\u00efse. Las manifestaciones se realizar\u00e1n pese a las medidas restrictivas impuestas por causa de la pandemia.PUBLICIDAD<\/p>\n\n\n\n<p>Convocada por el opositor Sector Democr\u00e1tico y Popular para este lunes, la concentraci\u00f3n coincide con el d\u00eda en que el pa\u00eds celebra la creaci\u00f3n de la Bandera Nacional, que apareci\u00f3 por primera vez hace 217 a\u00f1os.<\/p>\n\n\n\n<p>Los protestantes demandan que el presidente Mo\u00efse abandone el poder el 7 de febrero de 2021. Asimismo, critican su gesti\u00f3n en el enfrentamiento al nuevo coronavirus.<\/p>\n\n\n\n<p>Estas cr\u00edticas se unen a las denuncias que desde finales de 2019 se han realizado en contra del actual mandatario, por supuesta corrupci\u00f3n y desv\u00edo de fondos estatales. Ello ha motivado una ola de protestas que se han extendido hasta la actualidad.<\/p>\n\n\n\n<p>Desde febrero \u00faltimo se han registrado reclamos de parte de la fuerza policial, que se tornaron violentos, hasta llegar a un intento de golpe de Estado.<\/p>\n\n\n\n<p>Estas nuevas manifestaciones se realizan cuando Hait\u00ed registra un incremento de casos del nuevo coronavirus en su territorio. Hasta este domingo, se reportaron 456 confirmados y 20 fallecidos.<\/p>\n","protected":false},"excerpt":{"rendered":"<p>\u00daltimas Noticias Una nueva jornada de protestas est\u00e1 convocada en Hait\u00ed, para exigir la renuncia del presidente Jovenel Mo\u00efse. Las manifestaciones se realizar\u00e1n pese a las medidas restrictivas impuestas por causa de la pandemia.PUBLICIDAD Convocada por el opositor Sector Democr\u00e1tico y Popular para este lunes, la concentraci\u00f3n coincide con el d\u00eda en que el pa\u00eds [&hellip;]<\/p>\n","protected":false},"author":1,"featured_media":2089,"comment_status":"open","ping_status":"open","sticky":false,"template":"","format":"standard","meta":{"footnotes":""},"categories":[5,3],"tags":[],"_links":{"self":[{"href":"http:\/\/www.movimientocaamanista.com\/index.php?rest_route=\/wp\/v2\/posts\/2088"}],"collection":[{"href":"http:\/\/www.movimientocaamanista.com\/index.php?rest_route=\/wp\/v2\/posts"}],"about":[{"href":"http:\/\/www.movimientocaamanista.com\/index.php?rest_route=\/wp\/v2\/types\/post"}],"author":[{"embeddable":true,"href":"http:\/\/www.movimientocaamanista.com\/index.php?rest_route=\/wp\/v2\/users\/1"}],"replies":[{"embeddable":true,"href":"http:\/\/www.movimientocaamanista.com\/index.php?rest_route=%2Fwp%2Fv2%2Fcomments&post=2088"}],"version-history":[{"count":1,"href":"http:\/\/www.movimientocaamanista.com\/index.php?rest_route=\/wp\/v2\/posts\/2088\/revisions"}],"predecessor-version":[{"id":2090,"href":"http:\/\/www.movimientocaamanista.com\/index.php?rest_route=\/wp\/v2\/posts\/2088\/revisions\/2090"}],"wp:featuredmedia":[{"embeddable":true,"href":"http:\/\/www.movimientocaamanista.com\/index.php?rest_route=\/wp\/v2\/media\/2089"}],"wp:attachment":[{"href":"http:\/\/www.movimientocaamanista.com\/index.php?rest_route=%2Fwp%2Fv2%2Fmedia&parent=2088"}],"wp:term":[{"taxonomy":"category","embeddable":true,"href":"http:\/\/www.movimientocaamanista.com\/index.php?rest_route=%2Fwp%2Fv2%2Fcategories&post=2088"},{"taxonomy":"post_tag","embeddable":true,"href":"http:\/\/www.movimientocaamanista.com\/index.php?rest_route=%2Fwp%2Fv2%2Ftags&post=2088"}],"curies":[{"name":"wp","href":"https:\/\/api.w.org\/{rel}","templated":true}]}}