{"id":2108,"date":"2020-05-22T10:43:04","date_gmt":"2020-05-22T10:43:04","guid":{"rendered":"http:\/\/www.movimientocaamanista.com\/?p=2108"},"modified":"2020-05-22T10:43:07","modified_gmt":"2020-05-22T10:43:07","slug":"latinoamerica-pandemia-hambre-y-malos-gobiernos","status":"publish","type":"post","link":"http:\/\/www.movimientocaamanista.com\/?p=2108","title":{"rendered":"Latinoam\u00e9rica: pandemia, hambre y malos gobiernos"},"content":{"rendered":"\n<p>Rub\u00e9n Armend\u00e1riz Y Mirko C. Trudeau<\/p>\n\n\n\n<p>Am\u00e9rica Latina y el Caribe superaron el medio mill\u00f3n de casos de coronavirus, que ya ha matado a unas 30 mil personas en la regi\u00f3n. Brasil es el pa\u00eds m\u00e1s afectado, con casi la mitad de los contagios, seguido por Per\u00fa, que contabiliz\u00f3 unos 100 mil casos y 2.800 fallecidos. M\u00e9xico es el tercer pa\u00eds de la regi\u00f3n con m\u00e1s casos, 52 mil, pero el segundo con m\u00e1s muertos de covid-19, con m\u00e1s de. 5.300.<\/p>\n\n\n\n<div class=\"wp-block-image\"><figure class=\"alignright\"><a href=\"http:\/\/estrategia.la\/2020\/05\/04\/los-efectos-de-la-pandemia-llegan-al-gobierno-argentino\/ar-corona1\/\"><img decoding=\"async\" src=\"http:\/\/estrategia.la\/wp-content\/uploads\/2020\/05\/ar-corona1-300x169.jpg\" alt=\"\" class=\"wp-image-8530\"\/><\/a><\/figure><\/div>\n\n\n\n<p>Numerosos pa\u00edses de la regi\u00f3n han roto sus marcas de contagios y muertes diarias en los \u00faltimos d\u00edas, con la mayor\u00eda de las curvas de casos y fallecimientos mostrando una clara tendencia a la alza. Unos pocos, sin embargo, ya parecen haber dejado lo peor atr\u00e1s.<\/p>\n\n\n\n<p>Am\u00e9rica Latina atraviesa su peor mes desde la llegada del covid-19., que aterriz\u00f3 en la regi\u00f3n el 26 de febrero, cuando Brasil confirm\u00f3 el primer caso en S\u00e3o Paulo. &nbsp;Hoy el mayor temor es que la pandemia cruce las fronteras amaz\u00f3nicas, desde Brasil, &nbsp;y afecta a las poblaciones ind\u00edgenas y campesinas de Per\u00fa, Bolivia, Ecuador y Paraguay<\/p>\n\n\n\n<p>Muchos gobiernos neoliberales de la regi\u00f3n prefirieron priorizar la econom\u00eda, o dicho de otra forma los negocios de los poderosos, negando la importancia de la pandemia e hipotecando la salud de sus pueblos. La consecuencia es que millones de latinoamericanos padecen hambre y reclaman soluciones, que no llegan.<\/p>\n\n\n\n<p>La esperanza de autoridades y epidemi\u00f3logos es que estos n\u00fameros sean el anuncio del inicio del \u00abpico\u00bb de la pandemia, y que el esperado descenso en el n\u00famero de contagios ya est\u00e9 a la vuelta, aun cuando la Organizaci\u00f3n Mundial de la Salud anunci\u00f3 que el nuevo coronavirus podr\u00eda no irse nunca, se vuelva end\u00e9mico.<\/p>\n\n\n\n<p>Brasil bati\u00f3 el r\u00e9cord con 13 mil casos en un d\u00eda, por lo que super\u00f3 al Reino Unido en cantidad de contagios y qued\u00f3 tercero detr\u00e1s de Estados Unidos y de Rusia, con unos 275 mil infectados y 18 mil muertos.<\/p>\n\n\n\n<p>El hambre campea en las poblaciones de varios pa\u00edses. 300 mil peruanos abandonaron Lima por quedarse sin vivienda y sin comida, y buscan retornar a pie a sus zonas andinas, tras nuevos r\u00e9cords de fallecidos, que casi alcanzan los dos mil 800. Ante la ineficacia del gobierno, el colegio m\u00e9dico solicit\u00f3 la extensi\u00f3n de la cuarentena.<\/p>\n\n\n\n<p>A contramano de lo que ocurre en el resto de la regi\u00f3n, el presidente de Ecuador, Len\u00edn Moreno, anunci\u00f3 este martes un recorte del gasto p\u00fablico de m\u00e1s de 4.000 millones de d\u00f3lares para enfrentar la grave situaci\u00f3n financiera, luego de que el ministerio de Salud anunciara que el pa\u00eds tiene a este martes 2.839 fallecidos oficiales, 1.692 probables \u2013lo que harp\u00eda un total de m\u00e1s de 4.500 muertos) y 34.151 positivos por COVID-19.<\/p>\n\n\n\n<p>Colombia alcanz\u00f3 la cifra de 500 fallecidos por covid-19, mientras la cifra de contagios se elev\u00f3 a 16 mil. En poblados&nbsp; y ciudades campean las banderas rojas en los ventanales, se\u00f1al de pedido de solidaridad para mitigar el hambre.<\/p>\n\n\n\n<p>En Bolivia,&nbsp;<a href=\"http:\/\/dada.nodal.am\/cgi-bin\/mail.cgi\/r\/Boletin\/166492327557\/arachin\/gmail.com\/\">se<\/a>&nbsp;multiplican los bloqueos y marchas exigiendo atenci\u00f3n sanitaria, medicinas, alimentos y tambi\u00e9n la convocatoria de elecciones en los 90 d\u00edas que defini\u00f3 la Asamblea Legislativa Plurinacional de Bolivia.<\/p>\n\n\n\n<p>El hambre y la desesperaci\u00f3n por alimentos lanzaron a protestar a centenares de vecinos de municipios pobres de Santiago de Chile y otras ciudades, levantando barricadas, prendiendo fogatas y enfrent\u00e1ndose con carabineros que los reprimieron con ca\u00f1ones de agua y gases lacrim\u00f3genos, en demanda de la cesta alimentaria prometida por el gobierno.<\/p>\n\n\n\n<p>En Panam\u00e1 rige una cuarentena total indefinida que, entre otras, restringe la movilidad por g\u00e9nero -hombres y mujeres no pueden salir el mismo d\u00eda- lo que busca reducir en un 50 % la presencia de personas en las calles, seg\u00fan han explicado las autoridades. Pero el gobierno debi\u00f3 salvaguarda de los derechos los transexuales y evitar todo tipo de discriminaci\u00f3n contra la poblaci\u00f3n LGBT durante la cuarentena .<\/p>\n\n\n\n<p>Mientras, varios gobiernos han preferido pagar la deuda externa a bonistas y al Fondo Monetario Internacional, en lugar de atender las necesidades sanitarias y alimenticias de sus poblaciones, hipotecando cualquier futuro posible en la etapa de la pospandemia.<\/p>\n\n\n\n<p><strong>Migrantes: entre el terror y la pandemia<\/strong><\/p>\n\n\n\n<p>La pol\u00edtica estadounidense para la expulsi\u00f3n expedita de migrantes que sean detenidos a lo largo de la frontera con M\u00e9xico podr\u00eda permanecer en vigor incluso despu\u00e9s de que se reduzcan las medidas de confinamiento por el coronavirus en Estados Unidos.<\/p>\n\n\n\n<p>Los activistas de inmigraci\u00f3n se\u00f1alaron que la pol\u00edtica ha privado a algunas personas del derecho de solicitar asilo. Se ten\u00eda previsto que la medida expirara el 20 de mayo, pero el comisionado interino de la Oficina de Aduanas y Protecci\u00f3n Mark Morgan, dijo que las autoridades de sanidad de Estados Unidos deber\u00edan considerar que el virus a\u00fan no ha alcanzado el punto m\u00e1ximo de contagios en M\u00e9xico y Centroam\u00e9rica.<\/p>\n\n\n\n<p>Sigue latente la posibilidad de que se propague dentro de los centros de detenci\u00f3n de la Patrulla Fronteriza y m\u00e1s all\u00e1, antes de determinar si se puede reanudar la vigilancia previa al brote.<\/p>\n\n\n\n<p>Un tercio de los 43.000 inmigrantes detenidos al 2 de marzo estaban en instalaciones que tienen s\u00f3lo un hospital, o ninguno, con camas de cuidados intensivos dentro de los 40 kil\u00f3metros. Los hospitales m\u00e1s cercanos al LaSalle ICE Processing Center en Jena, Louisiana, uno de los m\u00e1s grandes del pa\u00eds con un promedio diario de aproximadamente 1.200 detenidos est\u00e1n a unos 64 kil\u00f3metros de distancia, en Alexandria.<\/p>\n\n\n\n<p>Cabe recordar que el presidente Donald Trump ha hecho de la reducci\u00f3n de la inmigraci\u00f3n ilegal un tema distintivo. Sus oponentes lo han acusado de usar la pandemia como un pretexto para adoptar pol\u00edticas duras que resultan atractivas para su base de electores mientras busca su reelecci\u00f3n.<\/p>\n\n\n\n<p>Trump cerr\u00f3 las fronteras con M\u00e9xico y Canad\u00e1 en marzo, dej\u00e1ndolas abiertas s\u00f3lo al tr\u00e1fico esencial de personas y bienes. La gran mayor\u00eda de las expulsiones expr\u00e9s han sido en la frontera con M\u00e9xico. Entre el momento en que se implement\u00f3 la regla y fines de abril, 20.860 personas fueron devueltas a M\u00e9xico. En la frontera norte, fueron apenas 27.<\/p>\n\n\n\n<p>Unos 950 detenidos en custodia del Servicio de Inmigraci\u00f3n y Control de Aduanas han dado positivo por el virus, y un detenido muri\u00f3 por complicaciones de la enfermedad. Pero s\u00f3lo alrededor unos 1.800 de los casi 30.000 detenidos a nivel nacional han sido controlados.<\/p>\n\n\n\n<p>El gobierno de Estados Unidos reanud\u00f3 el 5 de mayo los vuelos con migrantes deportados hacia Guatemala, mientras organizaciones humanitarias alertaron del riesgo de trasladar personas desde el epicentro de la pandemia hacia zonas con sistemas de salud d\u00e9biles. Durante la \u00faltima semana llegaron tres vuelos con un promedio de 75 personas cada uno.<\/p>\n\n\n\n<p>Uno de los brotes m\u00e1s grandes est\u00e1 en Richwood, Luisiana donde 64 personas hab\u00edan sido infectadas, el tercer brote m\u00e1s grande entre los centros de detenci\u00f3n de inmigrantes en el pa\u00eds.<\/p>\n\n\n\n<p>Con la orden de Trump dirigida a mantener abiertas las plantas empacadoras de carne, las familias como las suyas en todo el pa\u00eds enfrentan decisiones dif\u00edciles sobre c\u00f3mo mantener sus medios de vida, en medio de una aterradora pandemia que ya ha matado a m\u00e1s de un 320 mil de personas en todo el mundo y m\u00e1s de 90 mil s\u00f3lo en Estados Unidos.<\/p>\n\n\n\n<p><em>*Armend\u00e1riz es es periodista y polit\u00f3logo &nbsp;rioplatense. Trudeau, economista del Observatorio de Estudios Macroecon\u00f3micos (Nueva York), Ambos analistas del Centro Latinoamericano de An\u00e1lisis Estrat\u00e9gico.<\/em><\/p>\n","protected":false},"excerpt":{"rendered":"<p>Rub\u00e9n Armend\u00e1riz Y Mirko C. Trudeau Am\u00e9rica Latina y el Caribe superaron el medio mill\u00f3n de casos de coronavirus, que ya ha matado a unas 30 mil personas en la regi\u00f3n. Brasil es el pa\u00eds m\u00e1s afectado, con casi la mitad de los contagios, seguido por Per\u00fa, que contabiliz\u00f3 unos 100 mil casos y 2.800 [&hellip;]<\/p>\n","protected":false},"author":1,"featured_media":1926,"comment_status":"open","ping_status":"open","sticky":false,"template":"","format":"standard","meta":{"footnotes":""},"categories":[5,3],"tags":[],"_links":{"self":[{"href":"http:\/\/www.movimientocaamanista.com\/index.php?rest_route=\/wp\/v2\/posts\/2108"}],"collection":[{"href":"http:\/\/www.movimientocaamanista.com\/index.php?rest_route=\/wp\/v2\/posts"}],"about":[{"href":"http:\/\/www.movimientocaamanista.com\/index.php?rest_route=\/wp\/v2\/types\/post"}],"author":[{"embeddable":true,"href":"http:\/\/www.movimientocaamanista.com\/index.php?rest_route=\/wp\/v2\/users\/1"}],"replies":[{"embeddable":true,"href":"http:\/\/www.movimientocaamanista.com\/index.php?rest_route=%2Fwp%2Fv2%2Fcomments&post=2108"}],"version-history":[{"count":1,"href":"http:\/\/www.movimientocaamanista.com\/index.php?rest_route=\/wp\/v2\/posts\/2108\/revisions"}],"predecessor-version":[{"id":2109,"href":"http:\/\/www.movimientocaamanista.com\/index.php?rest_route=\/wp\/v2\/posts\/2108\/revisions\/2109"}],"wp:featuredmedia":[{"embeddable":true,"href":"http:\/\/www.movimientocaamanista.com\/index.php?rest_route=\/wp\/v2\/media\/1926"}],"wp:attachment":[{"href":"http:\/\/www.movimientocaamanista.com\/index.php?rest_route=%2Fwp%2Fv2%2Fmedia&parent=2108"}],"wp:term":[{"taxonomy":"category","embeddable":true,"href":"http:\/\/www.movimientocaamanista.com\/index.php?rest_route=%2Fwp%2Fv2%2Fcategories&post=2108"},{"taxonomy":"post_tag","embeddable":true,"href":"http:\/\/www.movimientocaamanista.com\/index.php?rest_route=%2Fwp%2Fv2%2Ftags&post=2108"}],"curies":[{"name":"wp","href":"https:\/\/api.w.org\/{rel}","templated":true}]}}