{"id":2110,"date":"2020-05-22T10:48:17","date_gmt":"2020-05-22T10:48:17","guid":{"rendered":"http:\/\/www.movimientocaamanista.com\/?p=2110"},"modified":"2020-05-22T10:48:20","modified_gmt":"2020-05-22T10:48:20","slug":"cuba-y-covid-19-entre-alertas-y-buenas-noticias","status":"publish","type":"post","link":"http:\/\/www.movimientocaamanista.com\/?p=2110","title":{"rendered":"Cuba y Covid-19: Entre alertas y buenas noticias"},"content":{"rendered":"\n<p>Leticia Mart\u00ednez<\/p>\n\n\n\n<p>Fuente: <a href=\"https:\/\/kaosenlared.net\/cuba-y-covid-19-entre-alertas-y-buenas-noticias\/\">Kaos en la Red<\/a><\/p>\n\n\n\n<p>Cuba amaneci\u00f3 este martes con la buena noticia del sexto d\u00eda consecutivo sin lamentar fallecimientos a causa de la COVID-19, enfermedad que en el mundo ha cobrado la vida a m\u00e1s de 315 mil personas, 79 de ellas en la Mayor de las Antillas. A ello se sum\u00f3 la ratificaci\u00f3n de la tendencia a la baja en los casos confirmados diariamente, con solo seis esta vez.<\/p>\n\n\n\n<p><strong>De esos temas se volvi\u00f3 a debatir en la reuni\u00f3n del grupo temporal del trabajo para la prevenci\u00f3n y el control del nuevo coronavirus<\/strong>, encabezada por el Presidente de la Rep\u00fablica, Miguel D\u00edaz-Canel Berm\u00fadez, y el Primer Ministro, Manuel Marrero Cruz, en la cual siempre al final de la tarde se analiza la situaci\u00f3n del pa\u00eds y de determinadas provincias.<\/p>\n\n\n\n<p>En esta oportunidad, el ministro de Salud P\u00fablica, Jos\u00e9 Angel Portal Miranda, apunt\u00f3 que la cifra de personas ingresadas en Cuba para la atenci\u00f3n y vigilancia de la COVID-19 ha continuado disminuyendo hasta llegar a 3 mil 281 personas.<\/p>\n\n\n\n<p><strong>Del total de pacientes confirmados con la enfermedad, hoy est\u00e1n hospitalizados 268, que representan el 14,2% de los mil 887 reportados<\/strong>&nbsp;desde que comenz\u00f3 la epidemia en la Isla. El 97 % de los enfermos tienen una evoluci\u00f3n cl\u00ednica estable.<\/p>\n\n\n\n<p>Portal Miranda se refiri\u00f3 a la tasa de incidencia de casos positivos de COVID-19 por cada 100 mil habitantes, que en los \u00faltimos quince d\u00edas ha mantenido a la provincia de Matanzas, La Habana y Villa Clara en los tres primeros lugares, lo cual da cuenta del curso que ha ido tomando la epidemia.<\/p>\n\n\n\n<p>La pesquisa activa, n\u00facleo duro del enfrentamiento en Cuba, se mantiene en una cifra estable que supera las 4 millones 295 mil personas, de ellas un mill\u00f3n 580 mil son adultos mayores.<\/p>\n\n\n\n<figure class=\"wp-block-image\"><img decoding=\"async\" src=\"http:\/\/media.cubadebate.cu\/wp-content\/uploads\/2020\/05\/reunion-coronavirus-19-5-er-4-580x347.jpg\" alt=\"\" class=\"wp-image-1370055\"\/><\/figure>\n\n\n\n<h6 class=\"wp-block-heading\">El ministro de Salud P\u00fablica, Jos\u00e9 Angel Portal Miranda, apunt\u00f3 que la cifra de personas ingresadas en Cuba para la atenci\u00f3n y vigilancia de la COVID-19 ha continuado disminuyendo. Foto: Estudios Revoluci\u00f3n.<\/h6>\n\n\n\n<p>En cambio, la autopesquisa a trav\u00e9s de la aplicaci\u00f3n inform\u00e1tica tiende a usarse menos y este martes se contabilizaban mil 439 personas que hab\u00edan utilizado esa v\u00eda. Ante esa disminuci\u00f3n, el titular de Salud P\u00fablica consider\u00f3 que deb\u00edan hacerse m\u00e1s acciones comunicativas para dar a conocer esta herramienta.<\/p>\n\n\n\n<p>Acerca de los eventos abiertos de transmisi\u00f3n local, puntualiz\u00f3 que&nbsp;<strong>la cifra se mantiene en 14 \u2014ubicados en siete provincias\u2014 luego de haberse cerrado 30<\/strong>. En la \u00faltima jornada solo se hab\u00eda confirmado un caso nuevo en el evento de Centro Habana.<\/p>\n\n\n\n<p>Sobre el trabajo de las 26 brigadas de la Henry Reeve que est\u00e1n enfrentando a la pandemia en 24 naciones del mundo, se supo que hasta la fecha han atendido a 26 mil 080 pacientes y han salvado la vida de 976 personas.<\/p>\n\n\n\n<p>En este encuentro, las autoridades de La Habana informaron sobre la situaci\u00f3n epidemiol\u00f3gica de la capital, donde se han confirmado 900 casos desde el inicio de la epidemia, solo dos en el \u00faltimo d\u00eda.<\/p>\n\n\n\n<p>Acerca del estudio poblacional a trav\u00e9s de las pruebas PCR que comenz\u00f3 recientemente en varios municipios, el gobernador Reinaldo Garc\u00eda Zapata dijo que se hab\u00edan realizado 944, de ellas 674 hab\u00edan sido negativas y se esperaba el resto de los resultados.<\/p>\n\n\n\n<p><strong>En La Habana permanecen ingresadas 416 personas, entre confirmados y sospechosos.<\/strong>&nbsp;<strong>El \u00edndice de ocupaci\u00f3n hospitalaria est\u00e1 al 29%<\/strong>&nbsp;y el de cuidados intensivos en un 8%, lo cual denota que no existe presi\u00f3n sobre su sistema de Salud.<\/p>\n\n\n\n<p>Al respecto de la situaci\u00f3n de Matanzas, explic\u00f3 su gobernador, Mario Sabines Lorenzo, que la cifra de casos es de 176, en 12 de los 13 municipios de la provincia. Solo la Ci\u00e9naga de Zapata se mantiene hasta el momento sin confirmar enfermos.<\/p>\n\n\n\n<p>Del caso espec\u00edfico del evento de transmisi\u00f3n en el hospital provincial \u00abComandante Faustino P\u00e9rez\u00bb, subray\u00f3 que ha arrojado 46 casos, entre pacientes, trabajadores y familiares. En la instituci\u00f3n se han hecho 1 013 pruebas PCR y 963 han tenido resultados negativos, las dem\u00e1s aun est\u00e1n pendientes.<\/p>\n\n\n\n<p>Explic\u00f3 que las vulnerabilidades detectadas en la instituci\u00f3n est\u00e1n siendo corregidas y buena parte de sus locales han sido desinfectados y certificados. Adem\u00e1s se mejora el flujo de los pacientes en el Cuerpo de Guardia para evitar contagios. Hoy el hospital se encuentra en un 40% de ocupaci\u00f3n.<\/p>\n\n\n\n<p>Tambi\u00e9n mediante videoconferencia, las autoridades de Ciego de \u00c1vila actualizaron sobre la situaci\u00f3n del territorio que tiene 93 casos confirmados. El gobernador Tom\u00e1s Mart\u00edn Venegas reiter\u00f3 que los municipios m\u00e1s complicados han sido Ciego de \u00c1vila, Venezuela, Florencia y Mor\u00f3n. En este \u00faltimo, sigue abierto el evento de transmisi\u00f3n local de Turiguan\u00f3, donde se mantiene la medida de cuarentena.<\/p>\n\n\n\n<p><strong>En los \u00faltimos seis d\u00edas Ciego de \u00c1vila no ha confirmado nuevos casos, coment\u00f3 Mart\u00edn Venegas, y se mantienen todas las medidas indicadas para no retroceder en el enfrentamiento<\/strong>.<\/p>\n\n\n\n<p>En el intercambio con los gobernadores, el Primer Ministro, Manuel Marrero Cruz, plante\u00f3 varias de las opiniones recogidas entre la poblaci\u00f3n de esos territorios espec\u00edficos, as\u00ed como algunos delitos detectados en las tres provincias, ante lo cual inst\u00f3 a continuar el enfrentamiento a las ilegalidades, en medio de la sensible situaci\u00f3n que hoy vive Cuba.<\/p>\n","protected":false},"excerpt":{"rendered":"<p>Leticia Mart\u00ednez Fuente: Kaos en la Red Cuba amaneci\u00f3 este martes con la buena noticia del sexto d\u00eda consecutivo sin lamentar fallecimientos a causa de la COVID-19, enfermedad que en el mundo ha cobrado la vida a m\u00e1s de 315 mil personas, 79 de ellas en la Mayor de las Antillas. A ello se sum\u00f3 [&hellip;]<\/p>\n","protected":false},"author":1,"featured_media":1999,"comment_status":"open","ping_status":"open","sticky":false,"template":"","format":"standard","meta":{"footnotes":""},"categories":[5,3],"tags":[],"_links":{"self":[{"href":"http:\/\/www.movimientocaamanista.com\/index.php?rest_route=\/wp\/v2\/posts\/2110"}],"collection":[{"href":"http:\/\/www.movimientocaamanista.com\/index.php?rest_route=\/wp\/v2\/posts"}],"about":[{"href":"http:\/\/www.movimientocaamanista.com\/index.php?rest_route=\/wp\/v2\/types\/post"}],"author":[{"embeddable":true,"href":"http:\/\/www.movimientocaamanista.com\/index.php?rest_route=\/wp\/v2\/users\/1"}],"replies":[{"embeddable":true,"href":"http:\/\/www.movimientocaamanista.com\/index.php?rest_route=%2Fwp%2Fv2%2Fcomments&post=2110"}],"version-history":[{"count":1,"href":"http:\/\/www.movimientocaamanista.com\/index.php?rest_route=\/wp\/v2\/posts\/2110\/revisions"}],"predecessor-version":[{"id":2111,"href":"http:\/\/www.movimientocaamanista.com\/index.php?rest_route=\/wp\/v2\/posts\/2110\/revisions\/2111"}],"wp:featuredmedia":[{"embeddable":true,"href":"http:\/\/www.movimientocaamanista.com\/index.php?rest_route=\/wp\/v2\/media\/1999"}],"wp:attachment":[{"href":"http:\/\/www.movimientocaamanista.com\/index.php?rest_route=%2Fwp%2Fv2%2Fmedia&parent=2110"}],"wp:term":[{"taxonomy":"category","embeddable":true,"href":"http:\/\/www.movimientocaamanista.com\/index.php?rest_route=%2Fwp%2Fv2%2Fcategories&post=2110"},{"taxonomy":"post_tag","embeddable":true,"href":"http:\/\/www.movimientocaamanista.com\/index.php?rest_route=%2Fwp%2Fv2%2Ftags&post=2110"}],"curies":[{"name":"wp","href":"https:\/\/api.w.org\/{rel}","templated":true}]}}