{"id":2112,"date":"2020-05-22T10:59:54","date_gmt":"2020-05-22T10:59:54","guid":{"rendered":"http:\/\/www.movimientocaamanista.com\/?p=2112"},"modified":"2020-05-22T10:59:57","modified_gmt":"2020-05-22T10:59:57","slug":"brasil-sin-rumbo-politico-fijo-mientras-los-muertos-aumentan","status":"publish","type":"post","link":"http:\/\/www.movimientocaamanista.com\/?p=2112","title":{"rendered":"Brasil, sin rumbo pol\u00edtico fijo mientras los muertos aumentan"},"content":{"rendered":"\n<p>Marta Miera<\/p>\n\n\n\n<p>Fuente: <a href=\"https:\/\/kaosenlared.net\/brasil-sin-rumbo-politico-fijo-mientras-los-muertos-aumentan\/\">Kaos en la Red<\/a><\/p>\n\n\n\n<p>Brasil camina sin rumbo pol\u00edtico fijo en medio de la pandemia del coronavirus, mientras los muertos e infectados aumentan y el pa\u00eds se convierte en uno de los m\u00e1s golpeados a nivel mundial.<\/p>\n\n\n\n<p>Esta semana el gigante latinoamericano super\u00f3 la barrera de los 1.000 muertos en 24 horas. Con 18.859 decesos confirmados y 291.579 contagiados, el panorama es cada vez m\u00e1s sombr\u00edo. Y eso que todav\u00eda&nbsp;<strong>faltan varias semanas para alcanzar el pico de la pandemia<\/strong>.<\/p>\n\n\n\n<p>El virus se est\u00e1 cebando especialmente con los estados de Sao Paulo y de R\u00edo de Janeiro, en el sudeste del pa\u00eds, y en los del empobrecido nordeste y del norte, como Cear\u00e1,&nbsp;Pernambuco y Par\u00e1.<\/p>\n\n\n\n<p>Pero los expertos concuerdan que las cifras reales de infectados son hasta 12 veces m\u00e1s altas, lo que supondr\u00eda 3,4 millones de contagios, debido a la falta de test que se est\u00e1n realizando. De confirmarse este extremo, Brasil ser\u00eda ya el pa\u00eds con m\u00e1s casos y, por tanto, epicentro de la pandemia.<\/p>\n\n\n\n<p>En los cementerios de algunas urbes, como la de Sao Paulo, se trabaja a contrarreloj, con las excavadoras abriendo nuevas fosas. Los entierros se suceden con r\u00e1pidas y dolorosas despedidas.<\/p>\n\n\n\n<figure class=\"wp-block-image\"><img decoding=\"async\" src=\"https:\/\/cdni.rt.com\/actualidad\/public_images\/2020.05\/original\/5ec6ab50e9ff71196279fa9d.jpg\" alt=\"\"\/><figcaption>Sanitarios atienden a un paciente infectado por coronavirus en Manaus, Brasil. 14 de abril de 2020.Edmar Barros&nbsp;\/ AP<\/figcaption><\/figure>\n\n\n\n<p>Con el&nbsp;<strong>80% de las camas ocupadas<\/strong>&nbsp;en cuidados intensivos&nbsp;<strong>en 12 capitales&nbsp;brasile\u00f1as<\/strong>, seg\u00fan&nbsp;<a href=\"https:\/\/www1.folha.uol.com.br\/cotidiano\/2020\/05\/doze-capitais-tem-mais-de-80-de-leitos-publicos-de-uti-ocupados.shtml\" target=\"_blank\" rel=\"noreferrer noopener\">datos<\/a>&nbsp;de la Folha de S.Paulo, el sistema sanitario se enfrenta a un escenario cr\u00edtico que requiere de una respuesta urgente.<\/p>\n\n\n\n<p><strong>Aplicar o no el confinamiento<\/strong><\/p>\n\n\n\n<p>A pesar de que la Organizaci\u00f3n Mundial de la Salud (OMS) ha recomendado el confinamiento de la poblaci\u00f3n como una de las medidas esenciales para amortiguar al virus, en Brasil han sido solo cuatro los gobernadores que han aplicado el bloqueo total.<\/p>\n\n\n\n<p>Y cuando lo han hecho ha sido tarde y solo en las capitales de los estados.<\/p>\n\n\n\n<p>En estados como el de Sao Paulo, con diferencia el m\u00e1s afectado por la covid-19, se han adoptado cuarentenas parciales. En medio del drama, el dilema de aplicar o no el confinamiento&nbsp;<strong>ha enfrentado al presidente Jair Bolsonaro<\/strong>, que se opone categ\u00f3ricamente a ello y sigue minimizando los efectos del virus,&nbsp;<strong>y los gobernadores y alcaldes<\/strong>&nbsp;de los estados.<\/p>\n\n\n\n<p>Esto ha provocado que&nbsp;<strong>millones de brasile\u00f1os se sientan perdidos entre mensajes contradictorios<\/strong>: mientras los gobernadores piden a los ciudadanos que se queden en casa, Bolsonaro se pasea en moto acu\u00e1tica y participa en manifestaciones en Brasilia.<\/p>\n\n\n\n<p>La ca\u00f3tica gesti\u00f3n del presidente ha llevado a dos de sus ministros de Salud, ambos m\u00e9dicos, a abandonar el barco en menos de un mes.<\/p>\n\n\n\n<p><strong>El uso de la cloroquina<\/strong><\/p>\n\n\n\n<p>Estaban en desacuerdo con la campa\u00f1a de Bolsonaro en contra del confinamiento, pero sobre todo por la obsesi\u00f3n del mandatario con la cloroquina, un medicamento utilizado para combatir la malaria y cuyos efectos contra el virus no han sido cient\u00edficamente demostrados.<\/p>\n\n\n\n<p>El mandatario se sali\u00f3 con la suya al nombrar como ministro interino a&nbsp;<strong>un general&nbsp;<\/strong><strong>sin ninguna experiencia en el \u00e1mbito sanitario<\/strong>, Eduardo Pazuello, quien el mi\u00e9rcoles autoriz\u00f3 que el f\u00e1rmaco puede usarse tambi\u00e9n en personas con s\u00edntomas leves, con autorizaci\u00f3n m\u00e9dica y la conformidad del paciente.<\/p>\n\n\n\n<p>Bolsonaro ya ha adelantado que Pazuello, que ha nombrado a nueve militares en distintos cargos del ministerio, permanecer\u00e1 en el puesto \u00abpor mucho tiempo\u00bb.<\/p>\n\n\n\n<p>Una vez m\u00e1s, el ultraderechista sigue los pasos de su admirado hom\u00f3logo estadounidense, Donald Trump, que consume diariamente un comprimido de hidroxicloroquina de manera preventiva contra el covid-19.<\/p>\n\n\n\n<p>El propio Ministerio de Salud ha reconocido que&nbsp;<strong>no hay evidencias suficientes sobre la eficacia del f\u00e1rmaco<\/strong>, y que su consumo puede generar graves efectos secundarios, como arritmias y disfunciones hep\u00e1ticas. La OMS tampoco recomienda su uso y muchos especialistas reprobaron el nuevo protocolo en Brasil.<\/p>\n\n\n\n<p>Dentro del Gobierno brasile\u00f1o tambi\u00e9n ha provocado discrepancias. El secretario de Ciencia y Tecnolog\u00eda del Ministerio de Salud, el m\u00e9dico y biof\u00edsico&nbsp;Ant\u00f4nio Carlos Campos de Carvalho, pidi\u00f3 la dimisi\u00f3n de su cargo esta semana.<\/p>\n\n\n\n<p>\u00abNo particip\u00e9 [en la elaboraci\u00f3n del documento] y tampoco lo har\u00eda\u00bb, explic\u00f3 en una&nbsp;<a href=\"https:\/\/www1.folha.uol.com.br\/cotidiano\/2020\/05\/decisao-sobre-cloroquina-foi-precipitada-e-pode-trazer-riscos-diz-secretario-que-pediu-demissao-da-saude.shtml\" target=\"_blank\" rel=\"noreferrer noopener\">entrevista<\/a>. \u00abEn el momento en el que el ministro [Nelson Teich] pidi\u00f3 salir y las cosas comenzaron a empeorar,&nbsp;con interferencia directa en las decisiones que no se basaban en criterios cient\u00edficos, no fue posible continuar\u00bb, matiz\u00f3.<\/p>\n\n\n\n<p>A la crisis sanitaria y pol\u00edtica \u2013Bolsonaro es&nbsp;<a href=\"https:\/\/actualidad.rt.com\/actualidad\/352790-pandemia-batalla-bolsonaro-moro-semana-decisiva-brasil\" target=\"_blank\" rel=\"noreferrer noopener\">investigado<\/a>&nbsp;por supuesta interferencia pol\u00edtica en el seno de la Polic\u00eda\u2013 se suma la econ\u00f3mica en un pa\u00eds con grandes niveles de pobreza y de desempleo.<\/p>\n","protected":false},"excerpt":{"rendered":"<p>Marta Miera Fuente: Kaos en la Red Brasil camina sin rumbo pol\u00edtico fijo en medio de la pandemia del coronavirus, mientras los muertos e infectados aumentan y el pa\u00eds se convierte en uno de los m\u00e1s golpeados a nivel mundial. Esta semana el gigante latinoamericano super\u00f3 la barrera de los 1.000 muertos en 24 horas. [&hellip;]<\/p>\n","protected":false},"author":1,"featured_media":1697,"comment_status":"open","ping_status":"open","sticky":false,"template":"","format":"standard","meta":{"footnotes":""},"categories":[5,3],"tags":[],"_links":{"self":[{"href":"http:\/\/www.movimientocaamanista.com\/index.php?rest_route=\/wp\/v2\/posts\/2112"}],"collection":[{"href":"http:\/\/www.movimientocaamanista.com\/index.php?rest_route=\/wp\/v2\/posts"}],"about":[{"href":"http:\/\/www.movimientocaamanista.com\/index.php?rest_route=\/wp\/v2\/types\/post"}],"author":[{"embeddable":true,"href":"http:\/\/www.movimientocaamanista.com\/index.php?rest_route=\/wp\/v2\/users\/1"}],"replies":[{"embeddable":true,"href":"http:\/\/www.movimientocaamanista.com\/index.php?rest_route=%2Fwp%2Fv2%2Fcomments&post=2112"}],"version-history":[{"count":1,"href":"http:\/\/www.movimientocaamanista.com\/index.php?rest_route=\/wp\/v2\/posts\/2112\/revisions"}],"predecessor-version":[{"id":2114,"href":"http:\/\/www.movimientocaamanista.com\/index.php?rest_route=\/wp\/v2\/posts\/2112\/revisions\/2114"}],"wp:featuredmedia":[{"embeddable":true,"href":"http:\/\/www.movimientocaamanista.com\/index.php?rest_route=\/wp\/v2\/media\/1697"}],"wp:attachment":[{"href":"http:\/\/www.movimientocaamanista.com\/index.php?rest_route=%2Fwp%2Fv2%2Fmedia&parent=2112"}],"wp:term":[{"taxonomy":"category","embeddable":true,"href":"http:\/\/www.movimientocaamanista.com\/index.php?rest_route=%2Fwp%2Fv2%2Fcategories&post=2112"},{"taxonomy":"post_tag","embeddable":true,"href":"http:\/\/www.movimientocaamanista.com\/index.php?rest_route=%2Fwp%2Fv2%2Ftags&post=2112"}],"curies":[{"name":"wp","href":"https:\/\/api.w.org\/{rel}","templated":true}]}}