{"id":2115,"date":"2020-05-22T11:08:12","date_gmt":"2020-05-22T11:08:12","guid":{"rendered":"http:\/\/www.movimientocaamanista.com\/?p=2115"},"modified":"2020-05-22T11:08:17","modified_gmt":"2020-05-22T11:08:17","slug":"coronovirus-en-chile-record-de-muertes-y-contagio-en-medio-de-protestas-por-hambre","status":"publish","type":"post","link":"http:\/\/www.movimientocaamanista.com\/?p=2115","title":{"rendered":"Coronovirus en Chile: record de muertes y contagio en medio de protestas por hambre"},"content":{"rendered":"\n<p>P\u00e1gina12<\/p>\n\n\n\n<p>Fuente: <a href=\"https:\/\/kaosenlared.net\/coronovirus-en-chile-record-de-muertes-y-contagio-en-medio-de-protestas-por-hambre\/\">Kaos en la Red<\/a><\/p>\n\n\n\n<p>Se produjeron graves incidentes durante la noche del lunes en los sectores m\u00e1s humildes de Santiago, cuyos pobladores reclaman comida y trabajo. La polic\u00eda inform\u00f3 la detenci\u00f3n de 21 personas y abrieron querellas en su contra.<\/p>\n\n\n\n<p>Chile alcanza nuevo r\u00e9cord de muertes y contagios diarios por coronavirus y extiende la cuarentena<\/p>\n\n\n\n<p>El gobierno chileno inform\u00f3 hoy que registr\u00f3 35 muertes y 4.038 casos nuevos de contagio por coronavirus en las \u00faltimas 24 horas, ambas cifras r\u00e9cord, y anunci\u00f3 la pr\u00f3rroga de la cuarentena total en la Regi\u00f3n Metropolitana como parte de las medidas para atacar la crisis sanitaria, que ya dej\u00f3 53.617 infectados y 544 decesos en un pa\u00eds que no alcanza los 20 millones de habitantes.<\/p>\n\n\n\n<p>El ministro de salud, Jaime Ma\u00f1alich, detall\u00f3 en conferencia de prensa desde el Palacio de La Moneda que debido a este incremento en casos y fallecidos diarios, se renueva la cuarentena total en las 32 comunas (barrios) y otros seis sectores aleda\u00f1os de la Regi\u00f3n Metropolitana hasta el viernes 29 de mayo a las 22.<\/p>\n\n\n\n<p>Tambi\u00e9n ratific\u00f3 la medida de aislamiento hasta el 29 de mayo para las ciudades de Iquique y Alto Hospicio (Regi\u00f3n de Tarapac\u00e1) y las localidades de Antofagasta y Mejillones (Regi\u00f3n de Antofagasta) y que se suma a la medida la ciudad de Lonquimay en la Regi\u00f3n de La Araucan\u00eda.<\/p>\n\n\n\n<p>La subsecretaria de Salud, Paula Daza, inform\u00f3 que \u201cse notificaron 35 personas fallecidas, lo que suma un total de 544 asociadas al coronavirus, la mayor\u00eda de ellas con antecedentes de enfermedades cr\u00f3nicas, hipertensi\u00f3n, diabetes y principalmente enfermedades cardiovasculares\u00bb.<\/p>\n\n\n\n<p>Daza notific\u00f3 que se contabilizaron 4.038 casos nuevos, de los cuales 3.647 presentaron s\u00edntomas y 391 fueron asintom\u00e1ticos, para un total de 53.617 infectados.<\/p>\n\n\n\n<p>\u201cM\u00e1s de un 85% siguen correspondiendo a la Regi\u00f3n Metropolitana\u201d, explic\u00f3 la funcionaria.<\/p>\n\n\n\n<p>Por su parte, el subsecretario de Redes Asistenciales, Arturo Z\u00fa\u00f1iga, inform\u00f3 que hab\u00eda 904 personas hospitalizadas, de las cuales 758 est\u00e1n conectadas a ventilaci\u00f3n mec\u00e1nica con 143 que est\u00e1n en condici\u00f3n cr\u00edtica.<\/p>\n\n\n\n<p>El ministro inform\u00f3 adem\u00e1s que desde hoy a las 18 y durante todo el fin de semana se establecer\u00e1 un cord\u00f3n sanitario \u201cmuy estricto\u201d en la Regi\u00f3n Metropolitana, el Gran Concepci\u00f3n y la ciudad de Temuco con el fin de \u201cno permitir el paso, en ning\u00fan sentido, durante este fin de semana largo de personas que buscan alejarse, salir de estos n\u00facleos urbanos y con ellos aumentar el riesgo de infecci\u00f3n a las localidades que concurran\u201d.<\/p>\n\n\n\n<p>La creciente crisis sanitaria impuls\u00f3 protestas callejeras y el Ministerio del Interior anunci\u00f3 hoy la presentaci\u00f3n de querellas contra 15 personas involucradas en una manifestaci\u00f3n ocurrida en la comuna (barrio) capitalina de El Bosque, que exig\u00edan mayor atenci\u00f3n del gobierno en medio de la crisis sanitaria.<\/p>\n\n\n\n<p>Juan Francisco Galli, subsecretario del Interior, afirm\u00f3 en una entrevista con CNN Chile que presentaron querellas contra 10 personas por saqueos a una distribuidora de gas y otras dos contra personas por llevar elementos explosivos, ya que \u201cportaban 12 botellas adaptadas para la fabricaci\u00f3n de bombas molotov\u201d.<\/p>\n\n\n\n<p>Este resurgimiento de la protesta social se produce en medio de la cuarentena total que rige en el Gran Santiago, iniciado el pasado viernes, ante el incremento de los casos diarios de contagiados y de fallecidos por coronavirus en la Regi\u00f3n Metropolitana.<\/p>\n\n\n\n<p><strong>Luego de graves incidentes en Santiago en la noche del lunes durante protestas contra el hambre, Chile report\u00f3 este mi\u00e9rcoles un total de 35 muertos y 4038 contagios de coronavirus en las ultimas 24 horas.&nbsp;<\/strong>Las dos cifras son record. Tambi\u00e9n se&nbsp;anunci\u00f3 la pr\u00f3rroga de la cuarentena total en la Regi\u00f3n Metropolitana como parte de las medidas para atacar la crisis sanitaria, que ya dej\u00f3 53.617 infectados y 544 decesos en un pa\u00eds que no alcanza los 20 millones de habitantes.<\/p>\n\n\n\n<p>En la noche del lunes, las manifestaciones que se multiplicaron&nbsp;<a href=\"https:\/\/www.pagina12.com.ar\/266682-ante-la-protesta-pinera-vuelve-a-la-receta-de-la-represion\">a lo largo del d\u00eda<\/a>&nbsp;se agudizaron en los sectores m\u00e1s humildes de Santiago, cuyos pobladores reclaman comida y trabajo debido a la falta de ayuda estatal.&nbsp;<strong>La protesta se extendi\u00f3 por varias horas y dej\u00f3 como saldo a 21 personas detenidas, seg\u00fan inform\u00f3 la polic\u00eda.<\/strong><\/p>\n\n\n\n<p>El Ministerio del Interior anunci\u00f3 este mi\u00e9rcoles la presentaci\u00f3n de querellas contra 15 personas involucradas en una manifestaci\u00f3n ocurrida en la comuna (barrio) capitalina de El Bosque, que exig\u00edan mayor atenci\u00f3n del gobierno en medio de la crisis sanitaria.<\/p>\n\n\n\n<p>Juan Francisco Galli, subsecretario del Interior, afirm\u00f3 en una entrevista con CNN Chile que presentaron querellas contra 10 personas por saqueos a una distribuidora de gas y otras dos contra personas por llevar elementos explosivos, ya que \u201cportaban 12 botellas adaptadas para la fabricaci\u00f3n de bombas molotov\u201d.<\/p>\n\n\n\n<p><strong>El peor balance diario de la covid-19 para Chile se dio a conocer luego de que se produjeran protestas, cacerolazos e incidentes en distintos barrios pobres de Santiago el lunes,<\/strong>&nbsp;primer d\u00eda h\u00e1bil de una cuarentena total que rige desde el viernes pasado en la capital chilena, principal foco de la pandemia en el pa\u00eds.&nbsp;<strong>\u00abTenemos hambre\u00bb, \u00abqueremos trabajar\u00bb, \u00abnecesitamos que llegue algo de ayuda\u00bb, se escuchaba entre vecinos de los barrios m\u00e1s vulnerables de Santiago, parte del 11,7 por ciento de pobres que tiene este pa\u00eds de casi 18 millones de habitantes.<\/strong>&nbsp;La primera manifestaci\u00f3n se produjo el lunes por la ma\u00f1ana en la comuna El Bosque, al sur de la capital chilena, donde el cuerpo de Carabineros intent\u00f3 disolver la manifestaci\u00f3n con carros hidrantes y gases.<\/p>\n\n\n\n<p><strong>\u00abNo es por la cuarentena, es ayuda, alimento, eso es lo que est\u00e1 pidiendo la gente en estos momentos\u00bb, declar\u00f3 desde el lugar Ver\u00f3nica Abarca, una vecina de El Bosque.<\/strong>&nbsp;\u00abYo soy peluquera canina y tengo una miniempresa, a m\u00ed no me dan ning\u00fan bono del gobierno. Tengo 4 hijos, a m\u00ed no me ayudan porque tengo un negocio. Mucha gente aqu\u00ed es microempresaria y no la ayudan\u00bb, dijo Paola Garrido, otra vecina de la zona.&nbsp;<strong>Por la tarde se sumaron m\u00e1s a la protesta, y las escenas de descontento se replicaron en otros sectores de la comuna.<\/strong><\/p>\n\n\n\n<p><strong>Durante la noche, unas cien personas saquearon una distribuidora de gas. En el centro de la ciudad, manifestantes quemaron un colectivo y en otras \u00e1reas de clase media y trabajadora, que en el \u00faltimo mes perdieron empleos, se escucharon cacerolazos.&nbsp;<\/strong>En la torre del edificio de Telef\u00f3nica, ubicado en el centro de Santiago y donde se proyectaron en sus paredes distintas proclamas durante las protestas sociales que comenzaron el pasado octubre, eligieron la palabra \u00abhambre\u00bb para reflejar la dram\u00e1tica actualidad del pa\u00eds trasandino.<\/p>\n\n\n\n<p>\u00abNosotros llevamos muchas semanas en cuarentena, desde antes que la decretara el presidente porque sabemos que no tenemos camas en nuestros hospitales del sur de Santiago\u00bb, explic\u00f3 a radio Cooperativa Claudia Pizarro, alcaldesa de La Pintana, otra barriada popular del Gran Santiago.&nbsp;<strong>\u00abEl hambre se est\u00e1 viendo desde hace varias semanas. Cada d\u00eda la gente est\u00e1 organizando m\u00e1s&nbsp;<a href=\"https:\/\/www.pagina12.com.ar\/265728-la-vuelta-de-la-olla-comun-simbolo-de-la-pobreza-en-tiempos-\">ollas comunes<\/a>&nbsp;y la gente viene, no como antes que era un comedor, ahora vienen a buscar comida para llevarla a la casa\u00bb, detall\u00f3 Pizarro.&nbsp;<\/strong>La alcaldesa le reproch\u00f3 al gobierno del presidente Sebasti\u00e1n Pi\u00f1era haber hecho \u00abanuncios espectaculares\u00bb, aunque \u00abtodas las cosas est\u00e1n llegando a destiempo\u00bb.<\/p>\n\n\n\n<p><strong>El domingo por la noche, Pi\u00f1era anunci\u00f3 en un mensaje dirigido al pa\u00eds que se distribuir\u00edan 2,5 millones de canastas de alimentos a los m\u00e1s pobres, aunque no dio plazos ni precis\u00f3 en qu\u00e9 lugares. Los alcaldes de los sectores m\u00e1s afectados por la pandemia ni siquiera estaban enterados de ese plan.<\/strong>&nbsp;Previamente y en el mes de abril, el presidente anunci\u00f3 la entrega de un bono familiar por un monto equivalente a 317 d\u00f3lares para unos 4,5 millones de los chilenos m\u00e1s vulnerables, que a\u00fan no fue repartido.&nbsp;<strong>La covid-19 sigue haciendo estragos en la econom\u00eda del pa\u00eds, con 238.115 despidos registrados en el \u00faltimo mes.<\/strong><\/p>\n\n\n\n<p>Sin embargo, las autoridades sanitarias advirtieron que la crisis puede empeorar.&nbsp;&nbsp;El ministro de salud, Jaime Ma\u00f1alich, detall\u00f3 en conferencia de prensa desde el Palacio de La Moneda que debido al incremento en casos y fallecidos diarios, se renueva la cuarentena total en las 32 comunas (barrios) y otros seis sectores aleda\u00f1os de la Regi\u00f3n Metropolitana hasta el viernes 29 de mayo a las 22. El ministro inform\u00f3 adem\u00e1s que desde este mi\u00e9rcoles a las 18 y durante todo el fin de semana se establecer\u00e1 un cord\u00f3n sanitario \u201cmuy estricto\u201d en la Regi\u00f3n Metropolitana, el Gran Concepci\u00f3n y la ciudad de Temuco con el fin de \u201cno permitir el paso, en ning\u00fan sentido, durante este fin de semana largo de personas que buscan alejarse, salir de estos n\u00facleos urbanos y con ellos aumentar el riesgo de infecci\u00f3n a las localidades que concurran\u201d.<\/p>\n","protected":false},"excerpt":{"rendered":"<p>P\u00e1gina12 Fuente: Kaos en la Red Se produjeron graves incidentes durante la noche del lunes en los sectores m\u00e1s humildes de Santiago, cuyos pobladores reclaman comida y trabajo. La polic\u00eda inform\u00f3 la detenci\u00f3n de 21 personas y abrieron querellas en su contra. Chile alcanza nuevo r\u00e9cord de muertes y contagios diarios por coronavirus y extiende [&hellip;]<\/p>\n","protected":false},"author":1,"featured_media":2116,"comment_status":"open","ping_status":"open","sticky":false,"template":"","format":"standard","meta":{"footnotes":""},"categories":[5,3],"tags":[],"_links":{"self":[{"href":"http:\/\/www.movimientocaamanista.com\/index.php?rest_route=\/wp\/v2\/posts\/2115"}],"collection":[{"href":"http:\/\/www.movimientocaamanista.com\/index.php?rest_route=\/wp\/v2\/posts"}],"about":[{"href":"http:\/\/www.movimientocaamanista.com\/index.php?rest_route=\/wp\/v2\/types\/post"}],"author":[{"embeddable":true,"href":"http:\/\/www.movimientocaamanista.com\/index.php?rest_route=\/wp\/v2\/users\/1"}],"replies":[{"embeddable":true,"href":"http:\/\/www.movimientocaamanista.com\/index.php?rest_route=%2Fwp%2Fv2%2Fcomments&post=2115"}],"version-history":[{"count":1,"href":"http:\/\/www.movimientocaamanista.com\/index.php?rest_route=\/wp\/v2\/posts\/2115\/revisions"}],"predecessor-version":[{"id":2117,"href":"http:\/\/www.movimientocaamanista.com\/index.php?rest_route=\/wp\/v2\/posts\/2115\/revisions\/2117"}],"wp:featuredmedia":[{"embeddable":true,"href":"http:\/\/www.movimientocaamanista.com\/index.php?rest_route=\/wp\/v2\/media\/2116"}],"wp:attachment":[{"href":"http:\/\/www.movimientocaamanista.com\/index.php?rest_route=%2Fwp%2Fv2%2Fmedia&parent=2115"}],"wp:term":[{"taxonomy":"category","embeddable":true,"href":"http:\/\/www.movimientocaamanista.com\/index.php?rest_route=%2Fwp%2Fv2%2Fcategories&post=2115"},{"taxonomy":"post_tag","embeddable":true,"href":"http:\/\/www.movimientocaamanista.com\/index.php?rest_route=%2Fwp%2Fv2%2Ftags&post=2115"}],"curies":[{"name":"wp","href":"https:\/\/api.w.org\/{rel}","templated":true}]}}