{"id":2133,"date":"2020-05-24T20:00:43","date_gmt":"2020-05-24T20:00:43","guid":{"rendered":"http:\/\/www.movimientocaamanista.com\/?p=2133"},"modified":"2020-05-24T20:00:45","modified_gmt":"2020-05-24T20:00:45","slug":"chile-mi-hermano-menor-con-covid-19","status":"publish","type":"post","link":"http:\/\/www.movimientocaamanista.com\/?p=2133","title":{"rendered":"Chile. Mi hermano menor con Covid 19"},"content":{"rendered":"\n<p>Hugo Far\u00edas Moya<\/p>\n\n\n\n<p>Fuente: <a href=\"https:\/\/kaosenlared.net\/chile-mi-hermano-menor-con-covid-19\/\">Kaos en la Red<\/a><\/p>\n\n\n\n<p>En los \u00faltimos d\u00edas de abril mi hermano Marcelo comenz\u00f3 a sentirse mal de salud. Como trabaja de obrero (trazador) en la construcci\u00f3n de un edificio en Estaci\u00f3n Central, inmediatamente se le encendieron las alarmas. Ya en su obra hab\u00eda dos trabajadores contagiados y por ende los jefes decretaron la cuarentena para todo el personal. En el consultorio donde vive, en la comuna de Pedro Aguirre Cerda, no hab\u00eda stock para realizarse el examen PCR, por lo tanto, fue enviado al Hospital Barros Luco. Ah\u00ed, junto a su hija mayor, se tomaron el examen y al d\u00eda siguiente por tel\u00e9fono se le inform\u00f3 que hab\u00edan resultado positivos. Las instrucciones fueron claras y precisas, no deb\u00edan salir de su casa y el medicamento que se les recet\u00f3 fue paracetamol (que debieron comprarlo en la farmacia de su barrio) y tomar mucho l\u00edquido.<\/p>\n\n\n\n<p>&nbsp;A esa fecha, 28 de abril en Chile ya hab\u00eda 14.365 personas contagiadas y 207 fallecidos. Tambi\u00e9n por esa fecha Sebasti\u00e1n Pi\u00f1era declaraba:&nbsp;<strong>\u201cEstamos preparados como pa\u00eds para enfrentar adecuadamente esta pandemia\u201d.<\/strong><\/p>\n\n\n\n<p>A los d\u00edas siguientes de la confirmaci\u00f3n del contagio, mi sobrina solamente sinti\u00f3 fiebre por un par de d\u00edas y de ah\u00ed nunca m\u00e1s tuvo molestias. En cambio, mi hermano pas\u00f3 por un verdadero v\u00eda crucis. En los primeros tres d\u00edas sufri\u00f3 tercianas y fuertes dolores en la espalda (como cuando se sienten c\u00f3licos renales), y tambi\u00e9n grandes dolores de est\u00f3mago. En los d\u00edas siguientes sigui\u00f3 con un profundo decaimiento y fuertes dolores de cabeza. En un d\u00eda determinado sinti\u00f3 mucho dolor a los ojos y lagrimeaba todo el rato, m\u00e1s si le entraba un poco de luz a su pieza.<\/p>\n\n\n\n<p>Ya esa fecha, 10 de mayo, las estad\u00edsticas oficiales daban cuenta que en Chile hab\u00eda 28.866 pacientes contagiados y con 312 personas fallecidos. Nuevamente por esa fecha Sebasti\u00e1n Pi\u00f1era declaraba:&nbsp;<strong>\u201cEn Chile estamos mejor preparados de lo que estaba Italia para enfrentar esta pandemia\u201d.&nbsp;<\/strong><\/p>\n\n\n\n<p>Sigo con la evoluci\u00f3n de mi hermano. Desde el d\u00eda 10 al 25 sigui\u00f3 con problemas respiratorios. Le dol\u00eda el pecho y la espalda al respirar muy profundo. Por ende, no pod\u00eda realizar ning\u00fan esfuerzo f\u00edsico. Desde el d\u00eda 26, desde el inicio de su enfermedad comenz\u00f3 a sentirse mejor y se podr\u00eda catalogar que ya est\u00e1 recuperado. Esto ocurri\u00f3 hace un par de d\u00edas atr\u00e1s. Nadie del servicio p\u00fablico de salud lo fue a visitar, ni menos de la Municipalidad. Solamente lo llamaban por tel\u00e9fono cada dos d\u00edas para ver su evoluci\u00f3n.<\/p>\n\n\n\n<p>Ahora mi sobrino de 10 a\u00f1os que vive con ellos, comenz\u00f3 a sentir los s\u00edntomas leves de la enfermedad. Durante los \u00faltimos cinco d\u00edas ha tenido fiebre, que se le baja con paracetamol. Seg\u00fan el m\u00e9dico que lo atiende por tel\u00e9fono es fijo que se contagi\u00f3 de Covid 19, pero por ning\u00fan motivo debe enviarlo al hospital para realizarse el examen y tampoco a su mam\u00e1. Entonces sacamos por conclusi\u00f3n que todos en su casa est\u00e1n contagiados, pero no aparecen todos en la cifra oficial de enfermos de COVID 19. Por supuesto que debido a ello no tienen ninguna restricci\u00f3n para desplazarse en la calle ni en los medios de locomoci\u00f3n. Por suerte est\u00e1n haciendo la cuarentena en forma voluntaria y no obligada. Quiz\u00e1s cu\u00e1ntos casos m\u00e1s de contagiados existen hoy caminando tranquilamente por las calles de nuestro pa\u00eds y no saben que son portadores de la enfermedad.&nbsp;<\/p>\n\n\n\n<p>Ya al d\u00eda de hoy, 20 de mayo, las estad\u00edsticas oficiales dan cuenta que en Chile hay 53.617 pacientes contagiados y con la triste cifra de 544 personas fallecidas. Nuevamente por esta misma fecha Sebasti\u00e1n Pi\u00f1era declaraba:&nbsp;<strong>\u201cEn Chile no est\u00e1bamos preparados para esta pandemia mundial.\u201d<\/strong><\/p>\n\n\n\n<p>Ya las camas disponibles en el servicio de urgencia del pa\u00eds se est\u00e1n acabando. Como asimismo los ventiladores mec\u00e1nicos, que, en nuestro pa\u00eds, modelo de desarrollo, no somos capaces de fabricarlos.&nbsp;<\/p>\n\n\n\n<p>En resumen, en el gobierno de \u201clos mejores\u201d, el de la \u201cexcelencia\u201d, los \u201ceficientes\u201d. En el gobierno donde gobiernan los \u201cgerentes\u201d, los \u201cexpertos\u201d, al final han tenido que reconocer que no se la pudieron. Como dicen en el campo chileno: \u201cLes qued\u00f3 grande el poncho\u201d. Como dec\u00eda mi profesor de la Universidad: \u201cSiempre la soberbia es una mala consejera\u201d.<\/p>\n","protected":false},"excerpt":{"rendered":"<p>Hugo Far\u00edas Moya Fuente: Kaos en la Red En los \u00faltimos d\u00edas de abril mi hermano Marcelo comenz\u00f3 a sentirse mal de salud. Como trabaja de obrero (trazador) en la construcci\u00f3n de un edificio en Estaci\u00f3n Central, inmediatamente se le encendieron las alarmas. Ya en su obra hab\u00eda dos trabajadores contagiados y por ende los [&hellip;]<\/p>\n","protected":false},"author":1,"featured_media":2134,"comment_status":"open","ping_status":"open","sticky":false,"template":"","format":"standard","meta":{"footnotes":""},"categories":[5,3],"tags":[],"_links":{"self":[{"href":"http:\/\/www.movimientocaamanista.com\/index.php?rest_route=\/wp\/v2\/posts\/2133"}],"collection":[{"href":"http:\/\/www.movimientocaamanista.com\/index.php?rest_route=\/wp\/v2\/posts"}],"about":[{"href":"http:\/\/www.movimientocaamanista.com\/index.php?rest_route=\/wp\/v2\/types\/post"}],"author":[{"embeddable":true,"href":"http:\/\/www.movimientocaamanista.com\/index.php?rest_route=\/wp\/v2\/users\/1"}],"replies":[{"embeddable":true,"href":"http:\/\/www.movimientocaamanista.com\/index.php?rest_route=%2Fwp%2Fv2%2Fcomments&post=2133"}],"version-history":[{"count":1,"href":"http:\/\/www.movimientocaamanista.com\/index.php?rest_route=\/wp\/v2\/posts\/2133\/revisions"}],"predecessor-version":[{"id":2135,"href":"http:\/\/www.movimientocaamanista.com\/index.php?rest_route=\/wp\/v2\/posts\/2133\/revisions\/2135"}],"wp:featuredmedia":[{"embeddable":true,"href":"http:\/\/www.movimientocaamanista.com\/index.php?rest_route=\/wp\/v2\/media\/2134"}],"wp:attachment":[{"href":"http:\/\/www.movimientocaamanista.com\/index.php?rest_route=%2Fwp%2Fv2%2Fmedia&parent=2133"}],"wp:term":[{"taxonomy":"category","embeddable":true,"href":"http:\/\/www.movimientocaamanista.com\/index.php?rest_route=%2Fwp%2Fv2%2Fcategories&post=2133"},{"taxonomy":"post_tag","embeddable":true,"href":"http:\/\/www.movimientocaamanista.com\/index.php?rest_route=%2Fwp%2Fv2%2Ftags&post=2133"}],"curies":[{"name":"wp","href":"https:\/\/api.w.org\/{rel}","templated":true}]}}