{"id":2136,"date":"2020-05-24T20:08:11","date_gmt":"2020-05-24T20:08:11","guid":{"rendered":"http:\/\/www.movimientocaamanista.com\/?p=2136"},"modified":"2020-05-24T20:08:13","modified_gmt":"2020-05-24T20:08:13","slug":"la-gripe-espanola-de-1918-y-el-ascenso-del-nazismo-tomen-nota","status":"publish","type":"post","link":"http:\/\/www.movimientocaamanista.com\/?p=2136","title":{"rendered":"La gripe espa\u00f1ola de 1918 y el ascenso del nazismo: tomen nota"},"content":{"rendered":"\n<p>Juan Torres L\u00f3pez<\/p>\n\n\n\n<p>Fuente: <a href=\"https:\/\/rebelion.org\/la-gripe-espanola-de-1918-y-el-ascenso-del-nazismo-tomen-nota\/\">Rebeli\u00f3n<\/a><\/p>\n\n\n\n<p>Los estudios cient\u00edficos que han demostrado la alta correlaci\u00f3n existente entre el deterioro de la vida econ\u00f3mica y el ascenso de la extrema derecha son muy abundantes.<\/p>\n\n\n\n<p>M\u00e1s concretamente, se han podido demostrar algunos hechos que deber\u00edan ser tomados muy en cuenta por nuestros pol\u00edticos y gobernantes.<\/p>\n\n\n\n<p>En primer lugar, sabemos que el ascenso de la extrema derecha no se produce como consecuencia de cualquier tipo de crisis, sino de las financieras y cuando el periodo de recesi\u00f3n posterior a la crisis es duradero.<\/p>\n\n\n\n<p>Tambi\u00e9n sabemos que las pol\u00edticas de austeridad, los recortes en el gasto p\u00fablico que llevan consigo disminuci\u00f3n de las prestaciones sociales y deterioro de los servicios p\u00fablicos, est\u00e1n altamente correlacionadas con el ascenso del la extrema derecha. Algo que se ha podido demostrar perfectamente en el caso alem\u00e1n: tras las pol\u00edticas de grandes recortes que se llevaron a cabo entre 1930 y 1932, el partido nazi multiplic\u00f3 su voto, pasando de tener poco m\u00e1s del 2% en 1928 a casi el 45% en 1933.<\/p>\n\n\n\n<p>Desde hace unos d\u00edas sabemos un poco m\u00e1s sobre el ascenso del nazismo en Alemania pues un economista de la Reserva Federal de Nueva York, Kristian Blickle, ha publicado un estudio, todav\u00eda en versi\u00f3n preliminar, en el que se demuestra la gran influencia que la pandemia de gripe espa\u00f1ola tuvo en el \u00e9xito posterior de Adolf Hitler (puede leerse&nbsp;<a href=\"https:\/\/www.newyorkfed.org\/medialibrary\/media\/research\/staff_reports\/sr921.pdf\">aqu\u00ed<\/a>).<\/p>\n\n\n\n<p>Blickle ha analizado las muertes producidas por aquella pandemia en las diferentes regiones y ciudades alemanas y ha podido comprobar que all\u00ed donde la mortalidad fue m\u00e1s alta se registr\u00f3 tiempo despu\u00e9s un mayor apoyo electoral a los partidos de extrema derecha y particularmente al nazi.<\/p>\n\n\n\n<p>Su an\u00e1lisis pone de manifiesto que las ciudades y regiones donde hubo m\u00e1s muertos a causa de la pandemia registraron luego m\u00e1s desempleo y recortes de gasto p\u00fablico. Estos dos factores est\u00e1n claramente relacionados con el ascenso de la extrema derecha, seg\u00fan el an\u00e1lisis de Blickle, aunque igualmente demuestra que ni el mayor nivel de paro ni las pol\u00edticas de austeridad fueron las \u00fanicas v\u00edas por las que la pandemia termin\u00f3 produciendo un aumento del voto al partido nazi. De hecho, se\u00f1ala que otras enfermedades, como la tuberculosis, que produc\u00edan m\u00e1s o menos las mismas muertes que provoc\u00f3 la gripe espa\u00f1ola, no tuvieron el mismo efecto sobre el electorado.<\/p>\n\n\n\n<p>En su opini\u00f3n, lo que ocurri\u00f3 fue que aquella pandemia concentr\u00f3 principalmente sus efectos sobre la juventud, primero en cuanto a mortalidad se refiere y, m\u00e1s tarde y a consecuencia del recorte de gasto y del cambio demogr\u00e1fico, en la mentalidad y en las actitudes sociales. Blickle se\u00f1ala, por ejemplo, que los recortes afectaron a servicios disfrutados especialmente por la poblaci\u00f3n m\u00e1s joven y que el origen for\u00e1neo del virus foment\u00f3 el resentimiento hacia los extranjeros&nbsp;que fueron vistos como responsables de la pandemia. De hecho, muestra que el porcentaje de votos para los extremistas de derecha aument\u00f3 particularmente en las regiones que hist\u00f3ricamente hab\u00edan culpado a las minor\u00edas de las plagas medievales.<\/p>\n\n\n\n<p>En todo caso, el ascenso del nazismo seguramente no pueda explicarse s\u00f3lo por ese tipo de razones econ\u00f3micas. Tambi\u00e9n se ha comprobado que influy\u00f3 decisivamente la enorme polarizaci\u00f3n social y pol\u00edtica de aquel periodo. Leon Trotski retrat\u00f3 muy gr\u00e1ficamente lo que ocurr\u00eda en esa Alemania donde germinaba el terror. Dec\u00eda que era como una pir\u00e1mide en cuyo v\u00e9rtice superior hab\u00eda una bola que la extrema derecha, por una parte, trataba de volcar hacia la izquierda para romper la espalda del movimiento obrero mientras que el partido comunista, por otra, la empujaba hacia el otro lado, para romp\u00e9rsela al capitalismo.<\/p>\n\n\n\n<p>Despu\u00e9s de 2008 sufrimos una recesi\u00f3n larga y muy dura, durante unos a\u00f1os que han visto crecer la extrema derecha en casi todos los pa\u00edses del mundo, hasta el punto de que son bastantes los que est\u00e1n gobernados por l\u00edderes extremistas como Trump, Orban o Bolsonaro. El&nbsp;<em>Royal United Service Institute<\/em>, un centro de estudios ingl\u00e9s bastante conservador, acaba de publicar un peque\u00f1o informe en el que se indica que el nivel de amenaza del extremismo de derecha amplificado por la crisis global es alto (<a href=\"https:\/\/rusi.org\/commentary\/far-right-and-coronavirus-extreme-voices-amplified-global-crisis\">aqu\u00ed<\/a>). Por un lado, porque est\u00e1 extendiendo la idea de que \u00abla reconstrucci\u00f3n de un orden mundial racialmente puro requiere avivar el caos mediante ataques masivos y tomar las armas para desencadenar una guerra racial\u00bb; y, por otro, por el riesgo de que un colapso econ\u00f3mico provocado por las medidas necesarias para atajar la pandemia produzca disturbios civiles masivos que desestabilicen a los gobiernos y fuerzas de seguridad.<\/p>\n\n\n\n<p>La covid-19 no es una pandemia exactamente igual que la provocada por la gripe espa\u00f1ola, pero deber\u00edamos tener cuidado pues sus antecedentes y la situaci\u00f3n que se est\u00e1 generando tienen casi todos los ingredientes que facilitaron la llegada al poder de los nazis: el deterioro econ\u00f3mico es evidente, los recortes ya los hemos sufrido y otros nuevos est\u00e1n a la vuelta de la esquina, el desprecio de la pol\u00edtica democr\u00e1tica como instrumento de gesti\u00f3n de los asuntos p\u00fablicos es extraordinario, la polarizaci\u00f3n agobiante y la xenofobia tremenda. \u00bfQu\u00e9 se puede esperar cuando nada m\u00e1s y nada menos que el portavoz del Departamento de Salud y Servicios Humanos de la primera potencia mundial, Michael Caputo, dice que la covid-19 se produce porque \u00abmillones de chinos chupan la sangre de los murci\u00e9lagos rabiosos como aperitivo y se comen el culo de los osos hormigueros\u00bb, o que \u00ablos dem\u00f3cratas est\u00e1n presionando para que el virus mate a mucha gente\u00bb? (<a href=\"https:\/\/edition.cnn.com\/2020\/04\/23\/politics\/michael-caputo-tweets\/index.html\">aqu\u00ed<\/a>).<\/p>\n\n\n\n<p>A mi juicio, la conclusi\u00f3n ante estos estudios hist\u00f3ricos y ante la situaci\u00f3n en la que nos encontramos es bastante clara. Hay que ser muy pragm\u00e1ticos porque lo mejor suele ser enemigo de lo bueno: hay que evitar, antes que cualquier otra cosa, que la econom\u00eda, la situaci\u00f3n de las empresas y las condiciones de vida de la gente se deterioren. Y, adem\u00e1s, hay que luchar contra la polarizaci\u00f3n pol\u00edtica y tratar de evitarla por todos los medios. Insistir hoy d\u00eda en una estrategia de confrontaci\u00f3n entre derecha e izquierda es la forma m\u00e1s r\u00e1pida y segura de provocar un choque social de consecuencias nefastas que sufrir\u00e1n en mayor medidas las clases trabajadoras y las personas menos favorecidas. Es imprescindible dise\u00f1ar un proyecto pol\u00edtico de mucha m\u00e1s amplia mayor\u00eda, basado en la defensa de los derechos humanos, de la democracia, de la transparencia, la libertad, la solidaridad y la justicia; un proyecto que s\u00f3lo tenga enfrente a quienes se atrincheran en el b\u00fanker de sus privilegios y de su inmenso ego\u00edsmo, y no a la mitad de la sociedad.<\/p>\n\n\n\n<p><em>Juan Torres L\u00f3pez es Catedr\u00e1tico de Econom\u00eda Aplicada de la Universidad de Sevilla. Dedicado al an\u00e1lisis y divulgaci\u00f3n de la realidad econ\u00f3mica, en los \u00faltimos a\u00f1os ha publicado alrededor de un millar de art\u00edculos de opini\u00f3n y numerosos libros que se han convertido en \u00e9xitos editoriales. Los dos \u00faltimos, \u2018Econom\u00eda para no dejarse enga\u00f1ar por los economistas\u2019 y \u2018La Renta B\u00e1sica. \u00bfQu\u00e9 es, cu\u00e1ntos tipos hay, c\u00f3mo se financia y qu\u00e9 efectos tiene?\u2019<\/em><\/p>\n","protected":false},"excerpt":{"rendered":"<p>Juan Torres L\u00f3pez Fuente: Rebeli\u00f3n Los estudios cient\u00edficos que han demostrado la alta correlaci\u00f3n existente entre el deterioro de la vida econ\u00f3mica y el ascenso de la extrema derecha son muy abundantes. M\u00e1s concretamente, se han podido demostrar algunos hechos que deber\u00edan ser tomados muy en cuenta por nuestros pol\u00edticos y gobernantes. En primer lugar, [&hellip;]<\/p>\n","protected":false},"author":1,"featured_media":2137,"comment_status":"open","ping_status":"open","sticky":false,"template":"","format":"standard","meta":{"footnotes":""},"categories":[4],"tags":[],"_links":{"self":[{"href":"http:\/\/www.movimientocaamanista.com\/index.php?rest_route=\/wp\/v2\/posts\/2136"}],"collection":[{"href":"http:\/\/www.movimientocaamanista.com\/index.php?rest_route=\/wp\/v2\/posts"}],"about":[{"href":"http:\/\/www.movimientocaamanista.com\/index.php?rest_route=\/wp\/v2\/types\/post"}],"author":[{"embeddable":true,"href":"http:\/\/www.movimientocaamanista.com\/index.php?rest_route=\/wp\/v2\/users\/1"}],"replies":[{"embeddable":true,"href":"http:\/\/www.movimientocaamanista.com\/index.php?rest_route=%2Fwp%2Fv2%2Fcomments&post=2136"}],"version-history":[{"count":1,"href":"http:\/\/www.movimientocaamanista.com\/index.php?rest_route=\/wp\/v2\/posts\/2136\/revisions"}],"predecessor-version":[{"id":2138,"href":"http:\/\/www.movimientocaamanista.com\/index.php?rest_route=\/wp\/v2\/posts\/2136\/revisions\/2138"}],"wp:featuredmedia":[{"embeddable":true,"href":"http:\/\/www.movimientocaamanista.com\/index.php?rest_route=\/wp\/v2\/media\/2137"}],"wp:attachment":[{"href":"http:\/\/www.movimientocaamanista.com\/index.php?rest_route=%2Fwp%2Fv2%2Fmedia&parent=2136"}],"wp:term":[{"taxonomy":"category","embeddable":true,"href":"http:\/\/www.movimientocaamanista.com\/index.php?rest_route=%2Fwp%2Fv2%2Fcategories&post=2136"},{"taxonomy":"post_tag","embeddable":true,"href":"http:\/\/www.movimientocaamanista.com\/index.php?rest_route=%2Fwp%2Fv2%2Ftags&post=2136"}],"curies":[{"name":"wp","href":"https:\/\/api.w.org\/{rel}","templated":true}]}}