{"id":2141,"date":"2020-05-24T20:40:51","date_gmt":"2020-05-24T20:40:51","guid":{"rendered":"http:\/\/www.movimientocaamanista.com\/?p=2141"},"modified":"2020-06-17T11:07:40","modified_gmt":"2020-06-17T11:07:40","slug":"presentacion-curso-a-distancia-el-mundo-despues-del-covid-19","status":"publish","type":"post","link":"http:\/\/www.movimientocaamanista.com\/?p=2141","title":{"rendered":"Presentaci\u00f3n curso a distancia \u201cEL MUNDO DESPU\u00c9S DEL COVID-19\u201d"},"content":{"rendered":"\n<p>Fuente:  <strong><a href=\"https:\/\/atilioboron.com.ar\/presentacion-curso-a-distancia\/\">Atilio A. Boron<\/a><\/strong><a href=\"https:\/\/atilioboron.com.ar\/presentacion-curso-a-distancia\/\"> <\/a><\/p>\n\n\n\n<p>Este curso quiere ser un arma para el duro combate que se viene en el momento de la reconstrucci\u00f3n una vez la humanidad se haya librado de la pandemia. Esta palabra, \u201creconstrucci\u00f3n\u201d, tuvo amplia difusi\u00f3n en los a\u00f1os posteriores a la Segunda Guerra Mundial, es portadora de una apropiada connotaci\u00f3n arquitect\u00f3nica.&nbsp; A las fuerzas anticapitalistas y populares les espera una enorme tarea: construir un&nbsp; nuevo tipo hist\u00f3rico de sociedad con rasgos definitivamente post-capitalistas superadores de la devastaci\u00f3n econ\u00f3mica y social producida por la \u201ctormenta perfecta\u201d de la combinaci\u00f3n entre pandemia y crisis general del capitalismo.<\/p>\n\n\n\n<p>La sociedad que debe nacer de la tragedia actual podr\u00eda ser llamada \u201cproto-socialista\u201d. Sin ser estrictamente hablando socialista deber\u00e1 ser una en donde viejos derechos convertidos en mercanc\u00edas durante el apogeo del neoliberalismo recuperen su condici\u00f3n originaria y sean la plataforma desde la cual avanzar m\u00e1s a fondo en las imprescindibles e impostergables reformas necesarias para construir un mundo mejor, es decir, un mundo socialista. Una sociedad que revierta definitivamente el desequilibrio de la ecuaci\u00f3n Estado-Mercados a favor del primero y que imponga estrictas regulaciones al funcionamiento de los segundos. Esto supone un proceso de fortalecimiento del Estado, v\u00eda su profunda democratizaci\u00f3n y, tambi\u00e9n, de su capacidad para redistribuir la riqueza hoy concentrada en una \u00ednfima minor\u00eda de nuestras sociedades. Por lo tanto se impone la reconstrucci\u00f3n de las bases financieras del Estado mediante una reforma tributaria integral en donde las grandes fortunas y las grandes ganancias aporten lo que corresponde, y no como ocurre hoy en casi todas las sociedades en las cuales los que menos tienen y menos ganan m\u00e1s aportan al fisco por la v\u00eda de los impuestos indirectos. En suma, el COVID-19 abre las puertas para pensar lo que hasta ayer era impensable. Por ejemplo,&nbsp; la socializaci\u00f3n de la medicina, desde la industria farmac\u00e9utica hasta la atenci\u00f3n m\u00e9dico-hospitalaria, y siguiendo por la seguridad social, la recuperaci\u00f3n de la educaci\u00f3n, el transporte, la vivienda como derechos de acceso universal y la potenciaci\u00f3n de toda una amplia gama de derechos relacionados con la protecci\u00f3n del medio ambiente, de las minor\u00edas sojuzgadas y discriminadas (LGTBI, pueblos originarios, poblaciones de afrodescendientes, etc\u00e9tera) sin olvidarnos de una profunda reforma que ponga fin al parasitismo del capital y sus maniobras especulativas en el casino financiero mundial y la tambi\u00e9n inaplazable necesidad de democratizar los medios de comunicaci\u00f3n, sin lo cual no habr\u00e1 democracia posible en ning\u00fan pa\u00eds.<\/p>\n\n\n\n<p>Para inscribirse, pueden hacerlo a trav\u00e9s de este link:<\/p>\n\n\n\n<p><img loading=\"lazy\" decoding=\"async\" width=\"350\" height=\"251\" class=\"wp-image-2142\" style=\"width: 150px;\" src=\"http:\/\/www.movimientocaamanista.com\/wp-content\/uploads\/2020\/05\/CURSO.jpeg\" alt=\"\" srcset=\"http:\/\/www.movimientocaamanista.com\/wp-content\/uploads\/2020\/05\/CURSO.jpeg 350w, http:\/\/www.movimientocaamanista.com\/wp-content\/uploads\/2020\/05\/CURSO-300x215.jpeg 300w, http:\/\/www.movimientocaamanista.com\/wp-content\/uploads\/2020\/05\/CURSO-322x230.jpeg 322w\" sizes=\"(max-width: 350px) 100vw, 350px\" \/><a href=\"https:\/\/docs.google.com\/forms\/d\/e\/1FAIpQLSff43UwazBu1z5mNXUQRG4_IE2_8It7AqRIiZStlPUOdNIs_A\/viewform\">CURSO \u201cEL MUNDO DESPU\u00c9S DEL COVID-19\u201d<\/a><\/p>\n\n\n\n<p>Este curso es producto de un trabajo colectivo, en donde quienes lo hacen posible contribuyen desinteresadamente a la concreci\u00f3n del proyecto y como un aporte militante en los pocos momentos que les dejan libre sus obligaciones laborales. Pero hay gastos que son inevitables: adquirir o comprar el espacio en el&nbsp;<em>hosting<\/em>;&nbsp; hacer lo propio con la plataforma educacional y su eficiente administraci\u00f3n; la&nbsp; filmaci\u00f3n de las videoclases;&nbsp; la edici\u00f3n del material filmado; la introducci\u00f3n de animaciones con fotograf\u00edas, videos y&nbsp;<em>podcasts<\/em>; la selecci\u00f3n de material de lectura y, eventualmente, el seguimiento de las actividades de quienes toman el curso; y hay muchos etc\u00e9teras m\u00e1s. Los profesores del curso, porque el actual ser\u00e1 apenas el primero de una serie a anunciarse pr\u00f3ximamente, lo hacen al igual que el resto del equipo de modo \u00edntegramente&nbsp;<em>ad honorem<\/em>.&nbsp; Pero no ser\u00eda viable mantener un ambicioso proyecto de educaci\u00f3n popular como \u00e9ste abusando de la solidaridad militante de las otras personas del equipo, que llevan a cabo tareas esenciales para el \u00e9xito del proyecto sin cobrar un solo peso. Al mismo tiempo somos conscientes de que en tiempos como \u00e9ste poca gente, muy poca, en Latinoam\u00e9rica y el Caribe podr\u00eda&nbsp; pagar siquiera una m\u00f3dica suma por el curso. Pero hay quienes s\u00ed podr\u00edan, y hay otros que residiendo en pa\u00edses fuera de la regi\u00f3n estar\u00edan en condiciones de hacer un peque\u00f1o aporte solidario. De eso nada m\u00e1s se trata.<\/p>\n\n\n\n<p>Por eso, teniendo a la vista las consideraciones precedentes, hemos adoptado el siguiente criterio: este curso, y los pr\u00f3ximos que ofrezcamos, ser\u00e1n&nbsp;<strong>GRATIS.&nbsp;<\/strong>Pero rogamos que quienes est\u00e9n en condiciones&nbsp; de hacer un donativo por favor lo hagan. Puede que sus organizaciones, sindicatos o partidos reconozcan que una militancia con buena formaci\u00f3n es un activo irreemplazable ante los tiempos que se nos vienen encima y asuman ellos mismo esa peque\u00f1a inversi\u00f3n en la educaci\u00f3n de sus activistas. Apelamos a su solidaridad militante para hacer de esta plataforma una fuente permanente de informaci\u00f3n y formaci\u00f3n para la construcci\u00f3n del mundo mejor que todos so\u00f1amos.<\/p>\n\n\n\n<p><a href=\"https:\/\/www.patreon.com\/atilioboron?fan_landing=true\">https:\/\/www.patreon.com\/atilioboron?fan_landing=true<\/a><\/p>\n","protected":false},"excerpt":{"rendered":"<p>Fuente: Atilio A. Boron Este curso quiere ser un arma para el duro combate que se viene en el momento de la reconstrucci\u00f3n una vez la humanidad se haya librado de la pandemia. Esta palabra, \u201creconstrucci\u00f3n\u201d, tuvo amplia difusi\u00f3n en los a\u00f1os posteriores a la Segunda Guerra Mundial, es portadora de una apropiada connotaci\u00f3n arquitect\u00f3nica.&nbsp; [&hellip;]<\/p>\n","protected":false},"author":1,"featured_media":2142,"comment_status":"open","ping_status":"open","sticky":false,"template":"","format":"standard","meta":{"footnotes":""},"categories":[7,4],"tags":[],"_links":{"self":[{"href":"http:\/\/www.movimientocaamanista.com\/index.php?rest_route=\/wp\/v2\/posts\/2141"}],"collection":[{"href":"http:\/\/www.movimientocaamanista.com\/index.php?rest_route=\/wp\/v2\/posts"}],"about":[{"href":"http:\/\/www.movimientocaamanista.com\/index.php?rest_route=\/wp\/v2\/types\/post"}],"author":[{"embeddable":true,"href":"http:\/\/www.movimientocaamanista.com\/index.php?rest_route=\/wp\/v2\/users\/1"}],"replies":[{"embeddable":true,"href":"http:\/\/www.movimientocaamanista.com\/index.php?rest_route=%2Fwp%2Fv2%2Fcomments&post=2141"}],"version-history":[{"count":1,"href":"http:\/\/www.movimientocaamanista.com\/index.php?rest_route=\/wp\/v2\/posts\/2141\/revisions"}],"predecessor-version":[{"id":2143,"href":"http:\/\/www.movimientocaamanista.com\/index.php?rest_route=\/wp\/v2\/posts\/2141\/revisions\/2143"}],"wp:featuredmedia":[{"embeddable":true,"href":"http:\/\/www.movimientocaamanista.com\/index.php?rest_route=\/wp\/v2\/media\/2142"}],"wp:attachment":[{"href":"http:\/\/www.movimientocaamanista.com\/index.php?rest_route=%2Fwp%2Fv2%2Fmedia&parent=2141"}],"wp:term":[{"taxonomy":"category","embeddable":true,"href":"http:\/\/www.movimientocaamanista.com\/index.php?rest_route=%2Fwp%2Fv2%2Fcategories&post=2141"},{"taxonomy":"post_tag","embeddable":true,"href":"http:\/\/www.movimientocaamanista.com\/index.php?rest_route=%2Fwp%2Fv2%2Ftags&post=2141"}],"curies":[{"name":"wp","href":"https:\/\/api.w.org\/{rel}","templated":true}]}}