{"id":2217,"date":"2020-06-04T11:08:34","date_gmt":"2020-06-04T11:08:34","guid":{"rendered":"http:\/\/www.movimientocaamanista.com\/?p=2217"},"modified":"2020-06-04T11:08:37","modified_gmt":"2020-06-04T11:08:37","slug":"lucha-interna-o-trujillo-siempre60-anos-despues","status":"publish","type":"post","link":"http:\/\/www.movimientocaamanista.com\/?p=2217","title":{"rendered":"Lucha interna o Trujillo siempre:60 a\u00f1os despu\u00e9s"},"content":{"rendered":"\n<p>Movimiento Popular Dominicano (MPD)<\/p>\n\n\n\n<p>Llegamos resueltos el 4 de junio del 1960 a enfrentar la tiran\u00eda.  <\/p>\n\n\n\n<p>Rendimos honor a M\u00e1ximo L\u00f3pez Molina y Andr\u00e9s Ramos Peguero en \u00e9ste 60 aniversario de nuestra llega a R.D.<\/p>\n\n\n\n<p>Estamos de pie y firmes en \u00e9ste momento hist\u00f3rico y crucial  cuando estamos cumpliendo 60 a\u00f1os de haber llegado el 4 de junio del 1960 a desaf\u00edar la tiran\u00eda trujillista en su propia madriguera.<\/p>\n\n\n\n<p>Esa decisi\u00f3n hist\u00f3rica de ingresar a la Rep\u00fablica Dominicana la tom\u00f3 el partido, y se acord\u00f3 que ellos dos entrar\u00e1n primero como avanzada, mientras otros gestionan apoyo en otros pa\u00edses, y preparaban la retirada total. <\/p>\n\n\n\n<p>Los camaradas M\u00e1ximo L\u00f3pez Molina ( qui\u00e9n a\u00fan vive en Par\u00eds, Francia) y el desaparecido camarada Andr\u00e9s Ramos Peguero, fueron los dos de la avanzada que entraron  al pa\u00eds v\u00eda Puerto Rico.<\/p>\n\n\n\n<p>El MPD no ha parado un solo d\u00eda de luchar desde su llegada al pa\u00eds hasta estos precisos momentos.<br>\nLa consigna: &#8220;Lucha interna o Trujillo Siempre&#8221;<br>\nNo s\u00f3lo fue una simple consigna, fue una pol\u00edtica democr\u00e1tica y revolucionaria, a la vez que desafiante a la bestia que sangraba sin parar por todos los atropellos y desastres que hab\u00eda cometido en ese periodo de casi treinta a\u00f1os.<\/p>\n\n\n\n<p>Nuestro partido en poco tiempo recab\u00f3 el apoyo moral y pol\u00edtico de grandes masas de la poblaci\u00f3n obrera y popular de la capital y el pa\u00eds.<\/p>\n\n\n\n<p>En Santiago se realiz\u00f3 para el mes d agosto del 1960 una gran manifestaci\u00f3n en el parque Duarte de esa provincia norte\u00f1a.<\/p>\n\n\n\n<p>Por ser una organizaci\u00f3n resuelta y revolucionaria perdi\u00f3 103 compa\u00f1eros. 87 identificados,entre ellos dos hijos de Mauricio B\u00e1ez (Pedro y Federico), estos hab\u00edan que cambiarse el apellido y ponerse Mueses B\u00e1ez. El camarada obrero Floricksel Erickson, desaparecido.<\/p>\n\n\n\n<p>El local fue alquilado por Francisco Ramos Rojas padre de los hermanos Ramos Peguero,en la avenida Duarte #12,(anteriormente conocida como, Jos\u00e9 Trujillo Valdez). Constituy\u00f3 una muralla, una Atalaya desde donde M\u00e1ximo L\u00f3pez Molina arengaba al pueblo a oponerse al trujillismo.<\/p>\n\n\n\n<p>Eso provoc\u00f3 c\u00e1rceles, atropellos de parte de los calieses del SIM y de los paleros.<\/p>\n\n\n\n<p>La historia de esos cortos meses sirvi\u00f3 para que el MPD se entroncara en la mentalidad del pueblo dominicano y fuera preocupaci\u00f3n para los opresores de entonces y a\u00f1os m\u00e1s tarde.<\/p>\n\n\n\n<p>Como organizaci\u00f3n democr\u00e1tica y revolucionaria deriv\u00f3 dial\u00e9ctica mente hacia el socialismo y la democracia popular.<\/p>\n\n\n\n<p>En su surgimiento en la Habana, Cuba, el 20 de febrero del 1956 comenz\u00f3 su pol\u00edtica de solidaridad pr\u00e1ctica para con la insurrecci\u00f3n de Fidel y sus guerrilleros, tal fue as\u00ed el compromiso ejercido por M\u00e1ximo L\u00f3pez Molina y el de Andr\u00e9s Ramos Peguero, qui\u00e9n lleg\u00f3 a ocupar el cargo de capit\u00e1n de la polic\u00eda revolucionaria al triunfar la revoluci\u00f3n cubana en 1959.<\/p>\n\n\n\n<p>Lo que dice claramente, que la solidaridad del MPD con los pueblos y sus causas no es simplemente ret\u00f3rica, sino acci\u00f3n pr\u00e1ctica y pol\u00edtica.<\/p>\n\n\n\n<p>60 a\u00f1os de presencia en nuestro pa\u00eds, se multiplicar\u00e1n en los hechos y en la memoria de nuestros m\u00e1rtires; al igual se reproducir\u00e1n en la juventud obrera, popular y revolucionaria de nuestra Rep\u00fablica Dominicana.<\/p>\n\n\n\n<p>Junio: mes de Hilda Gautreaux y Baldemiro Castro!!!<\/p>\n\n\n\n<p>MPD, siempre junto al pueblo!!!<\/p>\n\n\n\n<p>Nuestras consideraciones y respeto para M\u00e1ximo L\u00f3pez Molina y Andr\u00e9s Ramos Peguero!!!<\/p>\n\n\n\n<p>El Partido de Pablo Mart\u00ednez, El Moreno y El Men Presente!!!<\/p>\n\n\n\n<p>Comit\u00e9 Pol\u00edtico del Comit\u00e9 Central.<br>\nDepartamento Internacional.<\/p>\n","protected":false},"excerpt":{"rendered":"<p>Movimiento Popular Dominicano (MPD) Llegamos resueltos el 4 de junio del 1960 a enfrentar la tiran\u00eda. Rendimos honor a M\u00e1ximo L\u00f3pez Molina y Andr\u00e9s Ramos Peguero en \u00e9ste 60 aniversario de nuestra llega a R.D. Estamos de pie y firmes en \u00e9ste momento hist\u00f3rico y crucial cuando estamos cumpliendo 60 a\u00f1os de haber llegado el [&hellip;]<\/p>\n","protected":false},"author":1,"featured_media":2218,"comment_status":"open","ping_status":"open","sticky":false,"template":"","format":"standard","meta":{"footnotes":""},"categories":[5,16],"tags":[],"_links":{"self":[{"href":"http:\/\/www.movimientocaamanista.com\/index.php?rest_route=\/wp\/v2\/posts\/2217"}],"collection":[{"href":"http:\/\/www.movimientocaamanista.com\/index.php?rest_route=\/wp\/v2\/posts"}],"about":[{"href":"http:\/\/www.movimientocaamanista.com\/index.php?rest_route=\/wp\/v2\/types\/post"}],"author":[{"embeddable":true,"href":"http:\/\/www.movimientocaamanista.com\/index.php?rest_route=\/wp\/v2\/users\/1"}],"replies":[{"embeddable":true,"href":"http:\/\/www.movimientocaamanista.com\/index.php?rest_route=%2Fwp%2Fv2%2Fcomments&post=2217"}],"version-history":[{"count":1,"href":"http:\/\/www.movimientocaamanista.com\/index.php?rest_route=\/wp\/v2\/posts\/2217\/revisions"}],"predecessor-version":[{"id":2219,"href":"http:\/\/www.movimientocaamanista.com\/index.php?rest_route=\/wp\/v2\/posts\/2217\/revisions\/2219"}],"wp:featuredmedia":[{"embeddable":true,"href":"http:\/\/www.movimientocaamanista.com\/index.php?rest_route=\/wp\/v2\/media\/2218"}],"wp:attachment":[{"href":"http:\/\/www.movimientocaamanista.com\/index.php?rest_route=%2Fwp%2Fv2%2Fmedia&parent=2217"}],"wp:term":[{"taxonomy":"category","embeddable":true,"href":"http:\/\/www.movimientocaamanista.com\/index.php?rest_route=%2Fwp%2Fv2%2Fcategories&post=2217"},{"taxonomy":"post_tag","embeddable":true,"href":"http:\/\/www.movimientocaamanista.com\/index.php?rest_route=%2Fwp%2Fv2%2Ftags&post=2217"}],"curies":[{"name":"wp","href":"https:\/\/api.w.org\/{rel}","templated":true}]}}