{"id":2244,"date":"2020-06-10T00:35:36","date_gmt":"2020-06-10T00:35:36","guid":{"rendered":"http:\/\/www.movimientocaamanista.com\/?p=2244"},"modified":"2020-06-10T00:35:37","modified_gmt":"2020-06-10T00:35:37","slug":"denunciamos-la-represion-y-atropellos-cometidos-en-actividad-una-flor-para-floyd","status":"publish","type":"post","link":"http:\/\/www.movimientocaamanista.com\/?p=2244","title":{"rendered":"Denunciamos la represi\u00f3n y atropellos cometidos en actividad \u201c Una Flor para Floyd\u201d"},"content":{"rendered":"\n<p>Movimiento Popular Dominicano (MPD)<\/p>\n\n\n\n<p>En el d\u00eda de hoy previo al inicio de la actividad \u201c Una Flor para Floyd\u201d la Polic\u00eda Nacional atropell\u00f3 y reprimi\u00f3 a docenas de compa\u00f1eros, los cuales ten\u00edan como \u00fanico objetivo realizar una actividad simb\u00f3lica, pac\u00edfica y de homenaje a George Floyd, en el cual la ciudadan\u00eda podr\u00eda durante todo el d\u00eda depositar una flor como un acto de solidaridad ante el vil crimen cometido que pone en desnud\u00f3 la realidad del sistema capitalista. <\/p>\n\n\n\n<p>La actitud del gobierno el cual orden\u00f3 a la Polic\u00eda Nacional reprimir esta actividad no es m\u00e1s que otro acto m\u00e1s de arbitrariedad y brutalidad policial en Rep\u00fablica Dominicana, lo cual debe ser condenado por toda la sociedad. <\/p>\n\n\n\n<p>Aclaramos que esta es una actividad de solidaridad contra \u00e9l racimo que se desarrolla a nivel mundial cumpliendo con todas las recomendaciones del distanciamiento f\u00edsico, en la cual se deposita una flor como acto simb\u00f3lico. <\/p>\n\n\n\n<p>Reprochamos y condenamos en\u00e9rgicamente la represion polic\u00edal y exigimos la libertad de las compa\u00f1eras Ana Belique, Maribel Nu\u00f1ez y otros compa\u00f1eros que fueron arrestados en el d\u00eda de hoy. <\/p>\n\n\n\n<p>La lucha en contra de estos cr\u00edmenes de odio y de la ambici\u00f3n capitalista debe seguir para obligar a que la intolerancia y la discriminaci\u00f3n no dominen la sociedad mundial. <\/p>\n\n\n\n<p>El Partido de Pablo Mart\u00ednez, El Moreno y El Men Presente!!!<\/p>\n\n\n\n<p>Comit\u00e9 Regional del Distrito\u201d 20 de Febrero\u201d <\/p>\n","protected":false},"excerpt":{"rendered":"<p>Movimiento Popular Dominicano (MPD) En el d\u00eda de hoy previo al inicio de la actividad \u201c Una Flor para Floyd\u201d la Polic\u00eda Nacional atropell\u00f3 y reprimi\u00f3 a docenas de compa\u00f1eros, los cuales ten\u00edan como \u00fanico objetivo realizar una actividad simb\u00f3lica, pac\u00edfica y de homenaje a George Floyd, en el cual la ciudadan\u00eda podr\u00eda durante todo [&hellip;]<\/p>\n","protected":false},"author":1,"featured_media":2242,"comment_status":"open","ping_status":"open","sticky":false,"template":"","format":"standard","meta":{"footnotes":""},"categories":[5,2],"tags":[],"_links":{"self":[{"href":"http:\/\/www.movimientocaamanista.com\/index.php?rest_route=\/wp\/v2\/posts\/2244"}],"collection":[{"href":"http:\/\/www.movimientocaamanista.com\/index.php?rest_route=\/wp\/v2\/posts"}],"about":[{"href":"http:\/\/www.movimientocaamanista.com\/index.php?rest_route=\/wp\/v2\/types\/post"}],"author":[{"embeddable":true,"href":"http:\/\/www.movimientocaamanista.com\/index.php?rest_route=\/wp\/v2\/users\/1"}],"replies":[{"embeddable":true,"href":"http:\/\/www.movimientocaamanista.com\/index.php?rest_route=%2Fwp%2Fv2%2Fcomments&post=2244"}],"version-history":[{"count":1,"href":"http:\/\/www.movimientocaamanista.com\/index.php?rest_route=\/wp\/v2\/posts\/2244\/revisions"}],"predecessor-version":[{"id":2245,"href":"http:\/\/www.movimientocaamanista.com\/index.php?rest_route=\/wp\/v2\/posts\/2244\/revisions\/2245"}],"wp:featuredmedia":[{"embeddable":true,"href":"http:\/\/www.movimientocaamanista.com\/index.php?rest_route=\/wp\/v2\/media\/2242"}],"wp:attachment":[{"href":"http:\/\/www.movimientocaamanista.com\/index.php?rest_route=%2Fwp%2Fv2%2Fmedia&parent=2244"}],"wp:term":[{"taxonomy":"category","embeddable":true,"href":"http:\/\/www.movimientocaamanista.com\/index.php?rest_route=%2Fwp%2Fv2%2Fcategories&post=2244"},{"taxonomy":"post_tag","embeddable":true,"href":"http:\/\/www.movimientocaamanista.com\/index.php?rest_route=%2Fwp%2Fv2%2Ftags&post=2244"}],"curies":[{"name":"wp","href":"https:\/\/api.w.org\/{rel}","templated":true}]}}