{"id":2257,"date":"2020-06-14T15:08:02","date_gmt":"2020-06-14T15:08:02","guid":{"rendered":"http:\/\/www.movimientocaamanista.com\/?p=2257"},"modified":"2020-06-18T23:54:47","modified_gmt":"2020-06-18T23:54:47","slug":"capital-crisis-y-racismo","status":"publish","type":"post","link":"http:\/\/www.movimientocaamanista.com\/?p=2257","title":{"rendered":"CAPITAL, CRISIS Y RACISMO"},"content":{"rendered":"\n<p>Narciso Isa Conde<\/p>\n\n\n\n<p>El capitalismo lleva en sus entra\u00f1as la explotaci\u00f3n de la fuerza de trabajo y la opresi\u00f3n de los seres humanos.<\/p>\n\n\n\n<p>En su din\u00e1mica las capacidades f\u00edsicas y mentales de la humanidad resultan ser las \u00fanicas mercanc\u00edas que se compran a un precio muy inferior al precio de las mercanc\u00edas que producen; gener\u00e1ndoles grandes vol\u00famenes de ganancias a los due\u00f1os de los medios de producci\u00f3n y distribuci\u00f3n, y empresas de servicios.<\/p>\n\n\n\n<p>Los salarios, como precios de la fuerza de trabajo, siempre est\u00e1n muy por debajo del valor de los productos de la misma y siempre el capitalista se empe\u00f1a en precarizarlo, en reducir en t\u00e9rminos relativos su poder de compra.<\/p>\n\n\n\n<p>\u00b7         MEZCLA DE OPRESIONES.<\/p>\n\n\n\n<p>Pero no solo.<\/p>\n\n\n\n<p>El capital, como relaci\u00f3n social, incorpora -adem\u00e1s de la explotaci\u00f3n y opresi\u00f3n de clase- todas las opresiones y discriminaciones desplegadas previamente a lo largo de la historia o durante su existencia, y las conviertes en funcionales a la obtenci\u00f3n de grandes ganancias v\u00eda la sobre-explotaci\u00f3n del sujeto humano discriminado.<\/p>\n\n\n\n<p>A ese prop\u00f3sito ha servido el \u201cinvento\u201d que divide a los seres humanos en razas clasificadas y calificadas como \u201cinferiores\u201d desde la \u201csupremac\u00eda blanca\u201d, a partir del color de la piel y otros componentes de la fisonom\u00eda o tipos humanos (fenotipos).<\/p>\n\n\n\n<p>Ah\u00ed est\u00e1 la fuente del racismo, de la crueldad racista estrechamente vinculada a la conquista y colonizaci\u00f3n de matriz europea.<\/p>\n\n\n\n<p>Igual ha pasado -cada una con sus expresiones particulares- con otras opresiones y subordinaciones sociales, como las derivadas del patriarcado y su engendro machista, del adulto-centrismo o dictadura de los adultos, de la homofobia y discriminaciones por abrazar determinadas opciones sexuales.<\/p>\n\n\n\n<p>Todas han sido convertidas en palancas de las sobre-ganancias capitalistas, potenciados con esos fines los recursos ideol\u00f3gicos que impliquen desprecio y subvaloraci\u00f3n.<\/p>\n\n\n\n<p>\u00b7         RACISMO, COLONIALISMO EUROPEO Y \u201cSUPERIORIDAD\u201d BLANCA.<\/p>\n\n\n\n<p>En el caso del racismo se incorpora intensamente la herencia colonial, que apoyada en el desarrollo desigual a favor de los imperios europeos, impuso la falsa superioridad blanca contra abor\u00edgenes de las Indias Occidentales, africanos \u201cnegros\u201d, asi\u00e1ticos \u201camarillos\u201d y todas sus derivadas en el mestizaje. Seguida fielmente por el capitalista-imperialista norteamericano.<\/p>\n\n\n\n<p>La ideolog\u00eda racista sirve as\u00ed a la explotaci\u00f3n y al trato cruel  de los\/as discriminados\/as por su fisonom\u00eda, por su color, por sus rasgos f\u00edsicos diferenciados de un modelo blanco supuestamente superior y realmente dominante y opresor.<\/p>\n\n\n\n<p>Sirvi\u00f3 antes para esclavizar y para convertir en sirvientes a una gran parte de los productores de riquezas.<\/p>\n\n\n\n<p>Sirvi\u00f3 para enriquecer esclavistas, monarcas, noblezas y contribuir a crear burgues\u00edas.<\/p>\n\n\n\n<p>Sirve al capital moderno y postmoderno para obtener s\u00faper-ganancias desde la esclavitud asalariada, desde la h\u00edper-explotaci\u00f3n de la fuerza de trabajo \u201cformal\u201d e \u201cinformal\u201d; incluso del trabajo no remunerado o paup\u00e9rrimamente remunerado, de la sobre-explotaci\u00f3n y la exclusi\u00f3n social acompa\u00f1ada del maltrato en todas las vertientes de la vida en sociedad.<\/p>\n\n\n\n<p>\u00b7         ESTADOS Y PODERES CON ALTAS DOSIS DE RACISMOS.<\/p>\n\n\n\n<p>Ese proceder, esa mezcla ideol\u00f3gica, impregna el Estado y sus instituciones, influye en las partidocracias y en los llamados \u201cpoderes facticos\u201d o de poderes de hecho. Se instala en el coraz\u00f3n y el cerebro del poder. Est\u00e1 presente cotidianamente en la esfera del la producci\u00f3n capitalista, del comercio, de los servicios, de los cuerpos represivos, del poder medi\u00e1tico y de los mecanismo generadores de la cultura dominante.<\/p>\n\n\n\n<p>La opresi\u00f3n racista, combinada con la voracidad del gran capital privado y el accionar de los Estados bajo su control, le impone a una gran parte los\/as discriminados\/as, los peores salarios, las peores condiciones de vida, altos niveles de desempleo y hacinamiento, y todo tipo de injusticias, abusos de poder, humillaciones y vej\u00e1menes; agravados cuando se suman a otras subordinaciones por razones de sexo y edad.<\/p>\n\n\n\n<p>El odio inculcado pasa a ser criminalidad en los cuerpos coercitivos del Estado, registr\u00e1ndose golpizas, torturas y asesinatos con una frecuencia que espanta. La muestra m\u00e1s conmovedora es como en el pa\u00eds supuestamente l\u00edder de la democracia mundial, cae un negro asesinado cada 27 horas.<\/p>\n\n\n\n<p>No valen constituciones, leyes, tratados: la ideolog\u00eda racista motiva reacciones de poder que violentan todos los l\u00edmites establecidos y derechos aparentemente conquistados. La impunidad  casi siempre logra proteger a sus protagonistas.<\/p>\n\n\n\n<p>\u00b7         OPRESIONES EN TIEMPO DE CRISIS SIST\u00c9MICA.<\/p>\n\n\n\n<p>En tiempos de grandes crisis -como le es la actual, con Covid y todo- las opresiones se potencian. Las rebeld\u00edas populares crecen. Las tensiones, las contradicciones, se ponen al rojo vivo.<\/p>\n\n\n\n<p>Las clases dominantes-gobernantes, vuelcan las depresiones econ\u00f3micas, las penurias sociales, los d\u00e9ficits en servicios de salud, sobre la clase explotada, sectores excluidos, y contingentes humanos discriminados por razones diversas: color de piel, sexo, edad, pa\u00eds de origen.<\/p>\n\n\n\n<p>Las clases y sectores dominados sufren, se saturan de calamidades, se indignan. Rompen la pasividad y estallan. Se levantan y se revelan en espiral ascendente.<\/p>\n\n\n\n<p>Eso explica lo acontecido en EEUU, donde el cruel y descarado asesinado  George Floyd, desbord\u00f3 la copa del descontento acumulado provocando una insurgencia social que va mucho m\u00e1s all\u00e1 de la insumisi\u00f3n de los\/as afro-descendientes.<\/p>\n\n\n\n<p>El arco\u00edris muestra una suma de rebeld\u00edas y no pocas ansias de liberaciones: del pueblo \u201cnegro\u201d y \u201csepia\u201d, \u201clatinos\u201d indignados, migrantes de todos los continentes, mujeres abusadas, j\u00f3venes abandonados, proletarios blancos empobrecidos, homosexuales discriminados, cuentapropistas, peque\u00f1os y medianos empresarios arruinados, artistas, deportistas e intelectuales con alta sensibilidad  humana y social.<\/p>\n\n\n\n<p>Los hay tambi\u00e9n oportunistas, anti-racistas ret\u00f3ricos, antifascista de hojalata, pol\u00edticos del \u201cstablisment\u201d\u2026 que hist\u00f3ricamente medran en el sistema con poses liberales, sin disponerse a arrancar de ra\u00edz los males acumulados ni a derrotar las din\u00e1micas que lo reproducen.<\/p>\n\n\n\n<p>\u00b7         OTRA FASE DE LA CRISIS Y LAS REBELIONES.<\/p>\n\n\n\n<p>Estamos en otra fase, no la final de esta pelea, que es proceso. EEUU y el mundo est\u00e1n cada vez m\u00e1s convulsionados. El sistema capitalista est\u00e1 en decadencia, sin llegar a la quiebra. Va de crisis en crisis hacia un mayor deterioro, reestructuraciones fr\u00e1giles y un neoliberalismo cada vez m\u00e1s duro.<\/p>\n\n\n\n<p>No hay salida superadora de la crisis dentro de sus estructuras. Estos hechos muestran que el racismo, como otras opresiones, est\u00e1 ya soldado al capitalismo imperialista como sistema, a su racionalidad perversa, a su funcionamiento.<\/p>\n\n\n\n<p>Pero todav\u00eda no hay la suficiente conciencia, organizaci\u00f3n y  proyectos pol\u00edticos alternativos capaces de articular las fuerzas y propuestas transformadoras que posibiliten abolirlo y reemplazarlo.<\/p>\n\n\n\n<p>Hay si nuevas se\u00f1ales de que el desarrollo de esa necesidad esta cada vez m\u00e1s relacionada con el ejercicio de rebeld\u00edas m\u00e1s conscientes y articuladas, en la que  todas las insumisiones frente a las distintas modalidades de opresi\u00f3n y todas las liberaciones en expansi\u00f3n, se impregnen de un profundo contenido anticapitalista y confluyan en un gran torrente socializante.<\/p>\n","protected":false},"excerpt":{"rendered":"<p>Narciso Isa Conde El capitalismo lleva en sus entra\u00f1as la explotaci\u00f3n de la fuerza de trabajo y la opresi\u00f3n de los seres humanos. En su din\u00e1mica las capacidades f\u00edsicas y mentales de la humanidad resultan ser las \u00fanicas mercanc\u00edas que se compran a un precio muy inferior al precio de las mercanc\u00edas que producen; gener\u00e1ndoles [&hellip;]<\/p>\n","protected":false},"author":1,"featured_media":2258,"comment_status":"open","ping_status":"open","sticky":false,"template":"","format":"standard","meta":{"footnotes":""},"categories":[20,5,16],"tags":[],"_links":{"self":[{"href":"http:\/\/www.movimientocaamanista.com\/index.php?rest_route=\/wp\/v2\/posts\/2257"}],"collection":[{"href":"http:\/\/www.movimientocaamanista.com\/index.php?rest_route=\/wp\/v2\/posts"}],"about":[{"href":"http:\/\/www.movimientocaamanista.com\/index.php?rest_route=\/wp\/v2\/types\/post"}],"author":[{"embeddable":true,"href":"http:\/\/www.movimientocaamanista.com\/index.php?rest_route=\/wp\/v2\/users\/1"}],"replies":[{"embeddable":true,"href":"http:\/\/www.movimientocaamanista.com\/index.php?rest_route=%2Fwp%2Fv2%2Fcomments&post=2257"}],"version-history":[{"count":1,"href":"http:\/\/www.movimientocaamanista.com\/index.php?rest_route=\/wp\/v2\/posts\/2257\/revisions"}],"predecessor-version":[{"id":2259,"href":"http:\/\/www.movimientocaamanista.com\/index.php?rest_route=\/wp\/v2\/posts\/2257\/revisions\/2259"}],"wp:featuredmedia":[{"embeddable":true,"href":"http:\/\/www.movimientocaamanista.com\/index.php?rest_route=\/wp\/v2\/media\/2258"}],"wp:attachment":[{"href":"http:\/\/www.movimientocaamanista.com\/index.php?rest_route=%2Fwp%2Fv2%2Fmedia&parent=2257"}],"wp:term":[{"taxonomy":"category","embeddable":true,"href":"http:\/\/www.movimientocaamanista.com\/index.php?rest_route=%2Fwp%2Fv2%2Fcategories&post=2257"},{"taxonomy":"post_tag","embeddable":true,"href":"http:\/\/www.movimientocaamanista.com\/index.php?rest_route=%2Fwp%2Fv2%2Ftags&post=2257"}],"curies":[{"name":"wp","href":"https:\/\/api.w.org\/{rel}","templated":true}]}}