{"id":2263,"date":"2020-06-14T15:15:40","date_gmt":"2020-06-14T15:15:40","guid":{"rendered":"http:\/\/www.movimientocaamanista.com\/?p=2263"},"modified":"2020-06-21T14:39:22","modified_gmt":"2020-06-21T14:39:22","slug":"cambio-radical","status":"publish","type":"post","link":"http:\/\/www.movimientocaamanista.com\/?p=2263","title":{"rendered":"\u00a1CAMBIO RADICAL!"},"content":{"rendered":"\n<p>Narciso Isa Conde<\/p>\n\n\n\n<p>En lo relacionado con el Estado, Gobierno, poder constituido vigente\u2026 aqu\u00ed hay que cambiarlo todo. A eso llamamos Cambio Radical, que no es simplemente cambiar PLD por PRM, c\u00e1scaras de un mismo palo carcomido. \u00bfPor qu\u00e9 as\u00ed?<\/p>\n\n\n\n<p>El Estado est\u00e1 corrompido. Los partidos tradicionales tambi\u00e9n. Sus estructuras se han convertido en partidocracia vividora de la pol\u00edtica como negocio y reparto, con afiliados y electores transformados en clientela.<\/p>\n\n\n\n<p>A la luz del agravamiento de la crisis sanitaria y desplome de la econom\u00eda, la clase dominante-gobernante (incluyendo Gobierno-PLD, candidato oficialista y Bloque Opositor-PRM-Abinader) y el poder imperial de EEUU, est\u00e1n decididos a darle continuidad a este Estado y esta Constituci\u00f3n neoliberal para volcar sobre el pueblo trabajador el peso aplastante de esta multi-crisis; y por esa raz\u00f3n les importa realizar votaciones con pandemia, con tal de quedarse o subir al gobierno para hacer lo mismo que han hecho durante 50 a\u00f1os.<\/p>\n\n\n\n<p>Por eso, en el marco de esta institucionalidad corrompida, adicta al neoliberalismo y la corruptela, las elecciones de Julio ser\u00edan inservibles (cualesquiera sean los ganadores) para superar esta crisis en funci\u00f3n de las necesidades de nuestro pueblo.<\/p>\n\n\n\n<p>En esas circunstancias s previsible, que en la medida se despeje el p\u00e1nico que acompa\u00f1a al Covid, crecer\u00e1 la indignaci\u00f3n y rebeld\u00eda de un pueblo sometido a crueles privaciones generadas<\/p>\n\n\n\n<p>por la nuevas recetas auspiciadas por FMI, Banco Mundial y oligarqu\u00eda capitalista local y mundial.<\/p>\n\n\n\n<p>Entonces, para comenzar a arreglar esto, debe creare una situaci\u00f3n de protesta generalizada, en la que el sistema institucional no pueda seguir funcionando normalmente por el rechazo activo y masivo de gran parte de la sociedad; lo que requiere que el pueblo haga conciencia de su poder, soberan\u00eda y capacidad para cambiarlo todo, con los medios a su alcance.<\/p>\n\n\n\n<p>Esa es la v\u00eda de la DEMOCRACIA DE CALLE, la cual hay que ejercer cuando \u2013como sucede ahora- no hay ni democracia institucional, ni electoral, ni social. Solo por esa v\u00eda el poder o contra-poder popular forjado en combate y ejerciendo funciones destituyentes, podr\u00eda convertirse en Poder Constituyente, creador en Asamblea Constituyente Popular y Soberana de una nueva Constituci\u00f3n program\u00e1tica, nuevas instituciones y nuevas reglas de juego; creadas con el protagonismo de las fuerzas pol\u00edticas y sociales del CAMBIO RADICAL.<\/p>\n\n\n\n<p>A la ruptura o colapso del poder constituido -a lo que es imposible ponerle fecha- le debe seguir un nuevo gobierno provisional que representado el liderazgo creado al calor de las luchas, paute la continuidad del Proceso Constituyente y enfrente las urgencias populares-nacionales con un profundo sentido de justicia.<\/p>\n","protected":false},"excerpt":{"rendered":"<p>Narciso Isa Conde En lo relacionado con el Estado, Gobierno, poder constituido vigente\u2026 aqu\u00ed hay que cambiarlo todo. A eso llamamos Cambio Radical, que no es simplemente cambiar PLD por PRM, c\u00e1scaras de un mismo palo carcomido. \u00bfPor qu\u00e9 as\u00ed? El Estado est\u00e1 corrompido. Los partidos tradicionales tambi\u00e9n. Sus estructuras se han convertido en partidocracia [&hellip;]<\/p>\n","protected":false},"author":1,"featured_media":2264,"comment_status":"open","ping_status":"open","sticky":false,"template":"","format":"standard","meta":{"footnotes":""},"categories":[20,5,2],"tags":[],"_links":{"self":[{"href":"http:\/\/www.movimientocaamanista.com\/index.php?rest_route=\/wp\/v2\/posts\/2263"}],"collection":[{"href":"http:\/\/www.movimientocaamanista.com\/index.php?rest_route=\/wp\/v2\/posts"}],"about":[{"href":"http:\/\/www.movimientocaamanista.com\/index.php?rest_route=\/wp\/v2\/types\/post"}],"author":[{"embeddable":true,"href":"http:\/\/www.movimientocaamanista.com\/index.php?rest_route=\/wp\/v2\/users\/1"}],"replies":[{"embeddable":true,"href":"http:\/\/www.movimientocaamanista.com\/index.php?rest_route=%2Fwp%2Fv2%2Fcomments&post=2263"}],"version-history":[{"count":1,"href":"http:\/\/www.movimientocaamanista.com\/index.php?rest_route=\/wp\/v2\/posts\/2263\/revisions"}],"predecessor-version":[{"id":2265,"href":"http:\/\/www.movimientocaamanista.com\/index.php?rest_route=\/wp\/v2\/posts\/2263\/revisions\/2265"}],"wp:featuredmedia":[{"embeddable":true,"href":"http:\/\/www.movimientocaamanista.com\/index.php?rest_route=\/wp\/v2\/media\/2264"}],"wp:attachment":[{"href":"http:\/\/www.movimientocaamanista.com\/index.php?rest_route=%2Fwp%2Fv2%2Fmedia&parent=2263"}],"wp:term":[{"taxonomy":"category","embeddable":true,"href":"http:\/\/www.movimientocaamanista.com\/index.php?rest_route=%2Fwp%2Fv2%2Fcategories&post=2263"},{"taxonomy":"post_tag","embeddable":true,"href":"http:\/\/www.movimientocaamanista.com\/index.php?rest_route=%2Fwp%2Fv2%2Ftags&post=2263"}],"curies":[{"name":"wp","href":"https:\/\/api.w.org\/{rel}","templated":true}]}}